{"id":9916,"date":"2021-02-08T22:56:34","date_gmt":"2021-02-08T22:56:34","guid":{"rendered":"https:\/\/montpellier.eelv.fr\/?p=9916"},"modified":"2022-09-05T08:14:07","modified_gmt":"2022-09-05T08:14:07","slug":"conseil-municipal-08-02-2021-affaires-et-interventions-des-elues-ecologistes","status":"publish","type":"post","link":"https:\/\/choisirlecologie.fr\/bienvenue\/conseil-municipal-08-02-2021-affaires-et-interventions-des-elues-ecologistes","title":{"rendered":"[Conseil Municipal] 08\/02\/2021 \u2013 Affaires et interventions des \u00e9lu\u2022es \u00e9cologistes"},"content":{"rendered":"\n<h3 class=\"wp-block-heading\" id=\"rapport-DD\">Affaire 1 &#8211; Pr\u00e9sentation par St\u00e9phane Jouault du Rapport sur le D\u00e9veloppement Durable<\/h3>\n\n\n\n<blockquote class=\"wp-block-quote is-layout-flow wp-block-quote-is-layout-flow\"><p><em>En application de la loi Grenelle 2, la Ville de Montpellier est tenue de pr\u00e9senter, pr\u00e9alablement au vote du budget, un rapport sur sa situation en mati\u00e8re de prise en compte du d\u00e9veloppement durable. Le pr\u00e9sent rapport dresse le bilan de la prise en compte du d\u00e9veloppement durable dans les activit\u00e9s de la Ville pour l\u2019ann\u00e9e 2020.<\/em><\/p><\/blockquote>\n\n\n\n<figure class=\"wp-block-embed is-type-video is-provider-youtube wp-block-embed-youtube wp-embed-aspect-16-9 wp-has-aspect-ratio\"><div class=\"wp-block-embed__wrapper\">\n<iframe loading=\"lazy\" title=\"Conseil Municipal - Lundi 8 f\u00e9vrier 2021\" width=\"1080\" height=\"608\" src=\"https:\/\/www.youtube.com\/embed\/N5uxYuBXcmM?start=3353&#038;feature=oembed\"  allow=\"accelerometer; autoplay; clipboard-write; encrypted-media; gyroscope; picture-in-picture\" allowfullscreen><\/iframe>\n<\/div><figcaption>St\u00e9phane JOUAULT, adjoint au maire en charge de la <strong>Nature en ville et de la Biodiversit\u00e9<\/strong><\/figcaption><\/figure>\n\n\n\n<p><strong>St\u00e9phane Jouault<\/strong>: \u00ab\u00a0Tout d\u2019abord il faut souligner deux points&nbsp;:<\/p>\n\n\n\n<ul class=\"wp-block-list\"><li>Ce rapport 2020 est par d\u00e9finition \u00e0 cheval sur deux mandatures<\/li><li>La r\u00e9daction de ce rapport est un exercice tr\u00e8s contraint puisqu\u2019il r\u00e9pond \u00e0 une commande l\u00e9gale tr\u00e8s pr\u00e9cise qui en dicte le titre et les intitul\u00e9s de chapitres.<\/li><\/ul>\n\n\n\n<p>Le titre m\u00e9riterait pourtant d\u2019\u00eatre modifi\u00e9. L\u2019expression \u00ab\u00a0d\u00e9veloppement durable\u00a0\u00bb est en effet devenue l\u2019arme d&rsquo;un greenwashing massif pour tous ceux dont l\u2019objectif est de produire toujours plus et d\u2019engranger davantage de b\u00e9n\u00e9fices. Je ne vais pas vous faire un cours d\u2019histoire mais, pour m\u00e9moire, l\u2019expression \u00ab\u00a0d\u00e9veloppement durable\u00a0\u00bb qui appara\u00eet dans un rapport de l\u2019ONU en 1987 avant d\u2019\u00eatre mise en avant lors du Sommet de la Terre de Rio en 1992, est le fruit d\u2019une \u00e9poque o\u00f9 &#8211; \u00e0 part quelques \u00e9cologistes \u00e9gar\u00e9s, quelques Ayatollahs de la chlorophylle \u2013 on pensait que l\u2019on pouvait continuer \u00e0 produire plus, qu\u2019il fallait simplement <em>faire un peu attention<\/em>. Autant dire: du pain b\u00e9ni pour ceux qui ont int\u00e9r\u00eat \u00e0 ce que rien ne change.<\/p>\n\n\n\n<p>Agir en faveur du \u00ab\u00a0d\u00e9veloppement durable\u00a0\u00bb pour les grands acteurs \u00e9conomiques c\u2019est faire de la croissance \u00e0 tout prix en faisant croire \u00e0 la population que c\u2019est b\u00e9n\u00e9fique pour la transition \u00e9cologique. C\u2019est devenu une \u00ab\u00a0marque\u00a0\u00bb qui autorise \u00e0 faire n\u2019importe quoi. M\u00e9fions-nous des mots qui deviennent des marques. Derni\u00e8rement j\u2019ai vu une agence immobili\u00e8re en ville qui a pris le nom de \u00ab\u00a0Canop\u00e9e\u00a0\u00bb qui est en train de devenir tr\u00e8s \u00e0 la mode. Cette agence voudrait-elle nous faire croire qu\u2019elle vend des arbres ? La prochaine fois j\u2019entre et je leur demande ce qu\u2019ils ont en micocoulier, en m\u00e9lia ou en gingko biloba en ce moment.<\/p>\n\n\n\n<p>Le \u00ab\u00a0d\u00e9veloppement durable\u00a0\u00bb ce n\u2019est ni du d\u00e9veloppement humain ni du durable. Il conviendrait donc de parler ici d\u2019un rapport sur le \u00ab\u00a0bien-vivre \u00e0 Montpellier\u00a0\u00bb en soulignant les bienfaits de la transition \u00e9cologique dans ses aspects sociaux et environnementaux. C\u2019est dans cette logique que le rapport choisit de mettre en avant deux actions phares&nbsp;de la nouvelle mandature :<\/p>\n\n\n\n<ul class=\"wp-block-list\"><li>La contractualisation Ville-Etat&nbsp;: la Ville s\u2019engage comme Territoire de la Strat\u00e9gie Nationale de Pr\u00e9vention et de Lutte contre la Pauvret\u00e9<\/li><li>La Nouvelle Charte de l\u2019Arbre, la cr\u00e9ation du Comit\u00e9 Arbre et le lancement de l\u2019op\u00e9ration 50000 arbres<\/li><\/ul>\n\n\n\n<p>Je voudrais insister sur le fait que ces deux actions sont les deux faces d\u2019une m\u00eame pi\u00e8ce en faveur du bien-\u00eatre de la population&nbsp;: plusieurs enqu\u00eates scientifiques ont par exemple d\u00e9montr\u00e9 que la v\u00e9g\u00e9talisation avait un impact tr\u00e8s fort sur le ressenti de bien-\u00eatre de la population dans les quartiers d\u00e9favoris\u00e9s, bien plus que dans d\u2019autres quartiers \u00e0 v\u00e9g\u00e9talisation \u00e9gale. V\u00e9g\u00e9taliser c\u2019est de plus cr\u00e9er de l\u2019emploi local et vraiment durable. Les Bosquets Fruitiers par exemple ce sont deux emplois cr\u00e9\u00e9s dans une association qui conduit le projet.<\/p>\n\n\n\n<p>A une plus grande \u00e9chelle, notre nouvelle politique de restauration scolaire est un tr\u00e8s bel exemple de politique de transition \u00e9cologique&nbsp;: c\u2019est l\u2019acc\u00e8s pour tous \u00e0 une nourriture de qualit\u00e9 produite localement. Tarification sociale \u00e0 50 centimes + Agriculture biologique locale + Option v\u00e9g\u00e9tarienne = transition \u00e9cologique = bien-\u00eatre pour tous.<\/p>\n\n\n\n<p>Je ne vais pas d\u00e9velopper davantage mais il est possible de continuer cette d\u00e9monstration avec toutes les mesures mises en avant dans ce rapport:<\/p>\n\n\n\n<ul class=\"wp-block-list\"><li>Les mesures exceptionnelles prises en regard de la crise sanitaire&nbsp;: les Etats G\u00e9n\u00e9raux de la Solidarit\u00e9 avec le CCAS, la mise en place d\u2019un march\u00e9 de la solidarit\u00e9, la cr\u00e9ation d\u2019un fonds de soutien aux associations de commer\u00e7ants, le soutien \u00e0 la fili\u00e8re culturelle<\/li><li>Un tiers-lieu contre la fracture num\u00e9rique<\/li><li>Les grands axes de la politique \u00e9ducative&nbsp;: alimentation, grand plan num\u00e9rique, dispositif \u00ab\u00a0vacances apprenantes\u00a0\u00bb, v\u00e9g\u00e9talisation des cours d\u2019\u00e9cole<\/li><li>\u00c9laboration d\u2019un CLS (contrat local de sant\u00e9)<\/li><li>Les actions de reconstruction de la Ville sur elle-m\u00eame (EAI, C\u00e9vennes)<\/li><li>La politique de la ma\u00eetrise de l\u2019\u00e9nergie avec la d\u00e9marche Green IT<\/li><li>La charte Z\u00e9ro Phyto<\/li><li>Les 23 ha sanctuaris\u00e9s du parc Montcalm<\/li><li>La poursuite de la restructuration du Zoo<\/li><li>La mise en place du PCAET avec la d\u00e9marche Cit\u2019ergie<\/li><\/ul>\n\n\n\n<p>Je m\u2019arr\u00eate l\u00e0. Vous voyez bien l\u2019effet catalogue de ce document tr\u00e8s norm\u00e9 qui ne permet pas d\u2019exposer la r\u00e9alit\u00e9 syst\u00e9mique de notre politique qui doit permettre une v\u00e9ritable transition \u00e9cologique pour offrir les conditions d\u2019un \u00ab\u00a0mieux vivre\u00a0\u00bb. Mais chacun-e pourra quand m\u00eame y lire les premiers jalons de notre politique de transition \u00e9cologique.<\/p>\n\n\n\n<hr class=\"wp-block-separator is-style-wide\"\/>\n\n\n\n<h3 class=\"wp-block-heading\" id=\"BP2021\">Affaire 2 &#8211; <strong>Intervention de St\u00e9phane Jouault sur le budget primitif 2021<\/strong><\/h3>\n\n\n\n<figure class=\"wp-block-embed is-type-video is-provider-youtube wp-block-embed-youtube wp-embed-aspect-16-9 wp-has-aspect-ratio\"><div class=\"wp-block-embed__wrapper\">\n<iframe loading=\"lazy\" title=\"Conseil Municipal - Lundi 8 f\u00e9vrier 2021\" width=\"1080\" height=\"608\" src=\"https:\/\/www.youtube.com\/embed\/N5uxYuBXcmM?start=9362&#038;feature=oembed\"  allow=\"accelerometer; autoplay; clipboard-write; encrypted-media; gyroscope; picture-in-picture\" allowfullscreen><\/iframe>\n<\/div><figcaption>St\u00e9phane JOUAULT, adjoint au maire en charge de la <strong>Nature en ville et de la Biodiversit\u00e9<\/strong><\/figcaption><\/figure>\n\n\n\n<p><strong>St\u00e9phane Jouault<\/strong>: \u00ab\u00a0Avec ce budget 2021, premier budget de notre mandature, ce sont les grandes orientations de notre politique pour changer la Ville que nous mettons en \u0153uvre.<\/p>\n\n\n\n<div class=\"wp-block-group\"><div class=\"wp-block-group__inner-container is-layout-flow wp-block-group-is-layout-flow\">\n<ul class=\"wp-block-list\"><li>Changer la Ville c\u2019est investir massivement pour la transition \u00e9cologique. Nous nous f\u00e9licitons que cette transition soit au c\u0153ur de ce budget.<\/li><\/ul>\n\n\n\n<ul class=\"wp-block-list\"><li>Changer la Ville c\u2019est v\u00e9g\u00e9taliser l\u2019espace public, les cours d\u2019\u00e9cole, c\u2019est cr\u00e9er des for\u00eats urbaines d\u00e8s 2021<\/li><\/ul>\n\n\n\n<ul class=\"wp-block-list\"><li>Changer la Ville c\u2019est investir pour des dizaines d\u2019hectares sanctuaris\u00e9s : au parc Montcalm, \u00e0 Cambac\u00e9r\u00e8s, aux Bouisses d\u00e8s 2021. C\u2019est d\u00e9velopper l\u2019agriculture urbaine partout o\u00f9 c\u2019est possible : dans les agriparcs, sur les toits, d\u00e8s 2021. Cette politique directe de renaturation de la ville b\u00e9n\u00e9ficie d&rsquo;un budget global de 1,3 million d&rsquo;euros pour 2021.<\/li><\/ul>\n\n\n\n<ul class=\"wp-block-list\"><li>Changer la ville, c&rsquo;est permettre aux 15.000 enfants d&rsquo;acc\u00e9der quotidiennement \u00e0 des repas sains et de qualit\u00e9 :le projet de construction des nouvelles unit\u00e9s d\u00e9centralis\u00e9es de production alimentaire avec un investissement initial de 1,2 million d&rsquo;euros sera lanc\u00e9&nbsp; d\u00e8s 2021. Par ailleurs, le budget des denr\u00e9es alimentaires conna\u00eetra une \u00e9volution de +22% soit +500.000 euros consacr\u00e9s notamment \u00e0 l&rsquo;introduction de la viande bio dans les repas des enfants d\u00e8s 2021<\/li><\/ul>\n\n\n\n<ul class=\"wp-block-list\"><li>Changer la Ville c\u2019est soumettre chaque euro d\u00e9pens\u00e9 au principe d\u2019\u00e9co-conditionnalit\u00e9 d\u00e8s 2021. C\u2019est tout le travail de Catherine Ribot \u00e9lue \u00e9cologiste d\u00e9l\u00e9gu\u00e9e \u00e0 la commande publique \u00e9co-responsable.<\/li><\/ul>\n\n\n\n<ul class=\"wp-block-list\"><li>Changer la Ville c\u2019est agir sur les mobilit\u00e9s : gr\u00e2ce aux fonds de concours et \u00e0 la M\u00e9tropole, c&rsquo;est la poursuite des pistes cyclables et un grand plan pi\u00e9ton qui s&rsquo;annonce. Mais c\u2019est aussi la nouvelle politique tarifaire du stationnement qui entre en vigueur d\u00e8s 2021.<\/li><\/ul>\n\n\n\n<ul class=\"wp-block-list\"><li>Changer la ville, c&rsquo;est agir en faveur du bien-\u00eatre animal, pour la protection de la biodiversit\u00e9, et pour la sauvegarde des esp\u00e8ces, avec pr\u00e8s d&rsquo;1 million d&rsquo;euro pour le zoo du Lunaret et l&rsquo;installation d&rsquo;un premier pigeonnier contraceptif d\u00e8s 2021.<\/li><\/ul>\n\n\n\n<ul class=\"wp-block-list\"><li>Changer la ville, c&rsquo;est porter haut l&rsquo;\u00e9galit\u00e9 femmes-hommes dans toutes nos politiques publiques, dans les actions d&rsquo;\u00e9ducation et de formation : sensibilisation \u00e0 la notion de consentement pour les plus jeunes et formation \u00e0 la lutte contre les violences sexuelles et sexistes seront mises en place d\u00e8s 2021.<\/li><\/ul>\n\n\n\n<ul class=\"wp-block-list\"><li>Changer la ville, c&rsquo;est aussi la lutte contre les nuisances visuelles et sonores qui se concr\u00e9tisera par le lancement d&rsquo;un plan lumi\u00e8re et un plan bruit d\u00e8s 2021<\/li><\/ul>\n\n\n\n<ul class=\"wp-block-list\"><li>Enfin, Changer la Ville c\u2019est \u00e0 l\u2019avenir r\u00e9fl\u00e9chir \u00e0 de nouvelles recettes fiscales pour acc\u00e9l\u00e9rer la transition \u00e9cologique et sociale : c\u2019est poser notamment la question d\u2019une hausse de la taxe d\u2019habitation pour les r\u00e9sidences secondaires, c\u2019est se r\u00e9interroger sur la politique tarifaire de la restauration scolaire en fonction des revenus et des capacit\u00e9s de chacun.<\/li><\/ul>\n<\/div><\/div>\n\n\n\n<p>Toutes ces politiques publiques sont port\u00e9es par les \u00e9lu-es \u00e9cologistes. Et avec ce budget ambitieux, inscrit dans un plan pluri-annuel r\u00e9aliste, nous nous donnons les moyens de mettre ces politiques en \u0153uvre.&nbsp;<br>Comme \u00e0 la M\u00e9tropole, nous veillerons \u00e0 <strong>ce que, au travers de ses investissements, la Ville de Montpellier respecte ses propres ressources naturelles, et s&rsquo;inscrive dans la trajectoire de l\u2019Accord de Paris<\/strong> et de la neutralit\u00e9 carbone.&nbsp;Notre objectif, rappelons-le: faire de Montpellier une ville r\u00e9siliente.&nbsp;<br>Mais nous, \u00e9lu-es \u00e9cologistes, nous f\u00e9licitons d\u2019avoir les moyens d\u00e8s 2021 de faire v\u00e9ritablement entrer Montpellier dans la transition \u00e9cologique.<\/p>\n\n\n\n<hr class=\"wp-block-separator is-style-wide\"\/>\n\n\n\n<h3 class=\"wp-block-heading\" id=\"TZCLD\">Affaire 2 (budget) &#8211; <strong>Intervention du Mustapha Laoukiri sur le \u00ab\u00a0Territoire Z\u00e9ro Ch\u00f4meur de longue dur\u00e9e\u00a0\u00bb<\/strong><\/h3>\n\n\n\n<figure class=\"wp-block-embed is-type-video is-provider-youtube wp-block-embed-youtube wp-embed-aspect-16-9 wp-has-aspect-ratio\"><div class=\"wp-block-embed__wrapper\">\n<iframe loading=\"lazy\" title=\"Conseil Municipal - Lundi 8 f\u00e9vrier 2021\" width=\"1080\" height=\"608\" src=\"https:\/\/www.youtube.com\/embed\/N5uxYuBXcmM?start=7571&#038;feature=oembed\"  allow=\"accelerometer; autoplay; clipboard-write; encrypted-media; gyroscope; picture-in-picture\" allowfullscreen><\/iframe>\n<\/div><figcaption>Intervention de Mustapha Laoukiri, adjoint au maire d\u00e9l\u00e9gu\u00e9 \u00e0 l&#8217;emploi et la cr\u00e9ation d&rsquo;entreprises<\/figcaption><\/figure>\n\n\n\n<p>La privation d\u2019emploi n\u2019est pas une fatalit\u00e9! Voil\u00e0 le d\u00e9fi de l\u2019exp\u00e9rimentation \u00ab\u00a0Territoire z\u00e9ro ch\u00f4meur\u00a0\u00bb. Vot\u00e9e en avril 2016 \u00e0 l\u2019initiative de Laurent Grandguillaume alors d\u00e9put\u00e9, une proposition de loi a permis de donner corps \u00e0 cette id\u00e9e imagin\u00e9e par Patrick Valentin, militant d\u2019ATD Quart Monde. En 2020 apr\u00e8s un vote \u00e0 l\u2019unanimit\u00e9 aux deux Assembl\u00e9es, l\u2019exp\u00e9rimentation est \u00e9largie \u00e0 50 territoires. Nous souhaitons inscrire notre territoire dans cette dynamique et de ce fait, nous porter candidat. Cette exp\u00e9rimentation repose sur un triptyque :<\/p>\n\n\n\n<ol class=\"wp-block-list\"><li>Personne n\u2019est <em>inemployable<\/em>;<\/li><li>Il existe nombre de travaux non d\u00e9-localisables qui n\u2019int\u00e9ressent plus certains acteurs de l\u2019\u00e9conomie classique;<\/li><li>Il y a de l\u2019argent qu\u2019on peut utiliser diff\u00e9remment (d\u00e9penses passives).<\/li><\/ol>\n\n\n\n<p>Dans le cadre du budget \u00e9labor\u00e9 pour l\u2019action sociale, la solidarit\u00e9 et la lutte contre les in\u00e9galit\u00e9s, nous nous inscrivons plus que jamais dans la lutte contre la pauvret\u00e9 qui vise \u00e0 renouer avec l\u2019accompagnement vers l\u2019emploi, mais \u00e9galement l\u2019accompagnement social.<\/p>\n\n\n\n<hr class=\"wp-block-separator is-style-wide\"\/>\n\n\n\n<h3 class=\"wp-block-heading\" id=\"BP2021-egalite\">Affaire 2 (budget) &#8211; <strong>Intervention de Fatma Nakib<\/strong><\/h3>\n\n\n\n<figure class=\"wp-block-embed is-type-video is-provider-youtube wp-block-embed-youtube wp-embed-aspect-16-9 wp-has-aspect-ratio\"><div class=\"wp-block-embed__wrapper\">\n<iframe loading=\"lazy\" title=\"Conseil Municipal - Lundi 8 f\u00e9vrier 2021\" width=\"1080\" height=\"608\" src=\"https:\/\/www.youtube.com\/embed\/N5uxYuBXcmM?start=8600&#038;feature=oembed\"  allow=\"accelerometer; autoplay; clipboard-write; encrypted-media; gyroscope; picture-in-picture\" allowfullscreen><\/iframe>\n<\/div><figcaption>Fatma NAKIB, adjointe \u00e0 l\u2019<strong>\u00c9galit\u00e9 et aux droits des femmes<\/strong><\/figcaption><\/figure>\n\n\n\n<p><strong>Fatma Nakib<\/strong>: \u00ab\u00a0L\u2019\u00e9ducation est essentielle pour parvenir \u00e0 transmettre une culture du respect et de l\u2019\u00e9galit\u00e9 \u00e0 celles et ceux qui construiront la soci\u00e9t\u00e9 de demain. La jeunesse appelle avec force les pouvoirs publiques \u00e0 prendre en compte les in\u00e9galit\u00e9s femmes\/hommes. Les interventions propos\u00e9es aupr\u00e8s de jeunes scolaris\u00e9s, avec des outils ludiques et p\u00e9dagogiques, auront pour but la d\u00e9construction des st\u00e9r\u00e9otypes de genre. Il s\u2019agit donc:<\/p>\n\n\n\n<ul class=\"wp-block-list\"><li>d&rsquo;identifier et d\u00e9construire ces st\u00e9r\u00e9otypes sexu\u00e9s<\/li><li>de lutter contre les repr\u00e9sentations et discriminations de genre<\/li><li>de pr\u00e9venir les comportements et violences sexistes.<\/li><\/ul>\n\n\n\n<p>En ce qui concerne le \u00ab\u00a0Label \u00c9galit\u00e9 et diversit\u00e9 professionnelle\u00a0\u00bb, cr\u00e9\u00e9 en 2005 \u00e0 l\u2019initiative des pouvoirs publics avec les partenaires sociaux, il est un signe d\u2019exemplarit\u00e9 qui distingue une organisation \u0153uvrant efficacement et en permanence pour l\u2019\u00e9galit\u00e9 et la mixit\u00e9 professionnelle. Avec l\u2019alliance de ces deux labels, AFNOR Certification valorisera l\u2019ensemble de nos engagements pour une collectivit\u00e9 qui se veut plus exemplaire et attractive.<\/p>\n\n\n\n<p>Les slides du budget ne pr\u00e9sentent pas l&rsquo;ensemble de nos missions, mais je voudrais pr\u00e9ciser que beaucoup d\u2019autres projets sont en cours de construction, tels que la cr\u00e9ation d\u2019une commission inter associatives, l\u2019implantation \u00e0 Montpellier (en collaboration avec l\u2019\u00c9tat et le D\u00e9partement) d&rsquo;applications telles que \u00ab\u00a0App\u2019elles\u00a0\u00bb et \u00ab\u00a0Flag\u00a0\u00bb contre le harc\u00e8lement et les violences de rue, etc\u2026 Tous ces projets se co-construisent avec les diff\u00e9rentes directions de la ville, en transversalit\u00e9, mais aussi avec les associations et les citoyens.<\/p>\n\n\n\n<h3 class=\"wp-block-heading\" id=\"SPASER\">Affaire 2 (budget) &#8211; <strong>Intervention de <\/strong>Catherine Ribot sur le SPASER*<\/h3>\n\n\n\n<figure class=\"wp-block-embed is-type-video is-provider-youtube wp-block-embed-youtube wp-embed-aspect-16-9 wp-has-aspect-ratio\"><div class=\"wp-block-embed__wrapper\">\n<iframe loading=\"lazy\" title=\"Conseil Municipal - Lundi 8 f\u00e9vrier 2021\" width=\"1080\" height=\"608\" src=\"https:\/\/www.youtube.com\/embed\/N5uxYuBXcmM?start=8790&#038;feature=oembed\"  allow=\"accelerometer; autoplay; clipboard-write; encrypted-media; gyroscope; picture-in-picture\" allowfullscreen><\/iframe>\n<\/div><figcaption>Catherine Ribot, d\u00e9l\u00e9gu\u00e9e aux <strong>March\u00e9s publics et \u00e0 la commande publique \u00e9co-responsable<\/strong><\/figcaption><\/figure>\n\n\n\n<p>Je voulais vous dire quelques mots au sujet du slide concernant l&rsquo;\u00e9laboration d&rsquo;un SPASER*. Depuis 2015, les collectivit\u00e9s territoriales ont l\u2019obligation d\u2019adopter et de publier un (*)Sch\u00e9ma de Promotion des Achats Publics Socialement et \u00c9cologiquement Responsables (SPASER), lorsque le montant total annuel des achats est sup\u00e9rieur \u00e0 100 millions d\u2019euros H.T. Il s\u2019agit d\u2019\u00e9laborer une v\u00e9ritable strat\u00e9gie d\u2019achats publics, d\u2019inscrire la politique d\u2019achat de la ville dans une d\u00e9marche lui permettant de doter syst\u00e9matiquement ses march\u00e9s publics de clauses sociales et environnementales. Cette priorit\u00e9 sera prise en compte&nbsp;:<\/p>\n\n\n\n<ul class=\"wp-block-list\"><li>pour les produits et services achet\u00e9s par la ville (produits \u00e0 haute performance \u00e9nerg\u00e9tique, achats de papier, d\u2019appareils d\u2019impression, de fournitures, de mobiliers, de v\u00eatements, de mat\u00e9riel de bureautique, etc\u2026)&nbsp;;<\/li><li>mais aussi pour d\u00e9terminer des objectifs de passation de march\u00e9s publics comportant des \u00e9l\u00e9ments \u00e0 caract\u00e8re social, visant \u00e0 concourir \u00e0 l&rsquo;int\u00e9gration sociale et professionnelle de certaines cat\u00e9gories de travailleurs.<\/li><\/ul>\n\n\n\n<p>Ce sch\u00e9ma est important, il contribue \u00e0 la promotion d&rsquo;une \u00e9conomie circulaire. C\u2019est un levier d\u00e9terminant de d\u00e9veloppement \u00e9conomique. <\/p>\n\n\n\n<hr class=\"wp-block-separator is-style-wide\"\/>\n\n\n\n<h3 class=\"wp-block-heading\" id=\"Tastavin\">Affaire 5 &#8211; Pr\u00e9sentation par St\u00e9phane Jouault de l&rsquo;ouverture prochaine du Parc Tastavin \u00e0 la population<\/h3>\n\n\n\n<blockquote class=\"wp-block-quote is-layout-flow wp-block-quote-is-layout-flow\"><p>Cette affaire concerne la passation d&rsquo;une convention de transfert de gestion entre l\u2019\u00c9tat et la Ville sur le parc de l\u2019aspirant Tastavin, rue Lakanal, pour une dur\u00e9e de 30 ans renouvelable, en vue de son ouverture au public en 2021. Compte tenu de la charge financi\u00e8re pour la Ville qui r\u00e9alisera des travaux de remise en \u00e9tat et d&rsquo;am\u00e9nagement de l\u2019\u00e9quipement tout en assurant son entretien et son fonctionnement, le transfert de gestion est consenti par l\u2019\u00c9tat \u00e0 titre gratuit.<\/p><\/blockquote>\n\n\n\n<figure class=\"wp-block-embed is-type-video is-provider-youtube wp-block-embed-youtube wp-embed-aspect-16-9 wp-has-aspect-ratio\"><div class=\"wp-block-embed__wrapper\">\n<iframe loading=\"lazy\" title=\"Conseil Municipal - Lundi 8 f\u00e9vrier 2021\" width=\"1080\" height=\"608\" src=\"https:\/\/www.youtube.com\/embed\/N5uxYuBXcmM?start=11712&#038;feature=oembed\"  allow=\"accelerometer; autoplay; clipboard-write; encrypted-media; gyroscope; picture-in-picture\" allowfullscreen><\/iframe>\n<\/div><figcaption>St\u00e9phane JOUAULT, adjoint au maire en charge de la <strong>Nature en ville et de la Biodiversit\u00e9<\/strong><\/figcaption><\/figure>\n\n\n\n<p><strong>St\u00e9phane Jouault<\/strong>: \u00ab\u00a0Je voudrais remercier le Conseil d\u2019Administration de la Cit\u00e9 Scolaire Fran\u00e7oise Combes et sa proviseure qui ont permis le transfert d\u2019usage du parc Tastavin \u00e0 la Ville de Montpellier. D\u2019une superficie de 5000m2 soit un demi hectare, c\u2019est un espace plant\u00e9 d&rsquo;arbres magnifiques qui va \u00eatre offert aux Montpelli\u00e9rains et Montpelli\u00e9raines. Il sera ouvert au cours de ce premier semestre 2021. Tout comme le parc Ren\u00e9 Dumont, dans la ZAC Nouveau St Roch, qui, je le sais, est tr\u00e8s attendu par les habitant.e.s du quartier. Ce transfert d\u2019usage du parc Tastavin s\u2019inscrit dans notre programme \u00ab\u00a0Montpellier Ville Nature\u00a0\u00bb qui pr\u00e9voit la pr\u00e9servation et l\u2019ouverture aux Montpelli\u00e9rain.e.s de dizaines d\u2019hectares d\u2019espaces verts.<\/p>\n\n\n\n<hr class=\"wp-block-separator is-style-wide\"\/>\n\n\n\n<h3 class=\"wp-block-heading\" id=\"Affaire-10\">Affaire 10 &#8211; Intervention de Fatma Nakib sur les attributions financi\u00e8res aux artistes du spectacle vivant <\/h3>\n\n\n\n<blockquote class=\"wp-block-quote is-layout-flow wp-block-quote-is-layout-flow\"><p>Il est propos\u00e9 d\u2019adopter les grands principes qui permettront d\u2019orienter les attributions financi\u00e8res et les soutiens de la Ville aux artistes du spectacle vivant : \u00e9tude des d\u00e9p\u00f4ts de demandes en accord avec les comp\u00e9tences de la Ville afin d\u2019\u00e9viter aux artistes les d\u00e9p\u00f4ts de dossiers en doublons avec la Ville ; suppression de la logique de reconduction des aides afin de soutenir de nouvelles structures et de nouveaux projets ; instauration d\u2019une aide plancher de 1000 \u20ac ; d\u00e9finition de crit\u00e8res d\u2019analyse des aides \u00e0 la r\u00e9sidence, aides \u00e0 la cr\u00e9ation et \u00e0 la production ; constitution de commissions et d\u2019appels \u00e0 projets ; attribution des aides tout au long de l\u2019ann\u00e9e.<\/p><\/blockquote>\n\n\n\n<figure class=\"wp-block-embed is-type-video is-provider-youtube wp-block-embed-youtube wp-embed-aspect-16-9 wp-has-aspect-ratio\"><div class=\"wp-block-embed__wrapper\">\n<iframe loading=\"lazy\" title=\"Conseil Municipal - Lundi 8 f\u00e9vrier 2021\" width=\"1080\" height=\"608\" src=\"https:\/\/www.youtube.com\/embed\/N5uxYuBXcmM?start=14751&#038;feature=oembed\"  allow=\"accelerometer; autoplay; clipboard-write; encrypted-media; gyroscope; picture-in-picture\" allowfullscreen><\/iframe>\n<\/div><figcaption>Fatma NAKIB, adjointe \u00e0 l&rsquo;<strong>Egalit\u00e9 et aux droits des femmes<\/strong><\/figcaption><\/figure>\n\n\n\n<p><strong>Fatma Nakib<\/strong>: \u00ab\u00a0Tout d\u2019abord il faut souligner l\u2019effort fait pour inscrire la parit\u00e9 et l\u2019\u00e9quit\u00e9 dans l\u2019attention qui se porte aux propositions artistiques. Le \u00ab\u00a0monde d\u2019apr\u00e8s\u00a0\u00bb ne se construira pas sans changement vers l\u2019\u00e9galit\u00e9 femmes \/ hommes et m\u00eame si le chemin est encore long, je note une r\u00e9elle volont\u00e9 de la part de la direction de la culture, mais aussi des autres directions de la ville sous l\u2019impulsion nouvelle de leurs \u00e9lu.es.<\/p>\n\n\n\n<p>Dans cette d\u00e9lib\u00e9ration, nous avons des propositions nouvelles : R\u00e9sidences d\u2019artistes qui se g\u00e9n\u00e9ralisent sur le territoire, action culturelle en d\u00e9coulant et permettant d\u2019appr\u00e9hender la ville autrement pour les \u00e9quipes artistiques, mais aussi pour les habitants \u00e0 qui l\u2019on envoie ainsi un message de partage et d\u2019acc\u00e8s \u00e0 la cr\u00e9ation artistique. \u00c9galement La volont\u00e9 affich\u00e9e pour la mutualisation des moyens : le partage des bureaux et lieux de travail sera notamment soutenu et encourag\u00e9, ce qui est une vraie politique de soutien aux \u00e9quipes artistiques qui, rappelons le, souffrent beaucoup en ce moment et ont du mal \u00e0 envisager l\u2019avenir. Je retiens enfin, et c\u2019est pour moi qui suis une professionnelle du spectacle vivant, la volont\u00e9 forte d\u2019afficher de la clart\u00e9 dans les choix qui seront op\u00e9r\u00e9s avec potentiellement l\u2019intervention de personnalit\u00e9s qualifi\u00e9es dans le traitement des demandes de subventions. Je finirai simplement en vous disant que l\u2019instauration d\u2019un conventionnement pluriannuel offrira aux compagnies qui le souhaitent, d\u2019\u00eatre soutenues \u00e9conomiquement et cela, c\u2019est une premi\u00e8re que je tiens \u00e0 saluer.<\/p>\n\n\n\n<hr class=\"wp-block-separator is-style-wide\"\/>\n\n\n\n<h3 class=\"wp-block-heading\" id=\"Affaire-11\">Affaire 11 &#8211; Intervention de Bruno Paternot dans le cadre de l&rsquo;accompagnement au num\u00e9rique <\/h3>\n\n\n\n<blockquote class=\"wp-block-quote is-layout-flow wp-block-quote-is-layout-flow\"><p>La Ville de Montpellier et la M\u00e9tropole sont engag\u00e9es dans une strat\u00e9gie de citoyennet\u00e9 num\u00e9rique. Dans le cadre du Plan de relance de l\u2019\u00c9tat, des fonds sont mobilis\u00e9s pour cr\u00e9er des solutions d&rsquo;accompagnement au num\u00e9rique, notamment par le biais de conseillers num\u00e9riques. Il est ainsi propos\u00e9 la cr\u00e9ation de 4 contrats de projets dont la r\u00e9mun\u00e9ration est financ\u00e9e par l\u2019\u00c9tat.<\/p><\/blockquote>\n\n\n\n<div class=\"wp-block-group\"><div class=\"wp-block-group__inner-container is-layout-flow wp-block-group-is-layout-flow\">\n<figure class=\"wp-block-embed is-type-video is-provider-youtube wp-block-embed-youtube wp-embed-aspect-16-9 wp-has-aspect-ratio\"><div class=\"wp-block-embed__wrapper\">\n<iframe loading=\"lazy\" title=\"Conseil Municipal - Lundi 8 f\u00e9vrier 2021\" width=\"1080\" height=\"608\" src=\"https:\/\/www.youtube.com\/embed\/N5uxYuBXcmM?start=14913&#038;feature=oembed\"  allow=\"accelerometer; autoplay; clipboard-write; encrypted-media; gyroscope; picture-in-picture\" allowfullscreen><\/iframe>\n<\/div><figcaption>Audio: Bruno Paternot, conseiller d\u00e9l\u00e9gu\u00e9 \u00e0 l&rsquo;<strong>Esth\u00e9tique lumineuse et \u00e0 l&rsquo;ambiance sonore de la ville<\/strong><\/figcaption><\/figure>\n\n\n\n<p><strong>Bruno Paternot<\/strong>: \u00ab\u00a0Les \u00e9cologistes pr\u00f4nent la r\u00e9silience mais pas le retour \u00e0 la bougie, sauf si on est romantique. Les \u00e9cologeeks sont tr\u00e8s pr\u00e9occup\u00e9.es par la fracture num\u00e9rique&nbsp;: la d\u00e9mocratie va passer par la ma\u00eetrise du code, la d\u00e9mocratie va passer par l\u2019agilit\u00e9 num\u00e9rique. Et nous n\u2019avons pas le droit de laisser qui que ce soit aux portes des internets.<\/p>\n\n\n\n<p>La municipalit\u00e9 d\u00e9veloppe d\u00e9j\u00e0 une politique d\u2019inclusion num\u00e9rique hors les murs pour apprendre \u00e0 tout le monde, partout et tout le temps. Les Ideas Box, reprises par le r\u00e9seau des m\u00e9diath\u00e8ques, font que si les gens ne vont pas au num\u00e9rique, le num\u00e9rique viendra \u00e0 toi.<\/p>\n\n\n\n<p>Combien de personnes t\u00e9l\u00e9chargent une appli payante sans s\u2019en rendre compte&nbsp;? Combien de personnes vont \u00eatre coinc\u00e9es par leur banque ou dans leurs d\u00e9marches administratives car il faut <em>uploader dans le cloud un doodle pour le prochain CoPil <\/em>?<\/p>\n\n\n\n<p>Le num\u00e9rique est dans tous les domaines de la vie, de la ville. Si nous allons faire en sorte qu\u2019il y ait plus d\u2019humain et moins d\u2019\u00e9crans, il faut aussi aider et accompagner au maximum dans tous les quartiers qui rel\u00e8vent de la politique de la ville. Mettons les animateurs et animatrices du num\u00e9rique sur les places des quartiers plus que dans les tiers-lieux \u00e0 c\u00f4t\u00e9 d\u2019une bi\u00e8re \u00e0 8\u20ac. Car mon exp\u00e9rience associative me montre chaque jour que la fracture num\u00e9rique n\u2019est pas une fracture d\u2019\u00e2ge mais bien une fracture sociale. Et l\u2019on peut apprendre, en m\u00eame temps qu\u2019on apprend \u00e0 g\u00e9rer une visio ou \u00e0 faire un montage d\u2019images, \u00e0 avoir une utilisation raisonn\u00e9e du num\u00e9rique&nbsp;: opensources, s\u00e9curisation des documents, \u00e9conomies d\u2019\u00e9nergies etc. Et \u00e7a aussi, \u00e7a fait partie de l\u2019inclusion.<\/p>\n\n\n\n<hr class=\"wp-block-separator is-style-wide\"\/>\n\n\n\n<p><\/p>\n<\/div><\/div>\n\n\n\n<h3 class=\"wp-block-heading\" id=\"Affaire-13\">Affaire 13 &#8211; Intervention de Marie Massart \u00e0 propos du nouveau March\u00e9 Paysan des Aubes<\/h3>\n\n\n\n<blockquote class=\"wp-block-quote is-layout-flow wp-block-quote-is-layout-flow\"><p>A la fin du premier confinement, le Comit\u00e9 de quartier des Aubes et l&rsquo;association Animation et Vie des Aubes avec l&rsquo;appui de l&rsquo;association des March\u00e9s Paysans de l&rsquo;H\u00e9rault ont mis en place un point de retrait hebdomadaire pour permettre aux producteurs de livrer directement aux particuliers. Afin de p\u00e9renniser cette initiative, il est propos\u00e9 de transformer ce point de retrait en un march\u00e9 Paysan hebdomadaire et d\u2019en donner la gestion \u00e0 l\u2019association \u00ab\u00a0March\u00e9s Paysans\u00a0\u00bb. Ce march\u00e9 se tiendrait tous les mercredis de 16h30 \u00e0 19h00.<\/p><\/blockquote>\n\n\n\n<figure class=\"wp-block-embed is-type-video is-provider-youtube wp-block-embed-youtube wp-embed-aspect-16-9 wp-has-aspect-ratio\"><div class=\"wp-block-embed__wrapper\">\n<iframe loading=\"lazy\" title=\"Conseil Municipal - Lundi 8 f\u00e9vrier 2021\" width=\"1080\" height=\"608\" src=\"https:\/\/www.youtube.com\/embed\/N5uxYuBXcmM?start=15204&#038;feature=oembed\"  allow=\"accelerometer; autoplay; clipboard-write; encrypted-media; gyroscope; picture-in-picture\" allowfullscreen><\/iframe>\n<\/div><figcaption>Intervention de Marie Massart, adjointe au maire d\u00e9l\u00e9gu\u00e9e \u00e0 la <strong>politique alimentaire et \u00e0 l&rsquo;agriculture urbaine<\/strong><\/figcaption><\/figure>\n\n\n\n<p><strong>Marie Massart<\/strong>: \u00ab\u00a0Je voulais insister sur l&rsquo;importance de ce 2\u00e8me March\u00e9 Paysan co-g\u00e9r\u00e9 par la municipalit\u00e9 et l&rsquo;association \u00ab\u00a0March\u00e9s Paysans\u00a0\u00bb. Il y a d&rsquo;autres initiatives sur le territoire, municipales et\/ou priv\u00e9es et il faut vraiment les encourager. Il est important, pour les consommateurs de pouvoir avoir l\u2019assurance de b\u00e9n\u00e9ficier de produits locaux, en circuit court, et de qualit\u00e9. Ces produits doivent pouvoir \u00eatre accessibles au plus grand nombre, y compris aux familles les plus pr\u00e9caires, sans pour autant tirer les prix vers le bas et de fait les revenus des producteurs. Des solutions existent et nous y travaillons.<\/p>\n\n\n\n<hr class=\"wp-block-separator is-style-wide\"\/>\n\n\n\n<h3 class=\"wp-block-heading\" id=\"Affaires-19-20\">Affaires 19 et 20 &#8211; Intervention de Mustapha Laoukiri sur le projet ANRU pour les quartiers Mosson et C\u00e9vennes<\/h3>\n\n\n\n<blockquote class=\"wp-block-quote is-layout-flow wp-block-quote-is-layout-flow\"><p>Le projet de renouvellement urbain du quartier de la Mosson pr\u00e9voit une importante restructuration de la polarit\u00e9 commerciale situ\u00e9e au sud du quartier. Pour assurer la p\u00e9rennit\u00e9 de son fonctionnement, la Ville et la M\u00e9tropole ont fait appel \u00e0 l\u2019ANCT. Le montant d\u2019investissement global de cette op\u00e9ration pr\u00e9vue en deux temps de 2023 \u00e0 2027, est de 8.871.290\u20ac HT. L\u2019ANCT contribuera \u00e0 hauteur de 4.327.830\u20ac, la M\u00e9tropole \u00e0 hauteur de 2.965.758\u20ac et l\u2019ANRU apportera une subvention de 1.457.200\u20ac.<\/p><\/blockquote>\n\n\n\n<figure class=\"wp-block-embed is-type-video is-provider-youtube wp-block-embed-youtube wp-embed-aspect-16-9 wp-has-aspect-ratio\"><div class=\"wp-block-embed__wrapper\">\n<iframe loading=\"lazy\" title=\"Conseil Municipal - Lundi 8 f\u00e9vrier 2021\" width=\"1080\" height=\"608\" src=\"https:\/\/www.youtube.com\/embed\/N5uxYuBXcmM?start=17259&#038;feature=oembed\"  allow=\"accelerometer; autoplay; clipboard-write; encrypted-media; gyroscope; picture-in-picture\" allowfullscreen><\/iframe>\n<\/div><figcaption>Mustapha Laoukiri, adjoint d\u00e9l\u00e9gu\u00e9 \u00e0 l&rsquo;<strong>Emploi et \u00e0 la cr\u00e9ation d&rsquo;entreprises<\/strong><\/figcaption><\/figure>\n\n\n\n<p><strong>Mustapha Laoukiri<\/strong>: \u00ab\u00a0Ce projet de renouvellement urbain, les habitants des quartiers concern\u00e9s mais aussi les montpelli\u00e9rains l\u2019attendent depuis de nombreuses ann\u00e9es. Nous nous inscrivons totalement dans cette dynamique, cette ambition de redonner \u00e0 ces quartiers toute leur place dans la ville, en recr\u00e9ant des espaces de vie, des commerces dignes de ce nom, et en y implantant des services souvent trop souvent absents de ces territoires, qui sont nos territoires, notre histoire, notre ville. Avec Coralie MANTION \u00e0 la m\u00e9tropole, nous nous y employons chaque jour. L\u2019ANRU portant sur la Paillade et les C\u00e9vennes est une ambition \u00e0 hauteur de notre engagement et c\u2019est une promesse que l\u2019on fait \u00e0 notre ville, celle d\u2019une ville r\u00e9siliente qui ne laisse aucun quartier \u00e0 l\u2019abandon; nous voulons une ville \u00e0 dimension humaine, une ville engag\u00e9e et des quartiers r\u00e9invent\u00e9s, redonner de la fiert\u00e9 aux habitant-es de ces quartiers, des quartiers avec leur propre histoire, leur propre identit\u00e9, ce sont ces quartiers qui font ce qu\u2019est Montpellier.<\/p>\n\n\n\n<hr class=\"wp-block-separator is-style-wide\"\/>\n\n\n\n<h3 class=\"wp-block-heading\" id=\"Affaire-21\">Affaire 21 : Intervention de Coralie Mantion concernant le projet Oxylane \u00e0 Saint Cl\u00e9ment de Rivi\u00e8re<\/h3>\n\n\n\n<blockquote class=\"wp-block-quote is-layout-flow wp-block-quote-is-layout-flow\"><p>Par courrier du 18 d\u00e9cembre 2020 , la commune de Saint Cl\u00e9ment de Rivi\u00e8re sollicite l\u2019avis de la Ville de Montpellier sur l\u2019\u00e9laboration de son Plan Local d\u2019Urbanisme. Ce PLU pr\u00e9voit en particulier la cr\u00e9ation de l&rsquo;\u00e9quipement commercial Oxylane, dont les cons\u00e9quences environnementales et en mati\u00e8re de risques hydrauliques et de d\u00e9placements, conduisent \u00e0 proposer un avis d\u00e9favorable sur ce projet.<\/p><\/blockquote>\n\n\n\n<figure class=\"wp-block-embed is-type-video is-provider-youtube wp-block-embed-youtube wp-embed-aspect-16-9 wp-has-aspect-ratio\"><div class=\"wp-block-embed__wrapper\">\n<iframe loading=\"lazy\" title=\"Conseil Municipal - Lundi 8 f\u00e9vrier 2021\" width=\"1080\" height=\"608\" src=\"https:\/\/www.youtube.com\/embed\/N5uxYuBXcmM?start=17887&#038;feature=oembed\"  allow=\"accelerometer; autoplay; clipboard-write; encrypted-media; gyroscope; picture-in-picture\" allowfullscreen><\/iframe>\n<\/div><figcaption>Coralie Mantion, Conseill\u00e8re municipale de Montpellier et Vice-pr\u00e9sidente de la M\u00e9tropole, en charge de l&rsquo;<strong>urbanisme<\/strong><\/figcaption><\/figure>\n\n\n\n<p><strong>Coralie Mantion<\/strong>: La prolif\u00e9ration des zones commerciales p\u00e9riph\u00e9riques affaiblit, ann\u00e9e apr\u00e8s ann\u00e9e, le commerce ind\u00e9pendant, le commerce de centre-ville et de proximit\u00e9. Apr\u00e8s l\u2019implantation des supermarch\u00e9s aux entr\u00e9es des communes, des grandes-surfaces comme l\u2019Espace Trifontaine aux portes de Montpellier, la communaut\u00e9 de commune du Grand Pic-St Loup veut construire Oxylane, un lotissement multi-activit\u00e9s de 23 hectares sur la route de Ganges. Des boites \u00e0 chaussure sur du bitume. Ce projet est une aberration \u00e9cologique et \u00e9conomique.<br><strong>Pourquoi une aberration \u00e9conomique ?<\/strong><br>Pour 1 emploi cr\u00e9\u00e9 dans une zone commerciale de p\u00e9riph\u00e9rie, ce sont 3 emplois d\u00e9truits en centre-ville. Le projet a beau \u00eatre en dehors de la m\u00e9tropole, il impactera les commerces de Montpellier. La croissance d\u00e9mographique est forte \u00e0 Montpellier. Mais elle est tr\u00e8s loin d\u2019\u00eatre aussi rapide que la croissance des zones commerciales p\u00e9riph\u00e9riques. Depuis l\u2019ouverture d\u2019Odysseum, le chiffre d\u2019affaire du centre-ville a baiss\u00e9 de 20%. Qu\u2019adviendra-t-il avec ce projet ? Ce projet est une menace pour l\u2019activit\u00e9 \u00e9conomique, les entreprises, les emplois.<br><strong>Pourquoi une aberration \u00e9cologique ?<\/strong><br>Oxylane ce sont 23 hectares de terres agricoles et naturelles artificialis\u00e9es : des parkings, des constructions, des bassins de r\u00e9tention, des routes. Alors qu\u2019il faudrait, au contraire, pr\u00e9server nos terres agricoles, la ceinture verte et limiter l\u2019imperm\u00e9abilisation. A fortiori dans cette zone identifi\u00e9e comme corridor \u00e9cologique dans le SRCE (Sch\u00e9ma R\u00e9gional de Coh\u00e9rence \u00c9cologique).<br>La plaine des Fontanelles, ce sont 20ha de terres agricoles cultiv\u00e9es, 3ha d\u2019espace bois\u00e9 class\u00e9 et un cours d\u2019eau avec sa ripisylve. Ce sont 63 esp\u00e8ces sur le site, dont des chauve-souris, batraciens et autres amphibiens, reptiles et oiseaux de \u00ab\u00a0forte\u00a0\u00bb \u00e0 \u00ab\u00a0tr\u00e8s forte\u00a0\u00bb valeur patrimoniale. C\u2019est un paysage bucolique.<br>Il est criminel de sacrifier au nom du business, ce site, cette ceinture verte nourrici\u00e8re et foresti\u00e8re. La pr\u00e9servation de ces terres est un patrimoine acquis pour les g\u00e9n\u00e9rations futures.<br>En plus, de perturber gravement la bio-diversit\u00e9, ce projet aura un impact sur les enjeux hydrauliques et les ressources en eau. Ce projet est situ\u00e9 sur le bassin versant de la Lironde, un site sensible (pas besoin de vous rappeler les \u00e9pisodes c\u00e9venols de 2014). L\u2019imperm\u00e9abilisation des sols affectera l\u2019\u00e9coulement naturel des eaux et engendrera des cons\u00e9quences en aval : inondations, d\u00e9g\u00e2ts mat\u00e9riels. Pour faire le parall\u00e8le avec le d\u00e9but de s\u00e9ance, c\u2019est l\u2019urbanisation \u00e0 Eurom\u00e9decine qui perturbe le ruissellement et cause les inondations au CHU.<br><strong>Dernier point, l\u2019accessibilit\u00e9.<\/strong><br>Oxylane, ce sont jusqu\u2019\u00e0 8000 v\u00e9hicules par jour pr\u00e9vus le samedi. C\u2019est un nouvel aspirateur \u00e0 voitures qui augmentera le trafic routier, les \u00e9missions de CO2 et la pollution de l\u2019air. Alors qu\u2019il faudrait, au contraire, limiter la<br>d\u00e9pendance \u00e0 la voiture, rapprocher habitat et commerce pour favoriser des modes de d\u00e9placements non polluants: marche, v\u00e9lo, transports publics.<br>Aucun nouveau projet ne doit \u00eatre programm\u00e9 sans une desserte efficace en transports collectifs, et un r\u00e9seau pour les mobilit\u00e9s actives. Nous devons favoriser la mixit\u00e9 fonctionnelle, la ville du \u00bc d\u2019heure.<\/p>\n\n\n\n<p>Ce projet va porter une atteinte irr\u00e9versible \u00e0 notre territoire. Il doit \u00eatre stopp\u00e9 car il ne s\u2019inscrit pas dans une logique de d\u00e9veloppement \u00e9conomique durable, de territoire r\u00e9silient, de souverainet\u00e9 alimentaire, de lutte contre le d\u00e9r\u00e8glement climatique.<\/p>\n\n\n\n<hr class=\"wp-block-separator is-style-wide\"\/>\n\n\n\n<h3 class=\"wp-block-heading\" id=\"Affaire-25\">Affaire 25 &#8211; Intervention de C\u00e9lia Serrano sur l&rsquo;acquisition d&rsquo;un local \u00e0 Celleneuve<\/h3>\n\n\n\n<blockquote class=\"wp-block-quote is-layout-flow wp-block-quote-is-layout-flow\"><p>Il est propos\u00e9 l&rsquo;acquisition au prix de 253.800\u20ac, d\u2019un b\u00e2timent d\u2019environ 170m\u00b2, ancienne agence bancaire situ\u00e9e dans le quartier Celleneuve. Ce b\u00e2timent, situ\u00e9 \u00e0 proximit\u00e9 imm\u00e9diate du cin\u00e9ma Nestor Burma, repr\u00e9sente une opportunit\u00e9 de pouvoir installer des activit\u00e9s culturelles en lien avec le cin\u00e9ma et d&rsquo;envisager une animation de la place Renaudel en plein centre de Celleneuve.<\/p><\/blockquote>\n\n\n\n<figure class=\"wp-block-embed is-type-video is-provider-youtube wp-block-embed-youtube wp-embed-aspect-16-9 wp-has-aspect-ratio\"><div class=\"wp-block-embed__wrapper\">\n<iframe loading=\"lazy\" title=\"Conseil Municipal - Lundi 8 f\u00e9vrier 2021\" width=\"1080\" height=\"608\" src=\"https:\/\/www.youtube.com\/embed\/N5uxYuBXcmM?start=20296&#038;feature=oembed\"  allow=\"accelerometer; autoplay; clipboard-write; encrypted-media; gyroscope; picture-in-picture\" allowfullscreen><\/iframe>\n<\/div><figcaption>Intervention de Celia Serrano, conseill\u00e8re d\u00e9l\u00e9gu\u00e9e \u00e0 l&rsquo;<strong>Enseignement artistique et culturel<\/strong><\/figcaption><\/figure>\n\n\n\n<p><strong>C\u00e9lia Serrano<\/strong>: Dans le quartier Celleneuve, il y un cin\u00e9ma municipal, Nestor Burma. Dans ce cin\u00e9ma, il y a une chouette \u00e9quipe et je voudrais ici la saluer. Dans ce cin\u00e9ma, il y a une programmation tout public mais aussi des chouettes films d\u2019animations pour les enfants. A c\u00f4t\u00e9 de ce cin\u00e9ma, il y a des associations, il y a toute une vie d\u2019artistes, il y a toute une vie de quartier, il y a toute une vie qui s\u2019anime, et il y a des \u00e9coles qui se rendent \u00e0 ce cin\u00e9ma Nestor Burma car oui! dans ce cin\u00e9ma, il y a beaucoup d\u2019enfants. A c\u00f4t\u00e9 de ce cin\u00e9ma, gr\u00e2ce \u00e0 cette acquisition, il va y avoir une autre salle pour des bureaux, pour des r\u00e9sidences. Pour des ateliers. Pour r\u00eaver. Pour apprendre. Voyez, visualisez la ruche qui va s\u2019installer sur cette place : \u00e7a va butiner et \u00e7a va essaimer dans les corps et dans les t\u00eates et dans les mains et \u00e7a va grouiller. Parce que oui, il grouille de monter des projets, de donner la place aux artistes, de donner le pouvoir aux enfants.&nbsp;R\u00e9jouissons-nous, projetons-nous et construisons ensemble un beau projet. Pour que vive l\u2019alt\u00e9rit\u00e9, l\u2019art et pour que VIVE LE CIN\u00c9MA!<\/p>\n","protected":false},"excerpt":{"rendered":"<p>Affaire 1 &#8211; Pr\u00e9sentation par St\u00e9phane Jouault du Rapport sur le D\u00e9veloppement Durable En application de la loi Grenelle 2, la Ville de Montpellier est tenue de pr\u00e9senter, pr\u00e9alablement au vote du budget, un rapport sur sa situation en mati\u00e8re de prise en compte du d\u00e9veloppement durable. Le pr\u00e9sent rapport dresse le bilan de la [&hellip;]<\/p>\n","protected":false},"author":6,"featured_media":10145,"comment_status":"open","ping_status":"open","sticky":false,"template":"","format":"standard","meta":{"_et_pb_use_builder":"","_et_pb_old_content":"","_et_gb_content_width":"","footnotes":""},"categories":[16],"tags":[],"class_list":["post-9916","post","type-post","status-publish","format-standard","has-post-thumbnail","hentry","category-les-conseils"],"_links":{"self":[{"href":"https:\/\/choisirlecologie.fr\/bienvenue\/wp-json\/wp\/v2\/posts\/9916","targetHints":{"allow":["GET"]}}],"collection":[{"href":"https:\/\/choisirlecologie.fr\/bienvenue\/wp-json\/wp\/v2\/posts"}],"about":[{"href":"https:\/\/choisirlecologie.fr\/bienvenue\/wp-json\/wp\/v2\/types\/post"}],"author":[{"embeddable":true,"href":"https:\/\/choisirlecologie.fr\/bienvenue\/wp-json\/wp\/v2\/users\/6"}],"replies":[{"embeddable":true,"href":"https:\/\/choisirlecologie.fr\/bienvenue\/wp-json\/wp\/v2\/comments?post=9916"}],"version-history":[{"count":2,"href":"https:\/\/choisirlecologie.fr\/bienvenue\/wp-json\/wp\/v2\/posts\/9916\/revisions"}],"predecessor-version":[{"id":10146,"href":"https:\/\/choisirlecologie.fr\/bienvenue\/wp-json\/wp\/v2\/posts\/9916\/revisions\/10146"}],"wp:featuredmedia":[{"embeddable":true,"href":"https:\/\/choisirlecologie.fr\/bienvenue\/wp-json\/wp\/v2\/media\/10145"}],"wp:attachment":[{"href":"https:\/\/choisirlecologie.fr\/bienvenue\/wp-json\/wp\/v2\/media?parent=9916"}],"wp:term":[{"taxonomy":"category","embeddable":true,"href":"https:\/\/choisirlecologie.fr\/bienvenue\/wp-json\/wp\/v2\/categories?post=9916"},{"taxonomy":"post_tag","embeddable":true,"href":"https:\/\/choisirlecologie.fr\/bienvenue\/wp-json\/wp\/v2\/tags?post=9916"}],"curies":[{"name":"wp","href":"https:\/\/api.w.org\/{rel}","templated":true}]}}