{"id":9154,"date":"2020-12-02T22:41:32","date_gmt":"2020-12-02T22:41:32","guid":{"rendered":"https:\/\/montpellier.eelv.fr\/?p=9154"},"modified":"2021-04-13T09:01:56","modified_gmt":"2021-04-13T09:01:56","slug":"conseil-municipal-30-novembre-2020-affaires-et-interventions-des-elu-es-ecologistes","status":"publish","type":"post","link":"https:\/\/choisirlecologie.fr\/bienvenue\/conseil-municipal-30-novembre-2020-affaires-et-interventions-des-elu-es-ecologistes","title":{"rendered":"[Conseil Municipal] 30\/11\/2020 \u2013 Affaires et interventions des \u00e9lu-es \u00e9cologistes"},"content":{"rendered":"\n<h3 class=\"wp-block-heading\"><a rel=\"noreferrer noopener\" href=\"https:\/\/eelv-montpellier.fr\/wp-content\/uploads\/2020\/11\/Projets-de-deliberations-CM-30-11-2020.pdf\" target=\"_blank\">Les textes des affaires \u00e0 l&rsquo;ordre du jour : ICI<\/a> <\/h3>\n\n\n\n<h3 class=\"wp-block-heading\" id=\"Delib2\">Intervention de Mustapha Laoukiri<\/h3>\n\n\n\n<figure class=\"wp-block-image size-large\"><a href=\"https:\/\/www.youtube.com\/watch?v=JNe5cXVjR9U&amp;feature=youtu.be&amp;t=2015\" target=\"_blank\" rel=\"noopener noreferrer\"><img decoding=\"async\" src=\"https:\/\/montpellier.eelv.fr\/files\/2020\/12\/LAOUKIRI_Mustapha.jpg\" alt=\"\" class=\"wp-image-9324\"\/><\/a><figcaption>Cliquez sur l&rsquo;image pour voir l&rsquo;intervention en vid\u00e9o<\/figcaption><\/figure>\n\n\n\n<p><strong>Affaire n\u00b02<\/strong> &#8211; \u00ab\u00a0La ville de Montpellier et sa M\u00e9tropole se sont engag\u00e9es depuis le d\u00e9but de la crise aupr\u00e8s de l\u2019ensemble des acteurs \u00e9conomiques et de l\u2019ESS de notre territoire. Aujourd\u2019hui nous sommes appel\u00e9s \u00e0 voter une d\u00e9lib\u00e9ration pour une exon\u00e9ration de loyers en faveur des occupants de b\u00e2timents communaux \u00e0 vocation \u00e9conomique. Rappelons que nous avons par ailleurs, en lien avec la CCI, mis en place rapidement suite au re-confinement une plate forme digitale pour r\u00e9f\u00e9rencer nos commer\u00e7ants et ainsi leur permettre de poursuivre leur activit\u00e9, m\u00eame r\u00e9duite. La M\u00e9tropole a de son c\u00f4t\u00e9 mis en place plusieurs dispositifs : Pr\u00eat 3M, demain l\u2019agence de Devecco dont notre territoire fut priv\u00e9 pendant trop longtemps permettra d&rsquo;apporter un soutien aux entreprises et \u00e0 l&rsquo;\u00e9conomie de notre territoire. Notre souhait est de ne laisser aucune entreprise, aucun commerce, mais \u00e9galement aucun travailleur ind\u00e9pendant seul face \u00e0 ces doutes dans cette p\u00e9riode \u00f4 combien incertaine.<br><strong>&#8211;&gt; En redirigeant une partie de leur budget vers les acteurs \u00e9conomiques en difficult\u00e9, nos collectivit\u00e9s agissent!<\/strong>&nbsp;Mais je souhaitais attirer votre attention sur le fait qu&rsquo;un grand nombre de sp\u00e9cialistes s\u2019accordent \u00e0 dire que nous ne sommes pas face \u00e0 une crise passag\u00e8re mais probablement bien au d\u00e9but d&rsquo;un cycle de crises r\u00e9p\u00e9titives. Pour tenter de sauvegarder notre tissu \u00e9conomique, les collectivit\u00e9s ne pourront qu&rsquo;att\u00e9nuer les crises, \u00e0 hauteur de leurs comp\u00e9tences et de leurs moyens, mais ces comp\u00e9tences et ces moyens sont limit\u00e9s, il faut bien en avoir conscience! De fait, nous n&rsquo;avons d&rsquo;autre choix que celui de revoir nos sch\u00e9mas, nos paradigmes, notre perception de la \u00ab\u00a0normalit\u00e9\u00a0\u00bb, quelle normalit\u00e9 ? Ne faudrait-il pas repenser notre mod\u00e8le \u00e9conomique et acc\u00e9l\u00e9rer cette transition \u00e9cologique que nous appelons de nos v\u0153ux (vers plus de proximit\u00e9, plus de circuit court, et peut-\u00eatre plus de digitalisation)? Mais aussi sans doute favoriser les structures de type \u00ab\u00a0coop\u00e9ratives\u00a0\u00bb qui traversent cette crise avec beaucoup plus d\u2019adaptabilit\u00e9, de flexibilit\u00e9, de r\u00e9silience, qu\u2019un certain nombre d\u2019entreprises \u00ab\u00a0classiques\u00a0\u00bb. Il est plus que temps de s\u2019engager dans cette r\u00e9flexion qui consiste \u00e0 se diriger vers un mod\u00e8le \u00e9conomique plus soucieux de la nature, de l\u2019\u00e9quit\u00e9 sociale, pour r\u00e9pondre au renforcement de plusieurs grandes tendances soci\u00e9tales qui voient na\u00eetre des modes de gouvernance novateurs et \u00e9viter que les crises ne se transforment en catastrophe. Aussi, nous invitons les pouvoirs publics, les chambres consulaires et les agences de d\u00e9veloppement \u00e9conomique \u00e0 mettre en place une vraie politique volontariste de soutien aux coop\u00e9ratives et entreprises de l&rsquo;ESS et de la culture.\u00a0\u00bb<\/p>\n\n\n\n<h3 class=\"wp-block-heading\" id=\"Delib14\">Intervention de Marie Massart<\/h3>\n\n\n\n<figure class=\"wp-block-image size-large\"><a href=\"https:\/\/youtu.be\/JNe5cXVjR9U?t=7011\" target=\"_blank\" rel=\"noopener noreferrer\"><img decoding=\"async\" src=\"https:\/\/montpellier.eelv.fr\/files\/2020\/12\/MASSART_Marie.jpg\" alt=\"\" class=\"wp-image-9325\"\/><\/a><figcaption>Cliquez sur l&rsquo;image pour voir l&rsquo;intervention en vid\u00e9o<\/figcaption><\/figure>\n\n\n\n<p><strong>D\u00e9lib\u00e9ration n\u00b014<\/strong> &#8211; \u00ab\u00a0Plus que jamais en cette p\u00e9riode de crise, la pr\u00e9carit\u00e9 alimentaire doit nous pr\u00e9occuper. Ces subventions que nous votons aujourd&rsquo;hui&nbsp;sont donc particuli\u00e8rement bienvenues. Elle est encore plus forte pour les femmes des milieux pr\u00e9caires : les \u00e9tudes montrent que, au sein de leur foyer, elles ont tendance \u00e0 se \u00ab\u00a0sacrifier\u00a0\u00bb, laissant \u00e0 leurs enfants et \u00e0 leur conjoint, les produits de meilleurs qualit\u00e9. Il est donc particuli\u00e8rement important de soutenir les associations d\u2019aide alimentaires. Je tenais au passage \u00e0 saluer le travail remarquable fait par ces associations et par leurs b\u00e9n\u00e9voles. Je tenais \u00e9galement \u00e0 rappeler que la mairie de Montpellier contribue \u00e9galement \u00e0 l\u2019aide alimentaire de plusieurs mani\u00e8res&nbsp;:<\/p>\n\n\n\n<ul class=\"wp-block-list\"><li>Lors de ce confinement, nous avons tenu \u00e0 <strong>maintenir la production de repas pour la restauration scolaire<\/strong> malgr\u00e9 les conditions sanitaires. Je tenais l\u00e0 encore \u00e0 remercier les agents qui ont su s\u2019adapter et ont r\u00e9ussi \u00e0 assurer la production de repas dans des conditions particuli\u00e8rement difficiles. La solidarit\u00e9 inter-service a \u00e9galement permis d\u2019assurer la production et la distribution des repas. Je tenais \u00e0 le souligner car cela n\u2019a pas forc\u00e9ment \u00e9t\u00e9 le cas dans toutes les collectivit\u00e9s.&nbsp;<\/li><\/ul>\n\n\n\n<ul class=\"wp-block-list\"><li>Je rappelle \u00e9galement la <strong>tarification sociale<\/strong> qui a \u00e9t\u00e9 vot\u00e9 lors du conseil municipal du mois de juillet permettant aux familles monoparentales b\u00e9n\u00e9ficiaires du RSA de b\u00e9n\u00e9ficier d\u2019un repas \u00e0 50 centimes. Le maintien du service de restauration et les tarifs particuli\u00e8rement bas pour les familles les plus pr\u00e9caires permettent de garantir au moins un repas \u00e9quilibr\u00e9 et sain pour les enfants scolaris\u00e9s de la ville.&nbsp;<\/li><\/ul>\n\n\n\n<ul class=\"wp-block-list\"><li>Par ailleurs, des <strong>conventions de dons<\/strong> ont \u00e9t\u00e9 mise en place avec Saint Vincent de Paul et les Resto du C\u0153ur. Ces dons repr\u00e9sentent environ 15.000 repas par an produits par la cuisine centrale. En ce moment c\u2019est entre 250 et 300 repas par jours qui sont donn\u00e9s \u00e0 Saint Vincent de Paul pour \u00eatre ensuite redistribu\u00e9s, via d\u2019autres associations sur le territoire de Montpellier.<\/li><\/ul>\n\n\n\n<p>Nous travaillons actuellement avec les \u00e9lu-es et les services au d\u00e9veloppement de ces aides mais aussi \u00e0 de nouvelles formes d\u2019aide et de projets permettant aux personnes les plus pr\u00e9caires d\u2019acc\u00e9der, \u00e0 moindre co\u00fbt, \u00e0 des produits locaux et de qualit\u00e9 en compl\u00e9mentarit\u00e9 de l\u2019aide alimentaire existante aujourd\u2019hui.\u00a0\u00bb<\/p>\n\n\n\n<h3 class=\"wp-block-heading\" id=\"Delib19\">Intervention de Manu Reynaud<\/h3>\n\n\n\n<figure class=\"wp-block-image size-large\"><a href=\"https:\/\/youtu.be\/JNe5cXVjR9U?t=8215\" target=\"_blank\" rel=\"noopener noreferrer\"><img decoding=\"async\" src=\"https:\/\/montpellier.eelv.fr\/files\/2020\/12\/REYNAUD_Manu.jpg\" alt=\"\" class=\"wp-image-9326\"\/><\/a><figcaption>Cliquez sur l&rsquo;image pour voir l&rsquo;intervention en vid\u00e9o<\/figcaption><\/figure>\n\n\n\n<p><strong>Affaire n\u00b019<\/strong> &#8211; \u00ab\u00a0Les \u00e9cologistes voteront \u00ab\u00a0contre\u00a0\u00bb cette d\u00e9lib\u00e9ration sur le travail le dimanche comme nous l\u2019avons fait \u00e0 la M\u00e9tropole lundi dernier, car cette d\u00e9lib\u00e9ration nous r\u00e9interroge 1\/ par rapport au mod\u00e8le de d\u00e9veloppement qu\u2019il encourage et 2\/ par rapport \u00e0 la p\u00e9riode de crise sanitaire que nous traversons.<\/p>\n\n\n\n<ul class=\"wp-block-list\"><li><strong>rapport au mod\u00e8le de d\u00e9veloppement&nbsp;<\/strong><\/li><\/ul>\n\n\n\n<p>Le d\u00e9bat sur l\u2019ouverture le dimanche est un vrai d\u00e9bat du 20\u00e8me si\u00e8cle o\u00f9 internet n\u2019existait pas et o\u00f9 on faisait la part belle aux structures commerciales g\u00e9antes en p\u00e9riph\u00e9rie. Ce d\u00e9bat portait et porte toujours sur la questions des salari\u00e9-es et la question du volontariat : y a t-il volontariat r\u00e9el ?&nbsp;Il porte aussi sur le type de structures que cela favorisait : les hypermarch\u00e9s, les grands centres commerciaux en p\u00e9riph\u00e9rie, c\u2019est une vision du pass\u00e9. A t on besoin d\u2019ouvrir les concessions automobiles le dimanche ? Nous pouvons nous f\u00e9liciter qu\u2019aujourd\u2019hui nous prenions le chemin inverse, le meilleur chemin : stopper l\u2019\u00e9volution des zones commerciales en p\u00e9riph\u00e9rie. <strong>L\u2019arr\u00eat d\u2019Ode \u00e0 la Mer <\/strong>est un signe fort que l\u2019\u00e9quipe municipale porte. Enfin, c\u2019est un d\u00e9bat sur nos choix de mode de vie : celui de pr\u00e9server une journ\u00e9e de repos pour toutes et tous, qui privil\u00e9gie la vie familiale, la vie amicale, les rencontres, les loisirs, <strong>la culture.<\/strong><\/p>\n\n\n\n<ul class=\"wp-block-list\"><li><strong>rapport \u00e0 la p\u00e9riode sanitaire que nous traversons<\/strong><\/li><\/ul>\n\n\n\n<p>La crise du COVID cause aujourd\u2019hui des d\u00e9g\u00e2ts consid\u00e9rables pour les commerces dit non essentiels, pour les bars, les restaurants. La r\u00e9ponse ce n\u2019est pas la question d\u2019ouvrir quelques dimanches par an mais de les accompagner au mieux en multipliant les initiatives. Il faut saluer le site tr\u00e8s vite mis en place par la ville <a rel=\"noreferrer noopener\" href=\"http:\/\/jesoutiensmescommercants.montpellier.fr\" target=\"_blank\">jesoutiensmescommercants.montpellier.fr<\/a>&nbsp; qui a vocation \u00e0 perdurer. Saluons aussi le ch\u00e8que remis aux agents de nos collectivit\u00e9s par le CASC pour des bons d\u2019achats de 20 euros dans les librairies de Montpellier. Il faut multiplier les initiatives, je sais que Roger Yannick Chartier, adjoint au commerce, s\u2019y emploie avec le soutien de toute l\u2019\u00e9quipe municipale.<\/p>\n\n\n\n<p><strong>Enfin, un mot pour dire que cette d\u00e9lib\u00e9ration est vid\u00e9e de son sens<\/strong><\/p>\n\n\n\n<ul class=\"wp-block-list\"><li>Elle est vid\u00e9e car les hypermarch\u00e9s peuvent d\u00e9j\u00e0 ouvrir le dimanche sans autorisations municipales<\/li><li>Elle est vid\u00e9e par les mesures du gouvernement qui autorise l\u2019ouverture le dimanche pendant la p\u00e9riode COVID<\/li><\/ul>\n\n\n\n<p>Enfin, il nous faut remettre dans l\u2019ordre les priorit\u00e9s de soutien \u00e0 l\u2019activit\u00e9 commerciale :&nbsp;<\/p>\n\n\n\n<ul class=\"wp-block-list\"><li>sur le type de structure que nous souhaitons accompagner et soutenir<\/li><li>Sur l\u2019animation commerciale<\/li><li>Sur la qualit\u00e9 et l\u2019origine les produits<\/li><\/ul>\n\n\n\n<p>Pour terminer, pour les \u00e9lu-es \u00e9cologistes, les ouvertures le dimanche ne sont pas une r\u00e9ponse satisfaisante en terme de choix de vie et de choix de soci\u00e9t\u00e9. Nous voterons donc contre cette d\u00e9lib\u00e9ration.\u00a0\u00bb<\/p>\n\n\n\n<hr class=\"wp-block-separator\"\/>\n\n\n\n<h3 class=\"wp-block-heading\" id=\"Delib28\">D\u00e9lib\u00e9rations port\u00e9es par St\u00e9phane JOUAULT<\/h3>\n\n\n\n<figure class=\"wp-block-image size-large\"><a href=\"https:\/\/youtu.be\/JNe5cXVjR9U?t=9390\" target=\"_blank\" rel=\"noopener noreferrer\"><img decoding=\"async\" src=\"https:\/\/montpellier.eelv.fr\/files\/2020\/12\/JOUAULT_Stephane.jpg\" alt=\"\" class=\"wp-image-9328\"\/><\/a><figcaption>Cliquez sur l&rsquo;image pour voir l&rsquo;intervention en vid\u00e9o<\/figcaption><\/figure>\n\n\n\n<p><strong>Affaire n\u00b028<\/strong> &#8211; \u00ab\u00a0Avec les affaires que je porte devant vous aujourd\u2019hui, <strong>ce sont les fondations de notre politique de Nature en ville qui sont pos\u00e9es.<\/strong> L\u2019intitul\u00e9 de cette politique, <strong>\u00ab&nbsp;Montpellier Ville Nature&nbsp;\u00bb,<\/strong> montre ainsi toute l\u2019ambition qui nous anime:<\/p>\n\n\n\n<div class=\"wp-block-group\"><div class=\"wp-block-group__inner-container is-layout-flow wp-block-group-is-layout-flow\">\n<ul class=\"wp-block-list\"><li>\u00ab&nbsp;Montpellier Ville Nature&nbsp;\u00bb c\u2019est un projet ambitieux parce que nous n\u2019avons plus le choix&nbsp;: le r\u00e9chauffement climatique et ses cons\u00e9quences sont partout. Et notamment \u00e0 Montpellier. Chacun a en t\u00eate les al\u00e9as climatiques que nous avons d\u00e9j\u00e0 connus.<\/li><li>\u00ab&nbsp;Montpellier Ville Nature&nbsp;\u00bb c\u2019est donc faire en sorte que notre ville prenne sa part dans la lutte contre le changement climatique par le stockage du carbone.<\/li><li>\u00ab&nbsp;Montpellier Ville Nature&nbsp;\u00bb c\u2019est aussi faire en sorte qu\u2019\u00e0 l\u2019avenir il fasse bon vivre \u00e0 Montpellier.<\/li><li>\u00ab&nbsp;Montpellier Ville Nature&nbsp;\u00bb c\u2019est ainsi 50.000 arbres plant\u00e9s sur 10 ans comme nous nous y sommes engag\u00e9s.<\/li><\/ul>\n<\/div><\/div>\n\n\n\n<p>Les bienfaits de l\u2019arbre en ville, on le sait, sont nombreux : Att\u00e9nuation du ruissellement, Lutte contre les \u00eelots de chaleur, Captation des pollutions, Cr\u00e9ation de lien social et de bien-\u00eatre, D\u00e9veloppement de la Biodiversit\u00e9 etc.<\/p>\n\n\n\n<p>AFFAIRE n\u00b029 &#8211; Comme vous avez pu le voir ici et l\u00e0, nous n\u2019avons pas attendu ce Conseil Municipal pour lancer notre politique de plantation. Pas un jour en ce moment o\u00f9 un arbre n\u2019est plant\u00e9&nbsp;! Mais, <strong>pour mener \u00e0 bien notre politique d\u2019extension de la canop\u00e9e urbaine, et j\u2019en viens \u00e0 l\u2019affaire 29, nous avons besoin d\u2019une Assistance \u00e0 Ma\u00eetrise d\u2019Ouvrage (AMO).<\/strong> Il s\u2019agit de faire appel \u00e0 un ou une paysagiste confirm\u00e9e pour accompagner la Direction Paysage et Biodiversit\u00e9. L\u2019AMO doit permettre de v\u00e9g\u00e9taliser partout o\u00f9 c\u2019est possible. Il s\u2019agit de profiter de tous les projets pour faire venir ou revenir l\u2019arbre et plus g\u00e9n\u00e9ralement la Nature : des places de la ville \u00e0 tous ses <em>tiers-paysage<\/em>s (pour reprendre l\u2019expression de Gilles Cl\u00e9ment). Il s\u2019agit \u00e9galement d\u2019accompagner la cr\u00e9ation de parcours verts, sur l\u2019avenue des Moulins par exemple, de coul\u00e9es vertes telles l\u2019Aqueduc Saint-Cl\u00e9ment, de concevoir les for\u00eats urbaines comme la future for\u00eat urbaine de Cambac\u00e9r\u00e8s.<\/p>\n\n\n\n<p>AFFAIRE n\u00b028 &#8211; <strong>Cette AMO interviendra sur le domaine public mais la question du patrimoine arbor\u00e9 concerne \u00e9galement l\u2019espace priv\u00e9.<\/strong> C\u2019est pour cela que nous avons choisi de modifier le permis de v\u00e9g\u00e9taliser. <strong>Dans le cadre d\u2019un dispositif intitul\u00e9 \u00ab\u00a0Je mets de la Nature dans ma Ville\u00a0\u00bb, les citoyens qui le souhaitent, se verront remettre un \u00ab\u00a0bon de v\u00e9g\u00e9talisation\u00a0\u00bb.<\/strong> Alors pourquoi avoir chang\u00e9 de nom&nbsp;? Ce n\u2019est certainement pas pour \u00e9carter d\u2019un revers de main ce qui a \u00e9t\u00e9 fait avant&nbsp;: les \u00ab\u00a0bons de v\u00e9g\u00e9talisation\u00a0\u00bb permettront toujours de demander une plante grimpante, une jardini\u00e8re ou le fleurissement d\u2019un pied de d\u2019arbre. Le permis de v\u00e9g\u00e9taliser a en effet permis d\u2019embellir la ville, voire de la rafra\u00eechir dans les zones o\u00f9 il a eu le plus de succ\u00e8s. <strong>Non, le nom change pour deux raisons<\/strong>&nbsp;:<\/p>\n\n\n\n<ul class=\"wp-block-list\"><li>Il correspond \u00e0 un changement de point de vue, de philosophie dans notre politique&nbsp;: <strong>nous voulons une ville o\u00f9 la nature n\u2019a pas besoin de montrer ses papiers pour entrer.<\/strong> Bien s\u00fbr qu\u2019il y a des contraintes mais commencer par \u00e9voquer les contraintes en dit long sur une politique.<\/li><li><strong>Le bon de v\u00e9g\u00e9talisation ne concerne plus seulement l\u2019espace public<\/strong>&nbsp;: la possibilit\u00e9 est offerte \u00e0 tous les citoyens, \u00e0 toutes les copropri\u00e9t\u00e9s qui poss\u00e8dent un jardin, un espace vert, d\u2019obtenir des arbres.<\/li><\/ul>\n\n\n\n<p>L\u2019id\u00e9e de cette d\u00e9lib\u00e9ration est que <strong>le d\u00e9veloppement du patrimoine arbor\u00e9 doit toucher le plus d\u2019espace possible<\/strong>. Il s\u2019agit donc de toucher tous les espaces priv\u00e9s ou assimil\u00e9s qui constituent la majeure partie du territoire de la ville. Avec ce bon de v\u00e9g\u00e9talisation, il s\u2019agit \u00e9galement de <strong>planter intelligemment&nbsp;: planter beaucoup oui, planter partout oui mais peut-\u00eatre surtout planter bien.<\/strong> C\u2019est pour cela que la Direction Paysage et Biodiversit\u00e9 fournira des arbres fruitiers \u2013 des arbres nourriciers \u2013 avec des essences adapt\u00e9es \u00e0 notre climat et avec des conseils pour bien planter. L\u2019id\u00e9e est \u00e9galement d\u2019accompagner les bailleurs sociaux dans leur politique de plantation. Nous y travaillons.<\/p>\n\n\n\n<p>AFFAIRE n\u00b030 &#8211; <strong>Planter beaucoup c\u2019est bien, planter intelligemment c\u2019est tr\u00e8s bien, mais pr\u00e9server le patrimoine arbor\u00e9 c\u2019est encore mieux.<\/strong> C\u2019est pour cela que nous vous proposons d\u2019adopter avec l\u2019affaire 30&nbsp;:<\/p>\n\n\n\n<ul class=\"wp-block-list\"><li><strong>La nouvelle Charte de l\u2019Arbre en Ville de Montpellier<\/strong><\/li><li><strong>La cr\u00e9ation d\u2019un Comit\u00e9 Arbre<\/strong><\/li><\/ul>\n\n\n\n<p>Je tiens \u00e0 remercier la Direction Paysage et Biodiversit\u00e9 et tous les services qui ont travaill\u00e9 d\u2019arrache-pied sur la Charte de l\u2019Arbre qui, j\u2019en suis certain, fera r\u00e9f\u00e9rence pour les autres villes de France et au-del\u00e0. Ce magnifique travail fait suite \u00e0 un premier document d\u00e9j\u00e0 novateur publi\u00e9 en 1996. Vous avez re\u00e7u trois fichiers&nbsp;:<\/p>\n\n\n\n<ul class=\"wp-block-list\"><li>Le 1<sup>er<\/sup> correspond au volume 1 qui est une pr\u00e9sentation d\u00e9taill\u00e9e de la nouvelle politique de d\u00e9veloppement et de pr\u00e9servation du patrimoine arbor\u00e9 de Montpellier<\/li><li>Le 2<sup>\u00e8me<\/sup> et le 3<sup>\u00e8me<\/sup>, dont la mise en forme n\u2019est pas totalement achev\u00e9e \u2013le texte ne sera pas modifi\u00e9 sur le fond \u2013 regroupe tous les \u00e9l\u00e9ments et outils scientifiques, techniques et r\u00e8glementaires.<\/li><\/ul>\n\n\n\n<p>Dans cette partie, vous avez par exemple <strong>des fiches techniques sur la prise en compte des arbres lors de travaux ou dans le cadre de projets d\u2019am\u00e9nagement. Le Comit\u00e9 Arbre va s\u2019appuyer sur cette Charte pour donner des avis<\/strong> sur tous les projets d\u2019am\u00e9nagement et de construction qui impactent le patrimoine arbor\u00e9, sur des propositions de classement en Espace Bois\u00e9 Class\u00e9. Sa composition permettra de croiser les regards&nbsp;: \u00e9lu-es, associations de d\u00e9fense de la Nature et scientifiques \u00e9changeront pour pr\u00e9server au mieux notre patrimoine.<\/p>\n\n\n\n<p><strong>Avec ce Comit\u00e9 Arbre et cette Charte de l\u2019Arbre, c\u2019est la Nature qui reprend ses droits dans notre ville, c\u2019est notre politique \u00ab&nbsp;Montpellier Ville Nature&nbsp;\u00bb qui se d\u00e9ploie. <\/strong>L\u2019arbre c\u2019est le symbole de notre projet&nbsp;car \u00ab&nbsp;Montpellier Ville Nature, c\u2019est une ville plus verte, plus r\u00e9siliente, r\u00e9concili\u00e9e avec le monde v\u00e9g\u00e9tal&nbsp;!\u00a0\u00bb<\/p>\n\n\n\n<p>AFFAIRE n\u00b031 &#8211; <strong>Planter intelligemment c\u2019est ce que nous proposons de faire au Mas Nouguier et \u00e0 Malbosc en renaturant deux espaces pollu\u00e9s<\/strong>: 700 fruitiers au Mas Nouguier pour cr\u00e9er les haies fruiti\u00e8res d\u2019un jardin familial + Plantation d\u2019arbres, d\u2019arbustes et de vivaces \u00e0 Malbosc pour cr\u00e9er un habitat vari\u00e9 source de biodiversit\u00e9.\u00a0\u00bb<\/p>\n\n\n\n<h3 class=\"wp-block-heading\" id=\"Delib32\">D\u00e9lib\u00e9ration d&rsquo;Eddine ARIZTEGUI<\/h3>\n\n\n\n<figure class=\"wp-block-image size-large\"><a href=\"https:\/\/youtu.be\/JNe5cXVjR9U?t=11428\" target=\"_blank\" rel=\"noopener noreferrer\"><img decoding=\"async\" src=\"https:\/\/montpellier.eelv.fr\/files\/2020\/12\/ARRIZTEGUI_Eddine-1.jpg\" alt=\"\" class=\"wp-image-9330\"\/><\/a><figcaption>Cliquez sur l&rsquo;image pour voir l&rsquo;intervention en vid\u00e9o<\/figcaption><\/figure>\n\n\n\n<p><strong>Affaire n\u00b032<\/strong> &#8211; \u00ab\u00a0La Ville de Montpellier confirme son soutien \u00e0 Sandrine et Andr\u00e9-Joseph Bouglione pour le courage qu\u2019ils ont eu de changer le paradigme des grands cirques, en d\u00e9fendant les cirques sans animaux, dans le respect de leur int\u00e9grit\u00e9 et en arr\u00eatant de cautionner des pratiques qui de par leur nature g\u00e9n\u00e8rent une souffrance importante pour les animaux. Nous attendons donc avec impatience de pouvoir assister aux repr\u00e9sentations qui feront honneur \u00e0 notre ville d\u2019\u00eatre la premi\u00e8re de leur grande tourn\u00e9e europ\u00e9enne.\u00a0\u00bb<\/p>\n\n\n\n<hr class=\"wp-block-separator\"\/>\n\n\n\n<h3 class=\"wp-block-heading\" id=\"Delib53\">Intervention de Bruno Paternot<\/h3>\n\n\n\n<figure class=\"wp-block-image size-large\"><a href=\"https:\/\/youtu.be\/JNe5cXVjR9U?t=13954\" target=\"_blank\" rel=\"noopener noreferrer\"><img decoding=\"async\" src=\"https:\/\/montpellier.eelv.fr\/files\/2020\/12\/PATERNOT_Bruno2.jpg\" alt=\"\" class=\"wp-image-9331\"\/><\/a><figcaption>Cliquez sur l&rsquo;image pour voir l&rsquo;intervention en vid\u00e9o<\/figcaption><\/figure>\n\n\n\n<p><strong>Affaire n\u00b053<\/strong> : \u00ab\u00a0Cette d\u00e9lib\u00e9ration permet \u00e0 la famille de cr\u00e9er un cocon pour quelques jours lors d\u2019\u00e9v\u00e9nements heureux ou tragiques qui sont constitutifs de la vie de famille. Mais quelle famille ? Je salue le travail de notre collectivit\u00e9 sur l&rsquo;inclusion de toutes les familles. Le XXI<sup>e<\/sup> si\u00e8cle voit la soci\u00e9t\u00e9 se transformer, aussi bien sur le tourisme qui ne peut plus \u00eatre de masse, sur les transports qui ne peuvent plus \u00eatre polluants, sur les familles qui ne peuvent plus \u00eatre Papa, Maman, La Bonne et moi. Je vous rassure M. le maire, m\u00eame si vous m\u2019avez nomm\u00e9 \u00e0 l\u2019ambiance sonore, je ne vais pas passer Robert Lamoureux\u2026 &nbsp;<\/p>\n\n\n\n<p>Les associations comme l&rsquo;APGL ou l&rsquo;Autre cercle, parce qu\u2019elles sont expertes et constructives nous aident \u00e0 faire en sorte que nos d\u00e9cisions concernent toutes les familles, pour tous les \u00e9v\u00e9nements constitutifs de la vie familiale. Nous allons aller plus loin, tant sur la formation que sur les libert\u00e9s par tous et pour toutes.<\/p>\n\n\n\n<p>Dans ce cas pr\u00e9cis, assurons-nous bien que \u00ab\u00a0la charge effective et permanente de l&rsquo;enfant\u00a0\u00bb (je cite) soit aussi reconnue, comme le font les tribunaux quand le parent assure financi\u00e8rement la vie de l&rsquo;enfant. Qu&rsquo;il y ait un lien de sang ou non, que le parent soit l\u00e0 24h\/24 ou moins. Le parent social (une semaine sur deux et la moiti\u00e9 des vacances) a le droit de voir son c\u0153ur se d\u00e9chirer, au point de ne pas \u00eatre utile au travail pendant quelques jours, si l&rsquo;enfant de son conjoint ou de sa conjointe vient \u00e0 dispara\u00eetre tragiquement.<\/p>\n\n\n\n<p>Je salue nos <a rel=\"noreferrer noopener\" href=\"http:\/\/xn--lu-9ia.es\" target=\"_blank\">\u00e9lu.es<\/a> et les responsables du personnel qui travaillent \u00e0 am\u00e9liorer les conditions de vies et les d\u00e9cisions comme les ASA pour \u00ab\u00a0l\u2019annonce de la survenue d\u2019un handicap chez un enfant\u00a0\u00bb, qui impose un temps pour accepter la nouvelle. Le temps de la r\u00e9silience n&rsquo;est effectivement pas un temps de productivisme. C&rsquo;est la base de l&rsquo;\u00e9cologie politique que de s&rsquo;opposer au productivisme et d&rsquo;accompagner les douleurs et les grands bonheurs des agents et agentes de la mairie.\u00a0\u00bb<\/p>\n\n\n\n<h3 class=\"wp-block-heading\" id=\"Delib55\">Intervention de Coralie Mantion<\/h3>\n\n\n\n<figure class=\"wp-block-image size-large\"><a href=\"https:\/\/www.youtube.com\/watch?v=JNe5cXVjR9U&amp;feature=youtu.be&amp;t=14502\" target=\"_blank\" rel=\"noopener noreferrer\"><img decoding=\"async\" src=\"https:\/\/montpellier.eelv.fr\/files\/2020\/12\/MANTION_Coralie-1.jpg\" alt=\"\" class=\"wp-image-9332\"\/><\/a><figcaption>Cliquez sur l&rsquo;image pour voir l&rsquo;intervention en vid\u00e9o<\/figcaption><\/figure>\n\n\n\n<p><strong>Affaire n\u00b055<\/strong>&nbsp;: \u00ab\u00a0Je voudrais tout d\u2019abord remercier les Gardiens de Montcalm qui n\u2019ont cess\u00e9 d\u2019interpeller les politiques pour les alerter sur le devenir du parc avec, en retour, une \u00e9coute plus ou moins attentive.<br>Les associations sont des lanceurs d\u2019alertes, des aiguillons pour les pouvoirs publics. Elles sont utiles et permettent de porter haut et fort la parole des citoyens, avec il est vrai, parfois, quelques maladresses.<br>Mais, nous, \u00e9lu-es, devons voir en eux des partenaires, des experts de leur territoire, les sachants de ce dont les habitants ont besoin.<br>Pour le cas de Montcalm, ils ont \u00e9t\u00e9, et restent avant tout, les gardiens de la biodiversit\u00e9 et d\u2019un espace naturel qui est n\u00e9cessaire, essentiel pour un vivre mieux \u00e0 Montpellier.<br>Un vivre mieux \u00e0 Montpellier, c\u2019est pr\u00e9parer notre ville au r\u00e9chauffement climatique&nbsp;: la rafraichir et donc faire de Montpellier, comme le disait St\u00e9phane, une ville nature.<br>Cela passe par 2 axes&nbsp;:<br>Premi\u00e8rement, <strong>une v\u00e9g\u00e9talisation massive de toute la ville<\/strong> et St\u00e9phane nous en a pr\u00e9sent\u00e9 les premiers outils. D\u2019autres mesures viendront ult\u00e9rieurement comme le maillage de la ville en espaces verts qui donneront un acc\u00e8s \u00e0 la nature \u00e0 chaque habitant \u00e0 moins de 15min de chez lui.<br>Le 2\u00e8me est la <strong>pr\u00e9servation du patrimoine arbor\u00e9 existant<\/strong>. Car rien ne vaut un arbre ancien. L&rsquo;arbre, c\u2019est un gardien d\u2019une biodiversit\u00e9 riche&nbsp;: insectes, rongeurs, oiseaux. Un grand ch\u00eane peut abriter jusqu\u2019\u00e0 500 esp\u00e8ces!<br>De plus, plus un arbre est vieux et gros, plus il absorbe de CO2. Donc chaque arbre compte pour diminuer notre empreinte carbone. Les vieux encore plus que les jeunes.<br>Nous devons donc les prot\u00e9ger, qu\u2019ils soient dans l\u2019espace public ou dans les jardins priv\u00e9s. Nous y travaillons avec les services avec une premi\u00e8re \u00e9tape de rep\u00e9rage pour avoir un inventaire le plus exhaustif possible.<br>Le patrimoine arbor\u00e9 est aussi pr\u00e9cieux que notre patrimoine architectural. Il ne faut pas le n\u00e9gliger. Et le parc Montcalm, avec ces milliers d\u2019arbres, est un poumon vert essentiel pour pr\u00e9server la biodiversit\u00e9, pour diminuer l\u2019empreinte carbone, pour avoir un havre de fraicheur au c\u0153ur de Montpellier.<br>C\u2019est pour cela qu\u2019il a tenu \u00e0 c\u0153ur aux \u00e9cologistes de pr\u00e9server le Parc Montcalm dans son int\u00e9gralit\u00e9, soit 23 hectares. Et j\u2019ai \u00e9videmment pr\u00e9vu de modifier le PLU en ce sens.\u00a0\u00bb<\/p>\n\n\n\n<h3 class=\"wp-block-heading\">Intervention de Manu Reynaud<\/h3>\n\n\n\n<figure class=\"wp-block-image size-large\"><a href=\"https:\/\/www.youtube.com\/watch?v=JNe5cXVjR9U&amp;feature=youtu.be&amp;t=15420\" target=\"_blank\" rel=\"noopener noreferrer\"><img decoding=\"async\" src=\"https:\/\/montpellier.eelv.fr\/files\/2020\/12\/Manu-reynaud-CM-2020-11-30.jpg\" alt=\"\" class=\"wp-image-9335\"\/><\/a><figcaption>Cliquez sur l&rsquo;image pour voir l&rsquo;intervention en vid\u00e9o<\/figcaption><\/figure>\n\n\n\n<p><strong>Affaire n\u00b065<\/strong> : \u00ab\u00a0Les \u00e9cologistes s\u2019abstiendront sur cette affaire.<\/p>\n\n\n\n<p>Coralie Mantion a d\u00e9j\u00e0 \u00e9voqu\u00e9 cette question en conseil de M\u00e9tropole. La question de la zone Cambac\u00e9res est en effet tr\u00e8s ch\u00e8re aux \u00e9cologistes qui ont men\u00e9 un combat de longue date pour emp\u00eacher son urbanisation et surtout limiter les d\u00e9g\u00e2ts immenses d\u00e9j\u00e0 existants, dont le doublement de l\u2019autoroute A9 qui a d\u00e9truit des centaines d\u2019hectares de terres agricoles, et qui ont eu pour effet l\u2019augmentation de 20% du trafic, et l&rsquo;augmentation de la pollution faisant de Cambac\u00e9res la zone la plus pollu\u00e9e de Montpellier. Rappelons au passage que faire plus de routes c\u2019est augmenter toujours plus le trafic et la pollution. Le choix d\u2019y installer une gare (inutile pour les 30 prochaines ann\u00e9es) pour justifier l\u2019urbanisation a aussi \u00e9t\u00e9 une erreur.<\/p>\n\n\n\n<p><strong>Le sud-ouest de Montpellier a \u00e9t\u00e9 ab\u00eem\u00e9, d\u00e9truit<\/strong>. Notre objectif est donc tr\u00e8s simple sur ce projet : il est de&nbsp;<strong>limiter les d\u00e9g\u00e2ts de l\u2019artificialisation d\u00e9j\u00e0 enclench\u00e9e sur ce secteur par les mandatures pr\u00e9c\u00e9dentes<\/strong>. Le projet de zone dit \u00ab\u00a0Quartier de Cambac\u00e9res\u00a0\u00bb est une grave erreur en terme de d\u00e9veloppement pour Montpellier. Les \u00e9cologistes ont choisi de faire partie de cette majorit\u00e9 pour changer diam\u00e9tralement de cap. Comme le disait et je la cite en conseil de M\u00e9tropole, Coralie Mantion \u00ab&nbsp;nous avons travaill\u00e9 sur un projet commun avec Micha\u00ebl Delafosse et ses partenaires. Parce que c\u2019est cela aussi la politique: dialoguer, \u00e9changer, trouver un compromis.&nbsp;\u00bb Ainsi, <strong>130 hectares de terres naturelles et agricoles dans ce quartier seront pr\u00e9serv\u00e9s, c\u2019est l&rsquo;un des nombreux apports des \u00e9cologistes dans cette campagne. <\/strong><\/p>\n\n\n\n<p><strong>On entend ici o\u00f9 l\u00e0 des attaques de la part de certain-es pour qui ce qui est fait&nbsp;n\u2019est jamais assez.<\/strong> A celles et ceux-l\u00e0, nous affirmons que les \u00e9lu-es \u00e9cologistes seront toujours vigilant-es au sein de cette majorit\u00e9 pour maintenir le cap de la v\u00e9g\u00e9talisation, de la pr\u00e9servation de la ceinture verte, des terres agricoles, de l\u2019arr\u00eat de l\u2019urbanisation vers la mer. On pourrait l\u00e0 aussi citer l\u2019Agriparc des Bouisses, entre autres, qui va changer la donne \u00e0 Montpellier. Aussi, bien que cette zone n&rsquo;aurait jamais d\u00fb \u00eatre urbanis\u00e9e, les travaux \u00e9tant trop avanc\u00e9s, il n&rsquo;est pas possible de revenir en arri\u00e8re sur la ZAC 1.\u00a0\u00bb<\/p>\n\n\n\n<hr class=\"wp-block-separator\"\/>\n\n\n\n<h3 class=\"wp-block-heading\">D\u00e9lib\u00e9rations port\u00e9es par Radia Tikouk<\/h3>\n\n\n\n<p><strong>Affaire n\u00b070<\/strong> &#8211; \u00ab\u00a0Il est propos\u00e9 de mettre \u00e0 disposition un emplacement au cimeti\u00e8re Saint-\u00c9tienne au profit de l&rsquo;Association Cultuelle Isra\u00e9lite de Montpellier, afin de permettre l&rsquo;enfouissement de documents et d&rsquo;objets sacr\u00e9s, conform\u00e9ment \u00e0 la tradition juive. Cette mise \u00e0 disposition est \u00e0 titre gracieux, sans limite de dur\u00e9e. Aussi, il est propos\u00e9 de donner l\u2019usage du terrain \u00e0 titre gratuit \u00e0 cette association pour inhumer ces objets. L\u2019association se charge de l\u2019installation des caveaux n\u00e9cessaires.\u00a0\u00bb<\/p>\n\n\n\n<hr class=\"wp-block-separator\"\/>\n\n\n\n<h4 class=\"wp-block-heading\">Revoir l&rsquo;int\u00e9gralit\u00e9 du Conseil Municipal en vid\u00e9o :<\/h4>\n\n\n\n<figure class=\"wp-block-embed is-type-video is-provider-youtube wp-block-embed-youtube wp-embed-aspect-16-9 wp-has-aspect-ratio\"><div class=\"wp-block-embed__wrapper\">\n<iframe loading=\"lazy\" title=\"Conseil municipal du lundi 30 novembre 2020\" width=\"1080\" height=\"608\" src=\"https:\/\/www.youtube.com\/embed\/JNe5cXVjR9U?feature=oembed\"  allow=\"accelerometer; autoplay; clipboard-write; encrypted-media; gyroscope; picture-in-picture\" allowfullscreen><\/iframe>\n<\/div><figcaption>L&rsquo;int\u00e9gralit\u00e9 du Conseil Municipal en vid\u00e9o.<\/figcaption><\/figure>\n\n\n\n<p><\/p>\n","protected":false},"excerpt":{"rendered":"<p>Les textes des affaires \u00e0 l&rsquo;ordre du jour : ICI Intervention de Mustapha Laoukiri Affaire n\u00b02 &#8211; \u00ab\u00a0La ville de Montpellier et sa M\u00e9tropole se sont engag\u00e9es depuis le d\u00e9but de la crise aupr\u00e8s de l\u2019ensemble des acteurs \u00e9conomiques et de l\u2019ESS de notre territoire. Aujourd\u2019hui nous sommes appel\u00e9s \u00e0 voter une d\u00e9lib\u00e9ration pour une [&hellip;]<\/p>\n","protected":false},"author":6,"featured_media":11125,"comment_status":"open","ping_status":"open","sticky":false,"template":"","format":"standard","meta":{"_et_pb_use_builder":"","_et_pb_old_content":"","_et_gb_content_width":"","footnotes":""},"categories":[16],"tags":[],"class_list":["post-9154","post","type-post","status-publish","format-standard","has-post-thumbnail","hentry","category-les-conseils"],"_links":{"self":[{"href":"https:\/\/choisirlecologie.fr\/bienvenue\/wp-json\/wp\/v2\/posts\/9154","targetHints":{"allow":["GET"]}}],"collection":[{"href":"https:\/\/choisirlecologie.fr\/bienvenue\/wp-json\/wp\/v2\/posts"}],"about":[{"href":"https:\/\/choisirlecologie.fr\/bienvenue\/wp-json\/wp\/v2\/types\/post"}],"author":[{"embeddable":true,"href":"https:\/\/choisirlecologie.fr\/bienvenue\/wp-json\/wp\/v2\/users\/6"}],"replies":[{"embeddable":true,"href":"https:\/\/choisirlecologie.fr\/bienvenue\/wp-json\/wp\/v2\/comments?post=9154"}],"version-history":[{"count":2,"href":"https:\/\/choisirlecologie.fr\/bienvenue\/wp-json\/wp\/v2\/posts\/9154\/revisions"}],"predecessor-version":[{"id":9966,"href":"https:\/\/choisirlecologie.fr\/bienvenue\/wp-json\/wp\/v2\/posts\/9154\/revisions\/9966"}],"wp:featuredmedia":[{"embeddable":true,"href":"https:\/\/choisirlecologie.fr\/bienvenue\/wp-json\/wp\/v2\/media\/11125"}],"wp:attachment":[{"href":"https:\/\/choisirlecologie.fr\/bienvenue\/wp-json\/wp\/v2\/media?parent=9154"}],"wp:term":[{"taxonomy":"category","embeddable":true,"href":"https:\/\/choisirlecologie.fr\/bienvenue\/wp-json\/wp\/v2\/categories?post=9154"},{"taxonomy":"post_tag","embeddable":true,"href":"https:\/\/choisirlecologie.fr\/bienvenue\/wp-json\/wp\/v2\/tags?post=9154"}],"curies":[{"name":"wp","href":"https:\/\/api.w.org\/{rel}","templated":true}]}}