{"id":9100,"date":"2020-11-23T20:57:07","date_gmt":"2020-11-23T20:57:07","guid":{"rendered":"https:\/\/montpellier.eelv.fr\/?p=9100"},"modified":"2021-02-14T23:39:42","modified_gmt":"2021-02-14T23:39:42","slug":"conseil-de-metropole-23-novembre-2020-affaires-et-interventions-des-elu-es-ecologistes","status":"publish","type":"post","link":"https:\/\/choisirlecologie.fr\/bienvenue\/conseil-de-metropole-23-novembre-2020-affaires-et-interventions-des-elu-es-ecologistes","title":{"rendered":"[Conseil de M\u00e9tropole] 23 novembre 2020 \u2013 Affaires et interventions des \u00e9lu-es \u00e9cologistes"},"content":{"rendered":"\n<p>110 projets d&rsquo;affaires \u00e9taient soumis au vote des conseiller-es m\u00e9tropolitain-es ce lundi 23 novembre. <\/p>\n\n\n\n<h3 class=\"wp-block-heading\">Intervention de Fran\u00e7ois Vasquez &#8211; Affaire n\u00b016 &#8211; Pr\u00e9sentation de l&rsquo;\u00e9tude pr\u00e9alable \u00e0 la mise en oeuvre de la tarification incitative des d\u00e9chets<\/h3>\n\n\n\n<figure class=\"wp-block-image size-large\"><a href=\"https:\/\/www.youtube.com\/watch?v=z0GsXex1HRw&amp;t=6178s\" target=\"_blank\" rel=\"noopener noreferrer\"><img decoding=\"async\" src=\"https:\/\/montpellier.eelv.fr\/files\/2020\/11\/FVasquez.jpg\" alt=\"\" class=\"wp-image-9109\"\/><\/a><\/figure>\n\n\n\n<p>Victor Hugo a \u00e9crit : \u00ab Qu\u2019y a-t-il au-dessus de la justice, l\u2019\u00e9quit\u00e9 \u00bb<br>La mise en place d\u2019une tarification incitative des d\u00e9chets sera une nouvelle fa\u00e7on de calculer notre taxe sur les ordures m\u00e9nag\u00e8res. Je pr\u00e9cise, la confusion est souvent entendue, qu\u2019<strong>il ne s\u2019agit pas d\u2019une nouvelle taxe, mais d\u2019une taxe qui r\u00e9compense le geste de tri, donc d\u2019une taxe \u00e9quitable<\/strong>. La tarification incitative n\u2019est pas une mesure qu\u2019on impose mais une mesure qui s\u2019impose pour des raisons environnementales et \u00e9conomiques. Ce n\u2019est pas une mesure qu\u2019on applique mais une mesure qu\u2019on explique en vue d\u2019une adh\u00e9sion la plus large possible. En effet, notre engagement dans la politique z\u00e9ro d\u00e9chet et les objectifs ambitieux que nous nous sommes fix\u00e9s nous sont dict\u00e9s par l\u2019urgence climatique, la pollution de l\u2019air, des sols et de l\u2019eau et le rench\u00e9rissement permanent et dor\u00e9navant insupportable des co\u00fbts d\u2019\u00e9limination des d\u00e9chets ultimes. Vous connaissez notre projet de g\u00e9n\u00e9ralisation du tri des bio d\u00e9chets \u00e0 la source, privil\u00e9giant le compostage, pour lequel nous avons r\u00e9pondu \u00e0 l\u2019appel \u00e0 projet de l\u2019ADEME et de la r\u00e9gion Occitanie le 16 Octobre dernier. Vous avez \u00e9t\u00e9 inform\u00e9s de l\u2019engagement de notre deuxi\u00e8me programme local de pr\u00e9vention des d\u00e9chets qui nous permettra de r\u00e9duire significativement la production de ses derniers. La tarification incitative constituera un troisi\u00e8me levier, compl\u00e9mentaire et indispensable, \u00e0 actionner une fois les \u00e9quipements et les services mis \u00e0 disposition.<br>Une \u00e9tude permettant d\u2019accompagner la collectivit\u00e9 a donc \u00e9t\u00e9 demand\u00e9e.<br>1\u2022 Elle permettra de <strong>proposer des grilles tarifaires, des modalit\u00e9s de facturation, au poids, au volume, \u00e0 la lev\u00e9e ou un mix<\/strong>\u2026.et d\u2019envisager la planification en mati\u00e8re d\u2019organisation des services et des moyens techniques et humains \u00e0 d\u00e9ployer. D\u2019un montant de 40 000\u20ac elle est \u00e9ligible aux aides financi\u00e8res de l\u2019ADEME et de la R\u00e9gion Occitanie.<br>2\u2022 Elle s\u2019\u00e9tablira lors d\u2019une <strong>large concertation avec les \u00e9lus locaux et la population<\/strong> et arrivera ainsi en bouclage de la mise en place de notre politique. Le lancement aujourd\u2019hui, de l\u2019\u00e9tude de la tarification incitative s\u2019inscrit dans le cadre de la semaine Europ\u00e9enne de la r\u00e9duction des d\u00e9chets et positionnera notre M\u00e9tropole en leader national sur cette grande ambition et ce large projet.<\/p>\n\n\n\n<hr class=\"wp-block-separator\"\/>\n\n\n\n<h3 class=\"wp-block-heading\">Intervention de Coralie Mantion (affaire n\u00b031) &#8211; Urbanisation de Cambac\u00e9res<\/h3>\n\n\n\n<figure class=\"wp-block-image size-large\"><a href=\"https:\/\/www.youtube.com\/watch?v=z0GsXex1HRw&amp;t=9164s\" target=\"_blank\" rel=\"noopener noreferrer\"><img decoding=\"async\" src=\"https:\/\/montpellier.eelv.fr\/files\/2020\/11\/CoralieMantion.jpg\" alt=\"\" class=\"wp-image-9105\"\/><\/a><\/figure>\n\n\n\n<p>J\u2019entends d\u00e9j\u00e0 la lev\u00e9e de bouclier contre cette d\u00e9lib\u00e9ration. Et les attaques que nous, le groupe des \u00e9cologistes, allons subir.<\/p>\n\n\n\n<p>Mais nous avons toujours \u00e9t\u00e9 tr\u00e8s clairs sur cette affaire: entre le d\u00e9doublement de l\u2019A9 (qui a d\u00e9truit des centaines de terres agricoles et naturelles, qui a engendr\u00e9 une augmentation du trafic automobile, qui n\u2019a pas r\u00e9sorb\u00e9 les bouchons \u00e0 l\u2019entr\u00e9e de Montpellier), et la Gare Sud de France qui est un gouffre financier et inutile, <strong>le sud-ouest de Montpellier a \u00e9t\u00e9 ab\u00eem\u00e9, d\u00e9truit<\/strong>. Notre objectif est donc tr\u00e8s simple sur ce projet : il est de <strong>limiter les d\u00e9g\u00e2ts de l&rsquo;artificialisation d\u00e9j\u00e0 enclench\u00e9e sur ce secteur par les mandatures pr\u00e9c\u00e9dentes<\/strong>.<\/p>\n\n\n\n<p>Contrairement \u00e0 ce que certains pensent, nous ne nous sommes pas vendus pour quelques places, nous n\u2019avons pas cherch\u00e9 \u00e0 aller au plus offrant mais nous avons travaill\u00e9 sur un projet commun avec le Parti Socialiste, Michael Delafosse et ses partenaires. Parce que c\u2019est cela aussi la politique: c\u2019est dialoguer, \u00e9changer, trouver un compromis. <\/p>\n\n\n\n<p>Donc oui, nous avons accept\u00e9 d\u2019urbaniser environ 25 hectares entre la gare et Odysseum car ces terres \u00e9taient d\u00e9j\u00e0 viabilis\u00e9es&nbsp;: terrassement, route et r\u00e9seaux pos\u00e9s. Et que \u00e7a cr\u00e9e une connexion entre ces deux lieux. <strong>Mais c\u2019est bien gr\u00e2ce \u00e0 nous, les \u00e9cologistes que ce sont pas moins de 130 hectares de terres naturelles et agricoles dans ce quartier qui seront pr\u00e9serv\u00e9es<\/strong>. Car il n\u2019est pas question de continuer \u00e0 d\u00e9truire la ceinture verte de Montpellier qui est primordiale pour un mieux vivre dans la m\u00e9tropole. De plus, <strong>nous r\u00e9-affirmons ici qu\u2019il n\u2019y aura pas de logements dans ce quartier <\/strong>m\u00eame si certaine d\u00e9plore le manque de mixit\u00e9 fonctionnelle ou d&rsquo;autre s\u2019exprime dans la presse. Il n\u2019y aura pas de logements, quels qu&rsquo;ils soient, \u00e9tudiants ou sociaux \u00e0 Cambac\u00e9r\u00e8s. Car nous sommes dans la zone la plus pollu\u00e9e de Montpellier. Il serait donc irresponsable de loger des habitant-es dans cette zone. En dehors de la ZAC 1, nous sommes en train de travailler avec les diverses \u00e9quipes pour <strong>pr\u00e9server les espaces naturels et recr\u00e9er un corridor \u00e9cologique qui irait de la plaine de Mauguio jusqu&rsquo;au Lez<\/strong>.<\/p>\n\n\n\n<p>C\u2019est cela notre projet&nbsp;: &nbsp;une m\u00e9tropole qui prot\u00e8ge ses habitant-es, qui prot\u00e8ge&nbsp;ses espaces naturels et agricoles, une m\u00e9tropole plus verte, une m\u00e9tropole r\u00e9siliente.<\/p>\n\n\n\n<hr class=\"wp-block-separator\"\/>\n\n\n\n<h3 class=\"wp-block-heading\">Intervention de Bruno Paternot (affaire n\u00b047) &#8211; Ouverture dominicale des commerces de d\u00e9tail pour l&rsquo;ann\u00e9e 2021<\/h3>\n\n\n\n<figure class=\"wp-block-image size-large\"><a href=\"https:\/\/www.youtube.com\/watch?v=z0GsXex1HRw&amp;t=11629s\" target=\"_blank\" rel=\"noopener noreferrer\"><img decoding=\"async\" src=\"https:\/\/montpellier.eelv.fr\/files\/2020\/11\/Paternot.jpg\" alt=\"\" class=\"wp-image-9111\"\/><\/a><\/figure>\n\n\n\n<div class=\"wp-block-group\"><div class=\"wp-block-group__inner-container is-layout-flow wp-block-group-is-layout-flow\">\n<p>Je tiens, au nom de tous-tes les \u00e9cologistes de cette assembl\u00e9e \u00e0 vous remercier pour les mesures d\u2019urgence que nous venons de prendre et que nous prenons \u00e0 chaque Conseil M\u00e9tropolitain depuis que le CODIV19 affame et force la fermeture de nos beaux commerces.<\/p>\n\n\n\n<p>Oui, apr\u00e8s avoir \u00e9t\u00e9 interpell\u00e9 sur le caract\u00e8re potentiellement r\u00e9ducteur de l\u2019expression \u00ab&nbsp;petit commerce&nbsp;\u00bb, je d\u00e9cide de faire la distinction entre la GRANDE distribution et le BEAU commerce&nbsp;: celui qui est local, celui qui est de qualit\u00e9, celui qui \u00e9thique et qui cherche \u00e0 satisfaire tout le monde, pas \u00e0 nous faire d\u00e9-penser ou con-sommer. Je parle d\u2019Aline, ma libraire. Je parle de Damien au Locavorium \u00e0 Saint-Jean-de-V\u00e9das ou Elie \u00e0 la Cagette, je parle de Tonton Pizza \u00e0 Jacou. Ce beau commerce dont on conna\u00eet le nom du commer\u00e7ant et dont la commer\u00e7ante connait nos go\u00fbts et nos envies. La ville de Montpellier en parle si bien dans le clip <a href=\"http:\/\/jesoutiensmescommercants.montpellier.fr\" target=\"_blank\" rel=\"noreferrer noopener\">jesoutiensmescommercants.montpellier.fr<\/a><\/p>\n\n\n\n<p>Nous aidons le beau commerce \u00e0 la m\u00e9tropole (et je l\u2019ai soulign\u00e9 en d\u00e9but de s\u00e9ance), en trouvant des aides l\u00e9gales et responsables&nbsp;: exon\u00e9ration de loyer, participation aux dispositifs r\u00e9gionaux, aide aux travaux ou au mat\u00e9riel&#8230; Innovons encore pour trouver d\u2019autres fa\u00e7ons de vitaliser les centres-villes du lundi au samedi. <strong>Du lundi au samedi<\/strong>.<\/p>\n\n\n\n<p>L\u2019\u00e9cologie politique, c\u2019est privil\u00e9gier la vie et le collectif sur l\u2019individu et sur la consommation. L\u2019\u00e9cologie c\u2019est garder des temps de libert\u00e9 gr\u00e2ce \u00e0 nos droits sociaux. Et pas gr\u00e2ce au maire.<\/p>\n\n\n\n<p>Les dimanches du maire&nbsp;! Cette coutume, tout comme feue l\u2019amnistie pr\u00e9sidentielle n\u2019est pas dans l\u2019ADN des \u00e9cologistes. Nous pensons que la loi est la m\u00eame pour tous et toutes et qu\u2019elle ne doit pas varier selon les bons vouloirs d\u2019un ou d\u2019une maire et cr\u00e9er ainsi une concurrence libre et non fauss\u00e9e entre les territoires. Si le maire de Lattes autorise son Carrefour \u00e0 ouvrir 12 dimanches par an, pourquoi le maire de Perols n\u2019autoriserait pas son Auchan \u00e0 ouvrir aussi&nbsp;? Car, lisons bien cette d\u00e9lib\u00e9ration, \u00e0 qui profite-t-elle&nbsp;: l\u2019\u00e9lectrom\u00e9nager-TV-Hifi, l\u2019\u00e9quipement de la personne (c\u2019est \u00e0 dire les grands magasins internationaux de pr\u00eat-\u00e0-porter chinois), l\u2019automobile.<\/p>\n\n\n\n<p>La m\u00e9tropole, si elle est innovante, sociale et \u00e9cologiste, n\u2019a pas \u00e0 aider les m\u00e9ga complexes mais bien \u00e0 aider ses beaux commerces, ceux qui sont aussi aid\u00e9s par la R\u00e9gion qui incite \u00e0 acheter \u00ab\u00a0dans ma zone\u00a0\u00bb.<\/p>\n\n\n\n<p>Monsieur le Pr\u00e9sident, je vous fais une lettre car vous nous avez dit que vous donneriez le nom d\u2019un b\u00e2timent \u00e0 la montpelli\u00e9raine Juliette Greco. Je vous propose donc, en adoptant cette d\u00e9lib\u00e9ration, de baptiser Juliette Greco un nouvel Hyper-March\u00e9. &nbsp;<\/p>\n\n\n\n<p id=\"block-ffb0ed07-a603-4147-a718-9bc25e8624d8\"><em>Tous les jours de la semaine \/ sont vides et sonnent creux \/ Bien pire que la semaine \/ Y a le dimanche pr\u00e9tentieux \/ Qui veut paraitre rose et jouer les g\u00e9n\u00e9reux\/ Le dimanche qui s\u2019impose \/ comme un jour bien heureux. Je hais les dimanches, je hais les dimanches. (Juliette Greco)<\/em><\/p>\n\n\n\n<hr class=\"wp-block-separator\"\/>\n\n\n\n<h3 class=\"wp-block-heading\">Intervention de Celia Serrano &#8211; Affaire n\u00b089 &#8211; Convention de partenariat avec le cirque sans animaux Bouglione<\/h3>\n\n\n\n<figure class=\"wp-block-image size-large\"><a href=\"https:\/\/www.youtube.com\/watch?v=z0GsXex1HRw&amp;t=20078s\" target=\"_blank\" rel=\"noopener noreferrer\"><img decoding=\"async\" src=\"https:\/\/montpellier.eelv.fr\/files\/2020\/11\/Celia-serrano.jpg\" alt=\"\" class=\"wp-image-9121\"\/><\/a><\/figure>\n\n\n\n<p>J\u2019ai l\u2019honneur de pr\u00e9senter la convention de partenariat qui lie la M\u00e9tropole \u00e0 la soci\u00e9t\u00e9 de production de la famille Bouglione.<\/p>\n\n\n\n<p><strong>Nous ne pouvons plus accepter d\u2019animaux dans des cirques<\/strong>. Nous connaissons les conditions de r\u00e9tention des animaux, les s\u00e9ances de dressage qu\u2019ils subissent, le transport qu\u2019induit les tourn\u00e9es&nbsp;: nous ne pouvons en aucun cas parler de bien-\u00eatre animal. Nous ne pouvons plus venir nous divertir sous les yeux d\u2019animaux, sauvages comme domestiques. Leur place n\u2019est pas devant nous sous un chapiteau.<\/p>\n\n\n\n<p><strong>C\u2019est une premi\u00e8re sur le territoire national&nbsp;: nous serons la premi\u00e8re M\u00e9tropole \u00e0 accueillir l\u2019\u00e9cocirque Bouglione, premier cirque traditionnel ne proposant aucun spectacle avec des animaux. Enfin si, ils seront en hologrammes<\/strong>.<\/p>\n\n\n\n<p>Cet \u00e9cocirque propose des num\u00e9ros populaires dans la tradition du cirque \u00e0 l\u2019ancienne avec des artistes, musiciens et une fabuleuse musicienne, des funambules, trap\u00e9zistes, jongleurs et contorsionnistes dans des num\u00e9ros innovants. Le village de cet \u00e9cocirque est constitu\u00e9 de conteneurs maritimes recycl\u00e9s, accueillant des associations de protection animale et de protection de la biodiversit\u00e9. L\u2019\u00e9cocirque s\u2019engage \u00e9galement, gr\u00e2ce \u00e0 un partenariat priv\u00e9, de planter un arbre pour chaque place de spectacle achet\u00e9e par le public scolaire. Conf\u00e9rences et ateliers sont pr\u00e9vus et mais soumis malheureusement aux conditions sanitaires. Toutes ces animations familiales seront \u00e9videmment gratuites.<\/p>\n\n\n\n<p>Le cirque est install\u00e9, les artistes r\u00e9p\u00e8tent, la cr\u00e9ation est en cours. La famille Bouglione a su se r\u00e9inventer et nous propose de nous divertir autrement, dans le respect de tous les \u00eatres vivants. Esp\u00e9rons maintenant que les conditions sanitaires nous permettront d\u2019assister \u00e0 ces repr\u00e9sentations, et de pouvoir passer ainsi de beaux dimanches en famille!<\/p>\n<\/div><\/div>\n","protected":false},"excerpt":{"rendered":"<p>110 projets d&rsquo;affaires \u00e9taient soumis au vote des conseiller-es m\u00e9tropolitain-es ce lundi 23 novembre. Intervention de Fran\u00e7ois Vasquez &#8211; Affaire n\u00b016 &#8211; Pr\u00e9sentation de l&rsquo;\u00e9tude pr\u00e9alable \u00e0 la mise en oeuvre de la tarification incitative des d\u00e9chets Victor Hugo a \u00e9crit : \u00ab Qu\u2019y a-t-il au-dessus de la justice, l\u2019\u00e9quit\u00e9 \u00bbLa mise en place d\u2019une [&hellip;]<\/p>\n","protected":false},"author":6,"featured_media":10147,"comment_status":"open","ping_status":"open","sticky":false,"template":"","format":"standard","meta":{"_et_pb_use_builder":"","_et_pb_old_content":"","_et_gb_content_width":"","footnotes":""},"categories":[16],"tags":[66,76,28,29],"class_list":["post-9100","post","type-post","status-publish","format-standard","has-post-thumbnail","hentry","category-les-conseils","tag-bruno-paternot","tag-cekia-serrano","tag-coralie-mantion","tag-francois-vasquez"],"_links":{"self":[{"href":"https:\/\/choisirlecologie.fr\/bienvenue\/wp-json\/wp\/v2\/posts\/9100","targetHints":{"allow":["GET"]}}],"collection":[{"href":"https:\/\/choisirlecologie.fr\/bienvenue\/wp-json\/wp\/v2\/posts"}],"about":[{"href":"https:\/\/choisirlecologie.fr\/bienvenue\/wp-json\/wp\/v2\/types\/post"}],"author":[{"embeddable":true,"href":"https:\/\/choisirlecologie.fr\/bienvenue\/wp-json\/wp\/v2\/users\/6"}],"replies":[{"embeddable":true,"href":"https:\/\/choisirlecologie.fr\/bienvenue\/wp-json\/wp\/v2\/comments?post=9100"}],"version-history":[{"count":1,"href":"https:\/\/choisirlecologie.fr\/bienvenue\/wp-json\/wp\/v2\/posts\/9100\/revisions"}],"predecessor-version":[{"id":9984,"href":"https:\/\/choisirlecologie.fr\/bienvenue\/wp-json\/wp\/v2\/posts\/9100\/revisions\/9984"}],"wp:featuredmedia":[{"embeddable":true,"href":"https:\/\/choisirlecologie.fr\/bienvenue\/wp-json\/wp\/v2\/media\/10147"}],"wp:attachment":[{"href":"https:\/\/choisirlecologie.fr\/bienvenue\/wp-json\/wp\/v2\/media?parent=9100"}],"wp:term":[{"taxonomy":"category","embeddable":true,"href":"https:\/\/choisirlecologie.fr\/bienvenue\/wp-json\/wp\/v2\/categories?post=9100"},{"taxonomy":"post_tag","embeddable":true,"href":"https:\/\/choisirlecologie.fr\/bienvenue\/wp-json\/wp\/v2\/tags?post=9100"}],"curies":[{"name":"wp","href":"https:\/\/api.w.org\/{rel}","templated":true}]}}