{"id":8672,"date":"2020-10-14T11:41:32","date_gmt":"2020-10-14T11:41:32","guid":{"rendered":"https:\/\/montpellier.eelv.fr\/?p=8672"},"modified":"2021-02-14T23:34:26","modified_gmt":"2021-02-14T23:34:26","slug":"conseil-municipal-du-5-octobre-2020-deliberations-et-interventions-des-elu-es-ecologistes-2","status":"publish","type":"post","link":"https:\/\/choisirlecologie.fr\/bienvenue\/conseil-municipal-du-5-octobre-2020-deliberations-et-interventions-des-elu-es-ecologistes-2","title":{"rendered":"[Conseil de M\u00e9tropole] 12\/10\/2020 &#8211; Affaires et interventions des \u00e9lu-es \u00e9cologistes"},"content":{"rendered":"\n<p>99 affaires \u00e9taient propos\u00e9es au vote du Conseil M\u00e9tropolitain, dont 14 affaires <strong>\u00ab\u00a0\u00e9conomiques\u00a0\u00bb<\/strong>, au titre desquelles, en ouverture, la cr\u00e9ation de la toute nouvelle Agence de D\u00e9veloppement Economique. <\/p>\n\n\n\n<p>A l&rsquo;exception de la subvention \u00e0 l&rsquo;a\u00e9roport et du classement de Montpellier en station de tourisme (voir interventions ci-dessous), les \u00e9cologistes ont vot\u00e9 pour les affaires propos\u00e9es par les commissions \u00ab\u00a0\u00e9conomie\u00a0\u00bb et \u00ab\u00a0tourisme\u00a0\u00bb,<strong> tout en exprimant leurs r\u00e9serves<\/strong>: d\u00e9veloppement du tourisme d&rsquo;affaire, recherche d&rsquo;investisseurs \u00e9conomiques et d&rsquo;entreprises exog\u00e8nes, soutien aux entreprises en hypercroissance, rayonnement international, d\u00e9veloppement de la plateforme a\u00e9roportuaire, classement de Montpellier en station de tourisme pr\u00e9figurant l&rsquo;implantation d&rsquo;un casino&#8230; Autant d&rsquo;objectifs et de moyens dont la transition \u00e9cologique semble exclue.<\/p>\n\n\n\n<p>Le champ d&rsquo;action de l&rsquo;\u00e9cologie ne se r\u00e9duit pas \u00e0 celui de l&rsquo;environnement. L&rsquo;\u00e9cologie interroge les notions m\u00eames de d\u00e9veloppement et de croissance. <strong>Quelle forme de d\u00e9veloppement souhaitons-nous<\/strong> 5 ans \u00e0 peine apr\u00e8s la COP21 et les accords de Paris? A l&rsquo;heure m\u00eame o\u00f9 nous traversons une crise sanitaire qui a r\u00e9v\u00e9l\u00e9 la fragilit\u00e9 de l&rsquo;ancien mod\u00e8le?<\/p>\n\n\n\n<p>Aussi, les \u00e9cologistes fondent l&rsquo;espoir que le cadre strat\u00e9gique et les missions de la future agence de d\u00e9veloppement soient pens\u00e9es <strong>dans l&rsquo;objectif de faire de notre M\u00e9tropole un vrai territoire r\u00e9silient.<\/strong><\/p>\n\n\n\n<p class=\"has-vivid-cyan-blue-color has-text-color\"><em>Cliquez sur les images pour acc\u00e9der aux vid\u00e9os<\/em><\/p>\n\n\n\n<div class=\"wp-block-group alignwide\"><div class=\"wp-block-group__inner-container is-layout-flow wp-block-group-is-layout-flow\">\n<div class=\"wp-block-media-text alignwide has-media-on-the-right is-stacked-on-mobile is-vertically-aligned-center\"><figure class=\"wp-block-media-text__media\"><a href=\"https:\/\/www.youtube.com\/watch?v=YsKcmrGhMnI&amp;feature=youtu.be&amp;t=10440\" target=\"_blank\" rel=\"noopener noreferrer\"><img decoding=\"async\" src=\"https:\/\/montpellier.eelv.fr\/files\/2020\/10\/3M-REYNAUD-2020-10-12.png\" alt=\"\" class=\"wp-image-8677 size-full\"\/><\/a><\/figure><div class=\"wp-block-media-text__content\">\n<p><a href=\"https:\/\/www.youtube.com\/watch?v=YsKcmrGhMnI&amp;feature=youtu.be&amp;t=10440\" target=\"_blank\" rel=\"noreferrer noopener\">Intervention de Manu Reynaud contre la subvention de 150.000 euros \u00e0 l&rsquo;a\u00e9roport de Montpellier.<\/a><\/p>\n<\/div><\/div>\n\n\n\n<div class=\"wp-block-media-text alignwide has-media-on-the-right is-stacked-on-mobile\"><figure class=\"wp-block-media-text__media\"><a href=\"https:\/\/www.youtube.com\/watch?v=YsKcmrGhMnI&amp;feature=youtu.be&amp;t=9836\" target=\"_blank\" rel=\"noopener noreferrer\"><img decoding=\"async\" src=\"https:\/\/montpellier.eelv.fr\/files\/2020\/10\/3M-PATERNOT-2020-10-12.png\" alt=\"\" class=\"wp-image-8678 size-full\"\/><\/a><\/figure><div class=\"wp-block-media-text__content\">\n<p><a href=\"https:\/\/www.youtube.com\/watch?v=YsKcmrGhMnI&amp;feature=youtu.be&amp;t=9836\" target=\"_blank\" rel=\"noreferrer noopener\">Intervention de Bruno Paternot contre le classement de la Ville de Montpellier en station de tourisme.<\/a><\/p>\n<\/div><\/div>\n<\/div><\/div>\n\n\n\n<div class=\"wp-block-group\"><div class=\"wp-block-group__inner-container is-layout-flow wp-block-group-is-layout-flow\">\n<h3 class=\"wp-block-heading\">Les autres projets d&rsquo;affaires et interventions des \u00e9lu-es \u00e9cologistes<\/h3>\n<\/div><\/div>\n\n\n\n<div class=\"wp-block-columns is-layout-flex wp-container-core-columns-is-layout-9d6595d7 wp-block-columns-is-layout-flex\">\n<div class=\"wp-block-column is-vertically-aligned-top is-layout-flow wp-block-column-is-layout-flow\">\n<figure class=\"wp-block-image size-large\"><a href=\"https:\/\/youtu.be\/YsKcmrGhMnI?t=14845\" target=\"_blank\" rel=\"noopener noreferrer\"><img decoding=\"async\" src=\"https:\/\/montpellier.eelv.fr\/files\/2020\/10\/3M-SERRANO-2020-10-12-1.png\" alt=\"\" class=\"wp-image-8723\"\/><\/a><figcaption>Culture et patrimoine historique &#8211;&gt; Convention Mus\u00e9e Fabre \/ Ecole du Louvre<br>(Celia Serrano)<\/figcaption><\/figure>\n<\/div>\n\n\n\n<div class=\"wp-block-column is-layout-flow wp-block-column-is-layout-flow\">\n<figure class=\"wp-block-image size-large is-resized\"><a href=\"https:\/\/youtu.be\/YsKcmrGhMnI?t=12586\" target=\"_blank\" rel=\"noopener noreferrer\"><img loading=\"lazy\" decoding=\"async\" src=\"https:\/\/montpellier.eelv.fr\/files\/2020\/10\/3M-MANTION-2020-10-12-1024x551.png\" alt=\"\" class=\"wp-image-8681\" width=\"172\" height=\"92\"\/><\/a><figcaption>Am\u00e9nagement du territoire &#8211;&gt; Subventions (r\u00e9novation \u00e9nerg\u00e9tique \/ ville de demain), SCOT et modifications du SRADDET<br>(Coralie Mantion)<\/figcaption><\/figure>\n<\/div>\n\n\n\n<div class=\"wp-block-column is-layout-flow wp-block-column-is-layout-flow\">\n<figure class=\"wp-block-image size-large\"><a href=\"https:\/\/youtu.be\/YsKcmrGhMnI?t=11916\" target=\"_blank\" rel=\"noopener noreferrer\"><img decoding=\"async\" src=\"https:\/\/montpellier.eelv.fr\/files\/2020\/10\/3M-VASQUEZ-2020-10-12.png\" alt=\"\" class=\"wp-image-8679\"\/><\/a><figcaption>Collecte, tri, valorisation des d\u00e9chets et politique z\u00e9ro d\u00e9chet &#8211;&gt; Op\u00e9ration \u00ab\u00a0Mon commer\u00e7ant z\u00e9ro d\u00e9chets\u00a0\u00bb<br>(Fran\u00e7ois Vasquez)<\/figcaption><\/figure>\n<\/div>\n<\/div>\n\n\n\n<h3 class=\"wp-block-heading\">Mobilit\u00e9s &#8211; 500 euros pour l&rsquo;achat d&rsquo;un VAE: 1\u00e8re \u00e9tape du \u00ab\u00a0choc des mobilit\u00e9s\u00a0\u00bb voulu par les \u00e9cologistes<\/h3>\n\n\n\n<div class=\"wp-block-columns is-layout-flex wp-container-core-columns-is-layout-9d6595d7 wp-block-columns-is-layout-flex\">\n<div class=\"wp-block-column is-layout-flow wp-block-column-is-layout-flow\">\n<figure class=\"wp-block-image size-large\"><img decoding=\"async\" src=\"https:\/\/montpellier.eelv.fr\/files\/2020\/10\/site_aide_achat_velo-1024x379.png\" alt=\"\" class=\"wp-image-8733\"\/><figcaption>En compl\u00e9ment du d\u00e9veloppement des pistes cyclables port\u00e9 par les \u00e9cologistes \u00e0 Montpellier, les conseiller-es ont approuv\u00e9 \u00e0 l&rsquo;unanimit\u00e9 une aide de 500 euros sans conditions de ressources, accord\u00e9e par la M\u00e9tropole \u00e0 tous ses habitant-es. Premi\u00e8re \u00e9tape d&rsquo;un syst\u00e8me-v\u00e9lo global qui se met progressivement en place, cette offre sera ult\u00e9rieurement compl\u00e9t\u00e9e par d&rsquo;autres mesures.<\/figcaption><\/figure>\n<\/div>\n\n\n\n<div class=\"wp-block-column is-layout-flow wp-block-column-is-layout-flow\">\n<figure class=\"wp-block-image size-large\"><a href=\"https:\/\/www.youtube.com\/watch?v=YsKcmrGhMnI&amp;feature=youtu.be&amp;t=6844\" target=\"_blank\" rel=\"noopener noreferrer\"><img decoding=\"async\" src=\"https:\/\/montpellier.eelv.fr\/files\/2020\/10\/3M-REYNAUD-2020-10-122.png\" alt=\"\" class=\"wp-image-8747\"\/><\/a><\/figure>\n\n\n\n<blockquote class=\"wp-block-quote is-layout-flow wp-block-quote-is-layout-flow\"><p>\u00ab\u00a0Apr\u00e8s cette premi\u00e8re mesure, on r\u00e9fl\u00e9chit \u00e0 la question de l&rsquo;occasion, du v\u00e9lo m\u00e9canique et des dispositifs de s\u00e9curit\u00e9\u00a0\u00bb.<\/p><cite>Manu Reynaud<\/cite><\/blockquote>\n<\/div>\n<\/div>\n\n\n\n<p>L&rsquo;int\u00e9gralit\u00e9 du Conseil M\u00e9tropolitain peut \u00eatre visionn\u00e9e <a rel=\"noreferrer noopener\" href=\"https:\/\/www.montpellier3m.fr\/connaitre-fonctionnement-conseil-de-metropole\/le-conseil-de-metropole-en-direct\" target=\"_blank\">EN LIGNE<\/a>.<\/p>\n","protected":false},"excerpt":{"rendered":"<p>99 affaires \u00e9taient propos\u00e9es au vote du Conseil M\u00e9tropolitain, dont 14 affaires \u00ab\u00a0\u00e9conomiques\u00a0\u00bb, au titre desquelles, en ouverture, la cr\u00e9ation de la toute nouvelle Agence de D\u00e9veloppement Economique. A l&rsquo;exception de la subvention \u00e0 l&rsquo;a\u00e9roport et du classement de Montpellier en station de tourisme (voir interventions ci-dessous), les \u00e9cologistes ont vot\u00e9 pour les affaires propos\u00e9es [&hellip;]<\/p>\n","protected":false},"author":6,"featured_media":10147,"comment_status":"open","ping_status":"open","sticky":false,"template":"","format":"standard","meta":{"_et_pb_use_builder":"","_et_pb_old_content":"","_et_gb_content_width":"","footnotes":""},"categories":[16],"tags":[],"class_list":["post-8672","post","type-post","status-publish","format-standard","has-post-thumbnail","hentry","category-les-conseils"],"_links":{"self":[{"href":"https:\/\/choisirlecologie.fr\/bienvenue\/wp-json\/wp\/v2\/posts\/8672","targetHints":{"allow":["GET"]}}],"collection":[{"href":"https:\/\/choisirlecologie.fr\/bienvenue\/wp-json\/wp\/v2\/posts"}],"about":[{"href":"https:\/\/choisirlecologie.fr\/bienvenue\/wp-json\/wp\/v2\/types\/post"}],"author":[{"embeddable":true,"href":"https:\/\/choisirlecologie.fr\/bienvenue\/wp-json\/wp\/v2\/users\/6"}],"replies":[{"embeddable":true,"href":"https:\/\/choisirlecologie.fr\/bienvenue\/wp-json\/wp\/v2\/comments?post=8672"}],"version-history":[{"count":3,"href":"https:\/\/choisirlecologie.fr\/bienvenue\/wp-json\/wp\/v2\/posts\/8672\/revisions"}],"predecessor-version":[{"id":9969,"href":"https:\/\/choisirlecologie.fr\/bienvenue\/wp-json\/wp\/v2\/posts\/8672\/revisions\/9969"}],"wp:featuredmedia":[{"embeddable":true,"href":"https:\/\/choisirlecologie.fr\/bienvenue\/wp-json\/wp\/v2\/media\/10147"}],"wp:attachment":[{"href":"https:\/\/choisirlecologie.fr\/bienvenue\/wp-json\/wp\/v2\/media?parent=8672"}],"wp:term":[{"taxonomy":"category","embeddable":true,"href":"https:\/\/choisirlecologie.fr\/bienvenue\/wp-json\/wp\/v2\/categories?post=8672"},{"taxonomy":"post_tag","embeddable":true,"href":"https:\/\/choisirlecologie.fr\/bienvenue\/wp-json\/wp\/v2\/tags?post=8672"}],"curies":[{"name":"wp","href":"https:\/\/api.w.org\/{rel}","templated":true}]}}