{"id":8593,"date":"2020-10-06T17:20:18","date_gmt":"2020-10-06T17:20:18","guid":{"rendered":"https:\/\/montpellier.eelv.fr\/?p=8593"},"modified":"2021-04-13T09:02:45","modified_gmt":"2021-04-13T09:02:45","slug":"conseil-municipal-du-5-octobre-2020-deliberations-et-interventions-des-elu-es-ecologistes","status":"publish","type":"post","link":"https:\/\/choisirlecologie.fr\/bienvenue\/conseil-municipal-du-5-octobre-2020-deliberations-et-interventions-des-elu-es-ecologistes","title":{"rendered":"[Conseil Municipal] 05\/10\/2020 &#8211; D\u00e9lib\u00e9rations et interventions des \u00e9lu-es \u00e9cologistes"},"content":{"rendered":"\n<p>Lors de ce conseil municipal ax\u00e9 sur la <strong>protection de la population<\/strong> (s\u00e9curit\u00e9, sant\u00e9&#8230;), les \u00e9lu-es \u00e9cologistes ont rapport\u00e9 plusieurs projets de d\u00e9lib\u00e9rations: lutte contre le harc\u00e8lement de rue, objectif \u00ab\u00a0z\u00e9ro phyto\u00a0\u00bb, poursuite du plan de politique alimentaire durable, dispositifs culturels au profit des \u00e9l\u00e8ves, v\u0153u en faveur du bien-\u00eatre animal&#8230; Retrouvez ci-dessous les interventions des \u00e9lu-es (texte et video):<\/p>\n\n\n\n<div class=\"wp-block-group\"><div class=\"wp-block-group__inner-container is-layout-flow wp-block-group-is-layout-flow\">\n<ul class=\"wp-block-list\"><li>Renforcement de <strong>la lutte contre les outrages sexistes<\/strong> : formation des personnels verbalisateurs (Fatma Nakib)<\/li><li>Attribution de subventions entre l\u2019\u00c9tat, la M\u00e9tropole de Montpellier et la Ville (Mustapha Laoukiri)<\/li><li>Charte r\u00e9gionale \u00ab\u00a0<strong>Objectif Z\u00e9ro Phyto<\/strong>\u00a0\u00bb (St\u00e9phane Jouault)<\/li><li>Adh\u00e9sion \u00e0 l&rsquo;association \u00ab\u00a0<strong>Un Plus Bio<\/strong>\u00a0\u00bb (Marie Massart)<\/li><li>Dispositifs \u00ab\u00a0\u00c9cole et <strong>Cin\u00e9ma<\/strong>\u00ab\u00a0, \u00ab\u00a0Coll\u00e8ge au cin\u00e9ma\u00a0\u00bb, \u00ab\u00a0Lyc\u00e9ens et apprentis au cin\u00e9ma\u00a0\u00bb et Convention avec le CROUS (C\u00e9lia Serrano) <\/li><li>V\u0153u pour des<strong> cirques sans animaux<\/strong> (Eddine Ariztegui)<\/li><\/ul>\n<\/div><\/div>\n\n\n\n<div class=\"wp-block-columns is-layout-flex wp-container-core-columns-is-layout-9d6595d7 wp-block-columns-is-layout-flex\">\n<div class=\"wp-block-column is-layout-flow wp-block-column-is-layout-flow\">\n<figure class=\"wp-block-image size-large is-style-default\"><a href=\"https:\/\/youtu.be\/wI-TmZHJbuo?t=8790\"><img decoding=\"async\" src=\"https:\/\/montpellier.eelv.fr\/files\/2020\/10\/Capture-d\u2019\u00e9cran-5-2-1024x574.png\" alt=\"\" class=\"wp-image-8603\"\/><\/a><figcaption><strong>Lutte<\/strong> <strong>contre le harc\u00e8lement de rue<\/strong><br>(Fatma Nakib)<\/figcaption><\/figure>\n<\/div>\n\n\n\n<div class=\"wp-block-column is-layout-flow wp-block-column-is-layout-flow\">\n<figure class=\"wp-block-image size-large\"><a href=\"https:\/\/youtu.be\/wI-TmZHJbuo?t=9520\"><img decoding=\"async\" src=\"https:\/\/montpellier.eelv.fr\/files\/2020\/10\/Capture-d\u2019\u00e9cran-7-1024x579.png\" alt=\"\" class=\"wp-image-8602\"\/><\/a><figcaption>Convention d&rsquo;attribution de subventions au titre de la dotation politique de la ville 2020<br>(Mustapha Laoukiri)<\/figcaption><\/figure>\n<\/div>\n\n\n\n<div class=\"wp-block-column is-layout-flow wp-block-column-is-layout-flow\">\n<figure class=\"wp-block-image size-large\"><a href=\"https:\/\/youtu.be\/wI-TmZHJbuo?t=11207\"><img decoding=\"async\" src=\"https:\/\/montpellier.eelv.fr\/files\/2020\/10\/Capture-d\u2019\u00e9cran-11-1024x574.png\" alt=\"\" class=\"wp-image-8605\"\/><\/a><figcaption>Adh\u00e9sion \u00e0 l&rsquo;association<br>\u00ab\u00a0<strong>Un Plus Bio<\/strong>\u00a0\u00bb <br>(Marie Massart)<\/figcaption><\/figure>\n<\/div>\n<\/div>\n\n\n\n<div class=\"wp-block-columns is-layout-flex wp-container-core-columns-is-layout-9d6595d7 wp-block-columns-is-layout-flex\">\n<div class=\"wp-block-column is-layout-flow wp-block-column-is-layout-flow\">\n<figure class=\"wp-block-image size-large\"><a href=\"https:\/\/youtu.be\/wI-TmZHJbuo?t=10950\"><img decoding=\"async\" src=\"https:\/\/montpellier.eelv.fr\/files\/2020\/10\/Capture-d\u2019\u00e9cran-9-1024x575.png\" alt=\"\" class=\"wp-image-8604\"\/><\/a><figcaption><a href=\"#Stephane-Jouault\">Charte r\u00e9gionale<br>\u00ab\u00a0<strong>Objectif Z\u00e9ro Phyto<\/strong>\u00a0\u00bb <\/a><br>(St\u00e9phane Jouault)<\/figcaption><\/figure>\n<\/div>\n\n\n\n<div class=\"wp-block-column is-layout-flow wp-block-column-is-layout-flow\">\n<figure class=\"wp-block-image size-large\"><a href=\"https:\/\/youtu.be\/wI-TmZHJbuo?t=12794\"><img decoding=\"async\" src=\"https:\/\/montpellier.eelv.fr\/files\/2020\/10\/Capture-d\u2019\u00e9cran-17-1024x578.png\" alt=\"\" class=\"wp-image-8606\"\/><\/a><figcaption>Dispositifs \u00e9ducatifs de <strong>sensibilisation au cin\u00e9ma<\/strong><br>(C\u00e9lia Serrano)<\/figcaption><\/figure>\n<\/div>\n\n\n\n<div class=\"wp-block-column is-layout-flow wp-block-column-is-layout-flow\">\n<figure class=\"wp-block-image size-large\"><a href=\"https:\/\/youtu.be\/wI-TmZHJbuo?t=15630\"><img decoding=\"async\" src=\"https:\/\/montpellier.eelv.fr\/files\/2020\/10\/Capture-d\u2019\u00e9cran-19-1024x573.png\" alt=\"\" class=\"wp-image-8608\" title=\"Eddine-Ariztegui\"\/><\/a><figcaption><a href=\"#Eddine-Ariztegui\">V\u0153u pour des<strong> <\/strong><br><strong>cirques sans animaux<\/strong><\/a> <br>(Eddine Ariztegui)<\/figcaption><\/figure>\n<\/div>\n<\/div>\n\n\n\n<p>Le groupe \u00ab\u00a0Choisir l&rsquo;Ecologie\u00a0\u00bb est par ailleurs intervenu sur 2 affaires pour lesquelles les 12 \u00e9lu-es se sont prononc\u00e9-es contre la d\u00e9lib\u00e9ration soumise au vote: <\/p>\n\n\n\n<div class=\"wp-block-media-text alignwide is-stacked-on-mobile is-vertically-aligned-center\"><figure class=\"wp-block-media-text__media\"><a href=\"https:\/\/www.youtube.com\/watch?v=wI-TmZHJbuo&amp;feature=youtu.be&amp;t=7589\"><img decoding=\"async\" src=\"https:\/\/montpellier.eelv.fr\/files\/2020\/10\/Capture-d\u2019\u00e9cran-3-1-1024x574.png\" alt=\"\" class=\"wp-image-8597 size-full\"\/><\/a><\/figure><div class=\"wp-block-media-text__content\">\n<p><a href=\"#Bruno-Paternot\">Intervention de Bruno Paternot contre l&rsquo;installation de 12 nouvelles cam\u00e9ras dans le cadre du programme de vid\u00e9o-protection urbaine.<\/a><\/p>\n<\/div><\/div>\n\n\n\n<div class=\"wp-block-media-text alignwide is-stacked-on-mobile\"><figure class=\"wp-block-media-text__media\"><a href=\"https:\/\/youtu.be\/wI-TmZHJbuo?t=11720\"><img decoding=\"async\" src=\"https:\/\/montpellier.eelv.fr\/files\/2020\/10\/Capture-d\u2019\u00e9cran-13-1024x574.png\" alt=\"\" class=\"wp-image-8614 size-full\"\/><\/a><\/figure><div class=\"wp-block-media-text__content\">\n<p><a href=\"#Coralie-Mantion\">Intervention de Coralie Mantion contre le classement de la Ville de Montpellier en station de tourisme.<\/a><\/p>\n<\/div><\/div>\n\n\n\n<h2 class=\"wp-block-heading\">Verbatim des interventions<\/h2>\n\n\n\n<h4 class=\"wp-block-heading\" id=\"Stephane-Jouault\">Intervention de St\u00e9phane Jouault<\/h4>\n\n\n\n<blockquote class=\"wp-block-quote is-layout-flow wp-block-quote-is-layout-flow\"><p>La charte r\u00e9gionale z\u00e9ro phyto est port\u00e9e par la FREDON Occitanie qui est une F\u00e9d\u00e9ration R\u00e9gionale de D\u00e9fense contre les Organismes Nuisibles, organisme d\u00e9l\u00e9gataire de missions de service public. Elle traduit l&rsquo;engagement des collectivit\u00e9s \u00e0 ne plus utiliser de produits phytosanitaires. <\/p><p>Pour la ville de Montpellier, c&rsquo;est l&rsquo;aboutissement d&rsquo;un processus qui a commenc\u00e9 en 2016 pour les espaces verts puis la voierie et les cimeti\u00e8res, et qui se poursuit aujourd&rsquo;hui dans le domaine des terrains de sports depuis cet automne.<\/p><p>Pour saluer cet engagement de la ville de Montpellier, la FREDON a souhait\u00e9 que la remise annuelle des labels pour toutes les communes laur\u00e9ates se tienne \u00e0 Montpellier en d\u00e9cembre. Dans la mesure o\u00f9 les conditions sanitaires le permettent bien s\u00fbr.<br>Je vous propose donc d&rsquo;approuver l&rsquo;adh\u00e9sion de Montpellier \u00e0 cette charge r\u00e9gionale \u00ab\u00a0z\u00e9ro phyto\u00a0\u00bb.<\/p><\/blockquote>\n\n\n\n<h4 class=\"wp-block-heading\" id=\"Eddine-Ariztegui\">Intervention de Eddine Ariztegui<\/h4>\n\n\n\n<blockquote class=\"wp-block-quote is-layout-flow wp-block-quote-is-layout-flow\"><p>La Ministre Barbara POMPILI a annonc\u00e9 la semaine derni\u00e8re la fin progressive des cirques itin\u00e9rants avec animaux sauvages parmi d\u2019autres mesures concernant les animaux sauvages.<\/p><p>Fin 2018, la pr\u00e9c\u00e9dente \u00e9quipe municipale avait vot\u00e9 un v\u0153u demandant une l\u00e9gislation nationale contre les cirques avec animaux sauvages et pour emp\u00eacher ces cirques de s\u2019installer dans la commune de Montpellier.<\/p><p>Nous exprimons aujourd\u2019hui un v\u0153u qui va au-del\u00e0, afin de demander l\u2019interdiction dans les cirques de tous les types d\u2019animaux, quels qu\u2019ils soient (sauvages, domestiques, de ferme ou autres).<\/p><p>Car aucun animal ne devrait avoir \u00e0 subir l\u2019exploitation et la contrainte de devoir assurer un spectacle dans un cirque au prix d\u2019un dressage souvent cruel et de conditions de vie incompatibles avec leur esp\u00e8ce.<\/p><p>Nous encouragerons la venue de cirques \u00e9thiques, sans animaux vivants, mais mettant au centre la relation magique que l\u2019on peut avoir avec un animal et la bienveillance que nous devons leur accorder, dans le respect de leur dignit\u00e9. C&rsquo;est ce que nous ferons avec le cirque Bouglione.<\/p><\/blockquote>\n\n\n\n<h4 class=\"wp-block-heading\" id=\"Bruno-Paternot\">Intervention de Bruno Paternot<\/h4>\n\n\n\n<blockquote class=\"wp-block-quote is-layout-flow wp-block-quote-is-layout-flow\"><p>Les \u00e9cologistes ne sont pas partisans de l\u2019installation de cam\u00e9ras de surveillance dans l\u2019espace public. Nous ne l\u2019avons jamais \u00e9t\u00e9 ailleurs, nous ne le sommes pas ici non plus.<\/p><p>Ne confondons pas vid\u00e9o-verbalisation, vid\u00e9o-surveillance et vid\u00e9o-protection.<\/p><p>Prot\u00e9ger vient du latin&nbsp;<em>protegerer<\/em>&nbsp;qui signifie \u00ab&nbsp;abriter&nbsp;\u00bb. On peut s\u2019abriter dans les bras d\u2019un policier, on peut s\u2019abriter dans le regard ou l\u2019uniforme d\u2019une polici\u00e8re. On ne peut pas s\u2019abriter dans les bras d\u2019une cam\u00e9ra de vid\u00e9o-surveillance. \u00ab&nbsp;Sur-veiller&nbsp;\u00bb, veut bien dire \u00ab\u00a0regarder par en dessus\u00a0\u00bb, c\u2019est exactement la place de la cam\u00e9ra.<\/p><p>Dans un contexte budg\u00e9taire compliqu\u00e9, quand il faut r\u00e9pondre au sentiment d\u2019ins\u00e9curit\u00e9, les \u00e9cologistes privil\u00e9gieront toujours l\u2019humain car la cam\u00e9ra ne fait pas vraiment dans le sentiment.<\/p><p>Si l\u2019on rapporte en 1 an le nombre d\u2019interpellations, on arrive \u00e0 ce chiffre (trop faible \u00e0 nos yeux) de 2 interpellations par cam\u00e9ra et par an. Et ce ne sont pas les cam\u00e9ras qui sont all\u00e9es avec leurs petites mains faire les interpellations, il y a des policiers derri\u00e8re. Tout policier fera proportionnellement mieux avec le m\u00eame budget allou\u00e9.<\/p><p>Je relisais hier Jean-Christophe Buisson du Figaro qui parlait \u00e0 propos de \u00ab&nbsp;La loi du March\u00e9&nbsp;\u00bb de St\u00e9phane Briz\u00e9 et il expliquait sur Vincent Lindon dans ce film&nbsp;que : \u00ab&nbsp;son m\u00e9tier n\u2019est pas de surveiller mais de g\u00e9rer les cam\u00e9ras&nbsp;\u00bb.<\/p><p>Dans une politique du care, les cam\u00e9ras servent principalement \u00e0 r\u00e9parer. Gouverner c\u2019est pr\u00e9voir et les \u00e9cologistes pr\u00e9f\u00e8rent pr\u00e9venir que gu\u00e9rir.<\/p><p>Par ailleurs on se trouve aujourd\u2019hui dans un monde de libert\u00e9 surveill\u00e9e et le groupe \u00e9cologiste est attentif \u00e0 gagner en libert\u00e9, malgr\u00e9 le contexte sanitaire.<\/p><p>C\u2019est pour cela que nous voterons pour les 5 autres d\u00e9lib\u00e9rations qui concernent une s\u00e9curit\u00e9 qui augmente les libert\u00e9s, notamment la s\u00e9curit\u00e9 des femmes dans l\u2019espace public qui est une priorit\u00e9 du mandat.<\/p><p>ET nous nous r\u00e9jouissons malgr\u00e9 tout de la cam\u00e9ra plac\u00e9e dans la gare fant\u00f4me Sud-de-France, elle permettra au moins de compter les passagers qui s&rsquo;y trouvent, c\u2019est d\u00e9j\u00e0 pas mal.<\/p><\/blockquote>\n\n\n\n<h4 class=\"wp-block-heading\" id=\"Coralie-Mantion\">Intervention de Coralie Mantion<\/h4>\n\n\n\n<blockquote class=\"wp-block-quote is-layout-flow wp-block-quote-is-layout-flow\"><p>Rien ne va plus!<\/p><p>Quels sont les avantages au fait d\u2019\u00eatre class\u00e9e station touristique&nbsp;?<\/p><p>&#8211;&nbsp;<em>La majoration de l\u2019indemnit\u00e9 des \u00e9lus<\/em><\/p><p>je ne pense pas que la majorit\u00e9 ici pr\u00e9sente, qui a vot\u00e9 la baisse de 5% des indemnit\u00e9s, le souhaite, donc inutile<\/p><p>&#8211;&nbsp;<em>Le surclassement d\u00e9mographique<\/em>&nbsp;qui permet d\u2019augmenter l\u2019effectif de collaborateurs du cabinet du maire, encore inutile<\/p><p>&#8211;&nbsp;&nbsp;<em>L\u2019affectation directe du produit de la taxe additionnelle aux droits d\u2019enregistrement&nbsp;ou \u00e0 la taxe de publicit\u00e9 fonci\u00e8re<\/em><\/p><p>Cette avantage est valable uniquement pour les communes de \u2013 5000 habitants car les autres per\u00e7oivent d\u00e9j\u00e0 au titre des&nbsp;dotations annuelles, le produit de ces taxes. Il me semble que nous sommes plus de 5000 habitants donc encore un avantage inutile.<\/p><p>&#8211;&nbsp;<em>La possibilit\u00e9 de donner des agr\u00e9ments \u00e0 des agents titulaires de la commune habituellement affect\u00e9s&nbsp;\u00e0 des emplois autres que ceux de la police municipale ou \u00e0 des agents non titulaires,&nbsp;d\u2019assister temporairement les agents de la police municipale<\/em><\/p><p>Etre agent de police ne s\u2019improvise pas. Et je suis s\u00fbre que personne ici ne veut jouer avec la s\u00e9curit\u00e9 de nos concitoyens. Encore une fois&nbsp;: inutile&nbsp;!<\/p><p>&#8211;&nbsp;Dernier point&nbsp;:&nbsp;<em>la possibilit\u00e9 d\u2019implanter un casino sur la commune<\/em><\/p><p>Si l\u2019on consid\u00e8re un casino comme une attractivit\u00e9 et qu\u2019on souhaite un r\u00e9\u00e9quilibrage du territoire et donc que toutes les attractivit\u00e9s ne soient pas concentr\u00e9es sur Montpellier, c\u2019est un non sens d\u2019implanter un nouveau casino sur la commune alors que le bassin de vie de Montpellier est d\u00e9j\u00e0 dot\u00e9 de 2 casinos&nbsp;(\u00e0 Palavas et \u00e0 La Grande Motte).<\/p><p>De plus, je ne peux imaginer que le rayonnement de Montpellier passe par ce type d\u2019\u00e9tablissement. Les casinos sont des mirages de l\u2019argent facile. Ils donnent de faux espoirs aux personnes pr\u00e9caires de gagner le jackpot et d\u2019avoir une nouvelle vie. Ce sont des soci\u00e9t\u00e9s qui se font de l\u2019argent sur le dos de nos concitoyens. Je n\u2019ose imaginer que c\u2019est avec un casino que vous voulez que Montpellier rayonne.<\/p><p>Ce classement ne fournira pas une identit\u00e9 \u00e0 Montpellier, ce classement est un classement administratif sans avantage.<\/p><p>C&rsquo;est le quint\u00e9 des inutilit\u00e9s.<\/p><p>Pour les \u00e9cologistes, les jeux sont faits&nbsp;:&nbsp;&nbsp;ce sera contre.<\/p><\/blockquote>\n","protected":false},"excerpt":{"rendered":"<p>Lors de ce conseil municipal ax\u00e9 sur la protection de la population (s\u00e9curit\u00e9, sant\u00e9&#8230;), les \u00e9lu-es \u00e9cologistes ont rapport\u00e9 plusieurs projets de d\u00e9lib\u00e9rations: lutte contre le harc\u00e8lement de rue, objectif \u00ab\u00a0z\u00e9ro phyto\u00a0\u00bb, poursuite du plan de politique alimentaire durable, dispositifs culturels au profit des \u00e9l\u00e8ves, v\u0153u en faveur du bien-\u00eatre animal&#8230; Retrouvez ci-dessous les interventions [&hellip;]<\/p>\n","protected":false},"author":6,"featured_media":11125,"comment_status":"open","ping_status":"open","sticky":false,"template":"","format":"standard","meta":{"_et_pb_use_builder":"","_et_pb_old_content":"","_et_gb_content_width":"","footnotes":""},"categories":[16],"tags":[],"class_list":["post-8593","post","type-post","status-publish","format-standard","has-post-thumbnail","hentry","category-les-conseils"],"_links":{"self":[{"href":"https:\/\/choisirlecologie.fr\/bienvenue\/wp-json\/wp\/v2\/posts\/8593","targetHints":{"allow":["GET"]}}],"collection":[{"href":"https:\/\/choisirlecologie.fr\/bienvenue\/wp-json\/wp\/v2\/posts"}],"about":[{"href":"https:\/\/choisirlecologie.fr\/bienvenue\/wp-json\/wp\/v2\/types\/post"}],"author":[{"embeddable":true,"href":"https:\/\/choisirlecologie.fr\/bienvenue\/wp-json\/wp\/v2\/users\/6"}],"replies":[{"embeddable":true,"href":"https:\/\/choisirlecologie.fr\/bienvenue\/wp-json\/wp\/v2\/comments?post=8593"}],"version-history":[{"count":3,"href":"https:\/\/choisirlecologie.fr\/bienvenue\/wp-json\/wp\/v2\/posts\/8593\/revisions"}],"predecessor-version":[{"id":11141,"href":"https:\/\/choisirlecologie.fr\/bienvenue\/wp-json\/wp\/v2\/posts\/8593\/revisions\/11141"}],"wp:featuredmedia":[{"embeddable":true,"href":"https:\/\/choisirlecologie.fr\/bienvenue\/wp-json\/wp\/v2\/media\/11125"}],"wp:attachment":[{"href":"https:\/\/choisirlecologie.fr\/bienvenue\/wp-json\/wp\/v2\/media?parent=8593"}],"wp:term":[{"taxonomy":"category","embeddable":true,"href":"https:\/\/choisirlecologie.fr\/bienvenue\/wp-json\/wp\/v2\/categories?post=8593"},{"taxonomy":"post_tag","embeddable":true,"href":"https:\/\/choisirlecologie.fr\/bienvenue\/wp-json\/wp\/v2\/tags?post=8593"}],"curies":[{"name":"wp","href":"https:\/\/api.w.org\/{rel}","templated":true}]}}