{"id":13491,"date":"2023-12-11T11:23:47","date_gmt":"2023-12-11T11:23:47","guid":{"rendered":"https:\/\/choisirlecologie.fr\/?p=13491"},"modified":"2023-12-11T11:23:49","modified_gmt":"2023-12-11T11:23:49","slug":"en-pyjama-gare-saint-roch-a-montpellier-pour-accueillir-le-retour-des-trains-de-nuit-manu-reynaud-midi-libre-11-12-2023","status":"publish","type":"post","link":"https:\/\/choisirlecologie.fr\/bienvenue\/en-pyjama-gare-saint-roch-a-montpellier-pour-accueillir-le-retour-des-trains-de-nuit-manu-reynaud-midi-libre-11-12-2023","title":{"rendered":"En pyjama gare Saint-Roch \u00e0 Montpellier pour accueillir le retour des trains de nuit (Manu Reynaud &#8211; Midi Libre 11.12.2023)"},"content":{"rendered":"\n<figure class=\"wp-block-image size-large\"><img loading=\"lazy\" decoding=\"async\" width=\"1024\" height=\"573\" src=\"https:\/\/choisirlecologie.fr\/bienvenue\/wp-content\/uploads\/2023\/12\/Screenshot-2023-12-11-at-12-19-19-En-pyjama-gare-Saint-Roch-a-Montpellier-pour-accueillir-le-retour-des-trains-de-nuit-1024x573.png\" alt=\"\" class=\"wp-image-13492\" srcset=\"https:\/\/choisirlecologie.fr\/bienvenue\/wp-content\/uploads\/2023\/12\/Screenshot-2023-12-11-at-12-19-19-En-pyjama-gare-Saint-Roch-a-Montpellier-pour-accueillir-le-retour-des-trains-de-nuit-1024x573.png 1024w, https:\/\/choisirlecologie.fr\/bienvenue\/wp-content\/uploads\/2023\/12\/Screenshot-2023-12-11-at-12-19-19-En-pyjama-gare-Saint-Roch-a-Montpellier-pour-accueillir-le-retour-des-trains-de-nuit-980x549.png 980w, https:\/\/choisirlecologie.fr\/bienvenue\/wp-content\/uploads\/2023\/12\/Screenshot-2023-12-11-at-12-19-19-En-pyjama-gare-Saint-Roch-a-Montpellier-pour-accueillir-le-retour-des-trains-de-nuit-480x269.png 480w\" sizes=\"auto, (min-width: 0px) and (max-width: 480px) 480px, (min-width: 481px) and (max-width: 980px) 980px, (min-width: 981px) 1024px, 100vw\" \/><\/figure>\n\n\n\n<p>Ce dimanche soir, une quarantaine de personnes s&rsquo;est rassembl\u00e9e devant la gare Saint-Roch pour accueillir le train de nuit Portbou-Paris Austerlitz remis en circulation apr\u00e8s sept ans d&rsquo;interruption. Une offre ferroviaire indispensable estiment ces \u00e9lus et militants associatifs.<\/p>\n\n\n\n<p>Le train Portbou-Paris Austerlitz est entr\u00e9 en gare de Montpellier Saint-Roch \u00e0 22 h ce dimanche soir. Avec une demi-heure de retard. Mais peu importe, l&rsquo;important \u00e9tait ailleurs pour la quarantaine de militants et citoyens pr\u00e9sents, dont certains en pyjama, le dress code de cette soir\u00e9e sur les quais.&nbsp;<\/p>\n\n\n\n<h2 class=\"wp-block-heading\">\u00ab\u00a0Ce n&rsquo;est pas suffisant\u00a0\u00bb<\/h2>\n\n\n\n<p>Pour ce\u00a0comit\u00e9 d&rsquo;accueil particulier il s&rsquo;agissait en effet de marquer le\u00a0retour d&rsquo;une\u00a0ligne de nuit interrompue depuis sept ans et remise en service ce dimanche comme d&rsquo;autres sur le territoire national. L&rsquo;invitation avait \u00e9t\u00e9 lanc\u00e9e par le collectif \u00ab\u00a0Oui aux trains de nuit\u00a0\u00bb et a \u00e9t\u00e9 relay\u00e9e notamment par Europe-Ecologie les Verts et un certain nombre d&rsquo;associations d&rsquo;usagers. \u00ab\u00a0Le train de nuit peut \u00eatre une alternative tr\u00e8s int\u00e9ressante pour les voyages entre r\u00e9gions. Sur des longues distances le train de jour ne permet pas d&rsquo;arriver t\u00f4t le matin ou de partir tard le soir\u00a0\u00bb a indiqu\u00e9 Sylvain au nom du collectif. Pancartes en main indiquant les directions de Wien, Luxembourg ou Quimper, les participants \u00e0 cette op\u00e9ration ont pos\u00e9 symboliquement sur les quais. \u00ab\u00a0Pour nous c&rsquo;est fondamental, les trains de nuit peuvent permettre de r\u00e9duire les \u00e9missions de CO\u00b2 de 50 %. La mobilit\u00e9 ce n&rsquo;est pas un d\u00e9bat anecdotique\u00a0\u00bb a ajout\u00e9\u00a0Abdoulaye Diarra, le candidat \u00e9cologiste aux \u00e9lections europ\u00e9ennes de passage \u00e0 Montpellier ce week-end. Jean-Luc Gibelin, vice-pr\u00e9sident de la R\u00e9gion Occitanie charg\u00e9e des mobilit\u00e9s a \u00e9galement particip\u00e9 \u00e0 cette initiative ainsi que plusieurs \u00e9lus de la ville de Montpellier <strong>dont Manu Reynaud. \u00ab\u00a0C&rsquo;est un train de nuit le week-end et ce n&rsquo;est pas suffisant. La liaison Montpellier-Paris est d\u00e9grad\u00e9e depuis des ann\u00e9es\u00a0\u00bb a-t-il d\u00e9nonc\u00e9.\u00a0<\/strong><\/p>\n\n\n\n<h2 class=\"wp-block-heading\">Construire des voitures couchettes<\/h2>\n\n\n\n<p>Les membres du collectif \u00ab\u00a0Oui aux trains de nuit\u00a0\u00bb demandent \u00e0 l&rsquo;Etat de se mettre en conformit\u00e9 avec les annonces d&rsquo;Emmanuel Macron et de \u00ab\u00a0construire 600 voitures couchettes afin que les trains de nuit puissent \u00e0 nouveau relier les r\u00e9gions \u00e9loign\u00e9es entre elles et les connecter \u00e0 l\u2019Europe\u00a0\u00bb.<\/p>\n\n\n\n<p>\u00ab\u00a0Le train de nuit permet une mobilit\u00e9 plus \u00e9cologique. Il existe une demande sociale grandissante pour pouvoir relier le nord de l&rsquo;Europe en train de nuit afin de pouvoir \u00e9viter l&rsquo;usage de l&rsquo;avion ou de la voiture\u00a0\u00bb ajoutent ses responsables.<\/p>\n","protected":false},"excerpt":{"rendered":"<p>Ce dimanche soir, une quarantaine de personnes s&rsquo;est rassembl\u00e9e devant la gare Saint-Roch pour accueillir le train de nuit Portbou-Paris Austerlitz remis en circulation apr\u00e8s sept ans d&rsquo;interruption. Une offre ferroviaire indispensable estiment ces \u00e9lus et militants associatifs. Le train Portbou-Paris Austerlitz est entr\u00e9 en gare de Montpellier Saint-Roch \u00e0 22 h ce dimanche soir. [&hellip;]<\/p>\n","protected":false},"author":6,"featured_media":13492,"comment_status":"open","ping_status":"open","sticky":false,"template":"","format":"standard","meta":{"_et_pb_use_builder":"","_et_pb_old_content":"","_et_gb_content_width":"","footnotes":""},"categories":[1,104,154],"tags":[],"class_list":["post-13491","post","type-post","status-publish","format-standard","has-post-thumbnail","hentry","category-medias","category-manu-reynaud","category-trains-de-nuit"],"_links":{"self":[{"href":"https:\/\/choisirlecologie.fr\/bienvenue\/wp-json\/wp\/v2\/posts\/13491","targetHints":{"allow":["GET"]}}],"collection":[{"href":"https:\/\/choisirlecologie.fr\/bienvenue\/wp-json\/wp\/v2\/posts"}],"about":[{"href":"https:\/\/choisirlecologie.fr\/bienvenue\/wp-json\/wp\/v2\/types\/post"}],"author":[{"embeddable":true,"href":"https:\/\/choisirlecologie.fr\/bienvenue\/wp-json\/wp\/v2\/users\/6"}],"replies":[{"embeddable":true,"href":"https:\/\/choisirlecologie.fr\/bienvenue\/wp-json\/wp\/v2\/comments?post=13491"}],"version-history":[{"count":1,"href":"https:\/\/choisirlecologie.fr\/bienvenue\/wp-json\/wp\/v2\/posts\/13491\/revisions"}],"predecessor-version":[{"id":13493,"href":"https:\/\/choisirlecologie.fr\/bienvenue\/wp-json\/wp\/v2\/posts\/13491\/revisions\/13493"}],"wp:featuredmedia":[{"embeddable":true,"href":"https:\/\/choisirlecologie.fr\/bienvenue\/wp-json\/wp\/v2\/media\/13492"}],"wp:attachment":[{"href":"https:\/\/choisirlecologie.fr\/bienvenue\/wp-json\/wp\/v2\/media?parent=13491"}],"wp:term":[{"taxonomy":"category","embeddable":true,"href":"https:\/\/choisirlecologie.fr\/bienvenue\/wp-json\/wp\/v2\/categories?post=13491"},{"taxonomy":"post_tag","embeddable":true,"href":"https:\/\/choisirlecologie.fr\/bienvenue\/wp-json\/wp\/v2\/tags?post=13491"}],"curies":[{"name":"wp","href":"https:\/\/api.w.org\/{rel}","templated":true}]}}