{"id":13462,"date":"2023-12-08T12:23:10","date_gmt":"2023-12-08T12:23:10","guid":{"rendered":"https:\/\/choisirlecologie.fr\/?p=13462"},"modified":"2023-12-08T12:23:12","modified_gmt":"2023-12-08T12:23:12","slug":"montpellier-obtient-le-label-assiettes-vertes","status":"publish","type":"post","link":"https:\/\/choisirlecologie.fr\/bienvenue\/montpellier-obtient-le-label-assiettes-vertes","title":{"rendered":"Montpellier obtient le label \u00ab\u00a0Assiettes vertes\u00a0\u00bb"},"content":{"rendered":"\n<p>La Ville de Montpellier est, une nouvelle fois, mise \u00e0 l\u2019honneur pour son action en faveur des alternatives v\u00e9g\u00e9tales dans les cantines.<br>Vendredi 1er d\u00e9cembre, <strong>Marie Massart<\/strong> (adjointe au maire de Montpellier, d\u00e9l\u00e9gu\u00e9e \u00e0 la politique alimentaire et \u00e0 l&rsquo;agriculture urbaine) et<strong> Eddine Ariztegui<\/strong> (adjoint au maire de Montpellier d\u00e9l\u00e9gu\u00e9 au bien-\u00eatre animal) ont sign\u00e9 la charte du<a href=\"https:\/\/assiettesvegetales.org\/a-propos\/\" target=\"_blank\" rel=\"noreferrer noopener\"><strong> label \u00ab\u00a0Assiettes vertes\u00a0\u00bb<\/strong><\/a>, aux c\u00f4t\u00e9s de<strong> Cyril Ernst<\/strong>, charg\u00e9 de d\u00e9veloppement de l&rsquo;association Assiettes v\u00e9g\u00e9tales et Marine Fahy, charg\u00e9e de campagne de l&rsquo;association Assiettes v\u00e9g\u00e9tales.<\/p>\n\n\n\n<p><a href=\"https:\/\/resto.zepros.fr\/restauration-collective\/gestion-directe\/montpellier-obtient-label-assiettes-vertes\">Lire la suite de l&rsquo;article<\/a><\/p>\n","protected":false},"excerpt":{"rendered":"<p>La Ville de Montpellier est, une nouvelle fois, mise \u00e0 l\u2019honneur pour son action en faveur des alternatives v\u00e9g\u00e9tales dans les cantines.Vendredi 1er d\u00e9cembre, Marie Massart (adjointe au maire de Montpellier, d\u00e9l\u00e9gu\u00e9e \u00e0 la politique alimentaire et \u00e0 l&rsquo;agriculture urbaine) et Eddine Ariztegui (adjoint au maire de Montpellier d\u00e9l\u00e9gu\u00e9 au bien-\u00eatre animal) ont sign\u00e9 la [&hellip;]<\/p>\n","protected":false},"author":6,"featured_media":13433,"comment_status":"open","ping_status":"open","sticky":false,"template":"","format":"standard","meta":{"_et_pb_use_builder":"","_et_pb_old_content":"","_et_gb_content_width":"","footnotes":""},"categories":[96,18,1,112,105],"tags":[],"class_list":["post-13462","post","type-post","status-publish","format-standard","has-post-thumbnail","hentry","category-alimentation","category-bien-etre-animal","category-medias","category-eddine-ariztegui","category-marie-massart"],"_links":{"self":[{"href":"https:\/\/choisirlecologie.fr\/bienvenue\/wp-json\/wp\/v2\/posts\/13462","targetHints":{"allow":["GET"]}}],"collection":[{"href":"https:\/\/choisirlecologie.fr\/bienvenue\/wp-json\/wp\/v2\/posts"}],"about":[{"href":"https:\/\/choisirlecologie.fr\/bienvenue\/wp-json\/wp\/v2\/types\/post"}],"author":[{"embeddable":true,"href":"https:\/\/choisirlecologie.fr\/bienvenue\/wp-json\/wp\/v2\/users\/6"}],"replies":[{"embeddable":true,"href":"https:\/\/choisirlecologie.fr\/bienvenue\/wp-json\/wp\/v2\/comments?post=13462"}],"version-history":[{"count":1,"href":"https:\/\/choisirlecologie.fr\/bienvenue\/wp-json\/wp\/v2\/posts\/13462\/revisions"}],"predecessor-version":[{"id":13463,"href":"https:\/\/choisirlecologie.fr\/bienvenue\/wp-json\/wp\/v2\/posts\/13462\/revisions\/13463"}],"wp:featuredmedia":[{"embeddable":true,"href":"https:\/\/choisirlecologie.fr\/bienvenue\/wp-json\/wp\/v2\/media\/13433"}],"wp:attachment":[{"href":"https:\/\/choisirlecologie.fr\/bienvenue\/wp-json\/wp\/v2\/media?parent=13462"}],"wp:term":[{"taxonomy":"category","embeddable":true,"href":"https:\/\/choisirlecologie.fr\/bienvenue\/wp-json\/wp\/v2\/categories?post=13462"},{"taxonomy":"post_tag","embeddable":true,"href":"https:\/\/choisirlecologie.fr\/bienvenue\/wp-json\/wp\/v2\/tags?post=13462"}],"curies":[{"name":"wp","href":"https:\/\/api.w.org\/{rel}","templated":true}]}}