{"id":13188,"date":"2023-09-08T07:16:00","date_gmt":"2023-09-08T07:16:00","guid":{"rendered":"https:\/\/choisirlecologie.fr\/?p=13188"},"modified":"2023-09-08T09:45:09","modified_gmt":"2023-09-08T09:45:09","slug":"la-metropole-de-montpellier-rappelle-son-ambition-zero-dechet-lors-du-carrefour-national-des-dechets-fancois-vasquez-france-bleu-herault-08092023","status":"publish","type":"post","link":"https:\/\/choisirlecologie.fr\/bienvenue\/la-metropole-de-montpellier-rappelle-son-ambition-zero-dechet-lors-du-carrefour-national-des-dechets-fancois-vasquez-france-bleu-herault-08092023","title":{"rendered":"La M\u00e9tropole de Montpellier rappelle son ambition \u00ab\u00a0z\u00e9ro d\u00e9chet\u00a0\u00bb lors du Carrefour national des d\u00e9chets (Fan\u00e7ois Vasquez &#8211; France Bleu H\u00e9rault 08092023"},"content":{"rendered":"\n<p><a href=\"https:\/\/www.francebleu.fr\/infos\/societe\/la-metropole-de-montpellier-rappelle-son-ambition-zero-dechet-lors-du-carrefour-national-des-dechets-3770015\">Retrouvez l&rsquo;interview de Fran\u00e7ois Vasquez<\/a><\/p>\n\n\n\n<p>Changer de paradigme. C&rsquo;est ce qu&rsquo;ont r\u00e9p\u00e9t\u00e9 les \u00e9lus de la M\u00e9tropole lors du\u00a0Carrefour des d\u00e9chets qui se tient jusqu&rsquo;\u00e0 vendredi soir au\u00a0Corum de Montpellier. C&rsquo;est un salon national consacr\u00e9 aux bonnes pratiques sur la gestion et la limitation de tous les d\u00e9chets que nous produisons. Au cours de ces discussions, la M\u00e9tropole de Montpellier a pu rappeler son objectif de <strong>diviser par deux la quantit\u00e9 de d\u00e9chets tout-venant d&rsquo;ici fin 2025<\/strong>\u00a0: c&rsquo;est le plan \u00ab\u00a0z\u00e9ro d\u00e9chets\u00a0\u00bb qui a commenc\u00e9 depuis le d\u00e9but de l&rsquo;ann\u00e9e 2023.<\/p>\n\n\n\n<p><em>\u00ab\u00a0Il faut cesser de voir le traitement des d\u00e9chets par le prisme de l&rsquo;\u00e9limination, l&rsquo;incin\u00e9ration ou la mise en d\u00e9charge,<\/em> explique le vice-pr\u00e9sident&nbsp;de la m\u00e9tropole en charge des d\u00e9chets Fran\u00e7ois Vasquez. <em>On doit donc&nbsp;transf\u00e9rer les moyens (plus de 110 millions d&rsquo;euros par an \u00e0 Montpellier, ndlr), de l&rsquo;aval vers l&rsquo;amont, c&rsquo;est \u00e0 dire de vraiment <strong>investir sur la pr\u00e9vention, sur la r\u00e9duction drastique \u00e0 la source<\/strong>, sur tous les moyens d&rsquo;\u00e9viter les gaspillages alimentaires, sur le r\u00e9emploi, les ressourceries ou le recyclage.\u00a0\u00bb<\/em><\/p>\n\n\n\n<h2 class=\"wp-block-heading\">Un imp\u00e9ratif de survie financi\u00e8re<\/h2>\n\n\n\n<p>Le traitement \u00ab\u00a0classique\u00a0\u00bb des d\u00e9chets co\u00fbte, de toute fa\u00e7on, de plus en plus cher. Pour la M\u00e9tropole de Montpellier, on est pass\u00e9 <strong>de 80 millions d&rsquo;euros en 2018 \u00e0 presque 120 millions en 2023.<\/strong> Parmi les d\u00e9chets vis\u00e9s pour r\u00e9duire le co\u00fbt, il y a les restes alimentaires, les biod\u00e9chets. <em>\u00ab\u00a0On paie au poids et les d\u00e9chets verts, c&rsquo;est 80&nbsp;% d&rsquo;eau. Autrement dit, on paie pour \u00e9liminer de l&rsquo;eau alors que cette mati\u00e8re organique ne demande qu&rsquo;\u00e0 retourner sur les terres de notre m\u00e9tropole qui en manque puisque on a des effets de ruissellement<\/em>, souligne Fran\u00e7ois Vasquez. <em>Il faut cesser avec ces absurdit\u00e9s, tous les restes que nous avons, il faut que \u00e7a retourne \u00e0 la terre&nbsp;!\u00a0\u00bb<\/em><\/p>\n\n\n\n<p>D&rsquo;autres mesures sont aussi mises en place&nbsp;: <strong>plus de 200 fontaines sur la m\u00e9tropole<\/strong>, pour \u00e9viter l&rsquo;utilisation de bouteilles en plastique jetable. Des consignes pour le verre sont aussi d\u00e9ploy\u00e9es en nombre. Objectif&nbsp;: -50% de d\u00e9chets d&rsquo;ici fin 2025.<\/p>\n","protected":false},"excerpt":{"rendered":"<p>Retrouvez l&rsquo;interview de Fran\u00e7ois Vasquez Changer de paradigme. C&rsquo;est ce qu&rsquo;ont r\u00e9p\u00e9t\u00e9 les \u00e9lus de la M\u00e9tropole lors du\u00a0Carrefour des d\u00e9chets qui se tient jusqu&rsquo;\u00e0 vendredi soir au\u00a0Corum de Montpellier. C&rsquo;est un salon national consacr\u00e9 aux bonnes pratiques sur la gestion et la limitation de tous les d\u00e9chets que nous produisons. Au cours de ces [&hellip;]<\/p>\n","protected":false},"author":6,"featured_media":13072,"comment_status":"open","ping_status":"open","sticky":false,"template":"","format":"standard","meta":{"_et_pb_use_builder":"","_et_pb_old_content":"","_et_gb_content_width":"","footnotes":""},"categories":[7,1,107,12],"tags":[],"class_list":["post-13188","post","type-post","status-publish","format-standard","has-post-thumbnail","hentry","category-actualites","category-medias","category-francois-vasquez","category-gestion-des-dechets"],"_links":{"self":[{"href":"https:\/\/choisirlecologie.fr\/bienvenue\/wp-json\/wp\/v2\/posts\/13188","targetHints":{"allow":["GET"]}}],"collection":[{"href":"https:\/\/choisirlecologie.fr\/bienvenue\/wp-json\/wp\/v2\/posts"}],"about":[{"href":"https:\/\/choisirlecologie.fr\/bienvenue\/wp-json\/wp\/v2\/types\/post"}],"author":[{"embeddable":true,"href":"https:\/\/choisirlecologie.fr\/bienvenue\/wp-json\/wp\/v2\/users\/6"}],"replies":[{"embeddable":true,"href":"https:\/\/choisirlecologie.fr\/bienvenue\/wp-json\/wp\/v2\/comments?post=13188"}],"version-history":[{"count":1,"href":"https:\/\/choisirlecologie.fr\/bienvenue\/wp-json\/wp\/v2\/posts\/13188\/revisions"}],"predecessor-version":[{"id":13191,"href":"https:\/\/choisirlecologie.fr\/bienvenue\/wp-json\/wp\/v2\/posts\/13188\/revisions\/13191"}],"wp:featuredmedia":[{"embeddable":true,"href":"https:\/\/choisirlecologie.fr\/bienvenue\/wp-json\/wp\/v2\/media\/13072"}],"wp:attachment":[{"href":"https:\/\/choisirlecologie.fr\/bienvenue\/wp-json\/wp\/v2\/media?parent=13188"}],"wp:term":[{"taxonomy":"category","embeddable":true,"href":"https:\/\/choisirlecologie.fr\/bienvenue\/wp-json\/wp\/v2\/categories?post=13188"},{"taxonomy":"post_tag","embeddable":true,"href":"https:\/\/choisirlecologie.fr\/bienvenue\/wp-json\/wp\/v2\/tags?post=13188"}],"curies":[{"name":"wp","href":"https:\/\/api.w.org\/{rel}","templated":true}]}}