{"id":13146,"date":"2023-07-11T12:38:50","date_gmt":"2023-07-11T12:38:50","guid":{"rendered":"https:\/\/choisirlecologie.fr\/?p=13146"},"modified":"2023-07-20T08:09:30","modified_gmt":"2023-07-20T08:09:30","slug":"tribune-intelligence-artificielle-les-territoires-sengagent-manu-reynaud-esteval-editions","status":"publish","type":"post","link":"https:\/\/choisirlecologie.fr\/bienvenue\/tribune-intelligence-artificielle-les-territoires-sengagent-manu-reynaud-esteval-editions","title":{"rendered":"[Tribune] Intelligence artificielle : les territoires s\u2019engagent ! (Manu Reynaud &#8211; Esteval Editions)"},"content":{"rendered":"\n<figure class=\"wp-block-image size-large\"><img loading=\"lazy\" decoding=\"async\" width=\"1024\" height=\"768\" src=\"https:\/\/choisirlecologie.fr\/bienvenue\/wp-content\/uploads\/2023\/07\/F0WJLocWIAAcrxY-1024x768.jpg\" alt=\"\" class=\"wp-image-13147\" srcset=\"https:\/\/choisirlecologie.fr\/bienvenue\/wp-content\/uploads\/2023\/07\/F0WJLocWIAAcrxY-980x735.jpg 980w, https:\/\/choisirlecologie.fr\/bienvenue\/wp-content\/uploads\/2023\/07\/F0WJLocWIAAcrxY-480x360.jpg 480w\" sizes=\"auto, (min-width: 0px) and (max-width: 480px) 480px, (min-width: 481px) and (max-width: 980px) 980px, (min-width: 981px) 1024px, 100vw\" \/><\/figure>\n\n\n\n<p><em>Le 6 juillet 2023, dans le cadre de la journ\u00e9e \u00ab Les donn\u00e9es et l\u2019IA au service des politiques publiques des territoires \u00bb organis\u00e9e au Hub des territoires, \u00e0 Paris, Les Interconnect\u00e9s, France urbaine<strong>*<\/strong> et Intercommunalit\u00e9s de France ont d\u00e9voil\u00e9 le plan d\u2019action national d\u2019observation des usages de l\u2019Intelligence artificielle (IA) dans les territoires, intitul\u00e9 Les intelligences associ\u00e9es des territoires.<\/em><\/p>\n\n\n\n<p><strong>Face \u00e0 l\u2019acc\u00e9l\u00e9ration des usages de l\u2019IA et la diffusion massive de ces outils dans la vie publique, professionnelle et priv\u00e9e, les membres de la commission \u00ab Num\u00e9rique et <a rel=\"noreferrer noopener\" href=\"https:\/\/www.esteval.fr\/recherche\/innovation\" target=\"_blank\">innovation<\/a> \u00bb des Interconnect\u00e9s, France urbaine et d&rsquo;Intercommunalit\u00e9s de France appellent les \u00e9lus locaux et le Gouvernement \u00e0 prendre position et \u00e0 agir. <\/strong>La commission \u00ab Num\u00e9rique et <a rel=\"noreferrer noopener\" href=\"https:\/\/www.esteval.fr\/recherche\/innovation\" target=\"_blank\">innovation<\/a> \u00bb s\u2019est saisie d\u00e8s 2022 des enjeux soulev\u00e9s par l\u2019Intelligence artificielle. Pour autant, il est n\u00e9cessaire d\u2019acc\u00e9l\u00e9rer la r\u00e9flexion collective et de doter les collectivit\u00e9s d\u2019outils ad\u00e9quats tant le d\u00e9veloppement de solutions d\u2019IA, et d\u2019IA g\u00e9n\u00e9ratives telles que ChatGPT, et les incitations croissantes des industriels et de l\u2019Etat fran\u00e7ais s\u2019intensifient.<\/p>\n\n\n\n<p><strong><a href=\"https:\/\/www.esteval.fr\/article.33873.tribune-intelligence-artificielle-les-territoires-s-engagent\" target=\"_blank\" rel=\"noreferrer noopener\">Lire la suite<\/a><\/strong><\/p>\n","protected":false},"excerpt":{"rendered":"<p>Le 6 juillet 2023, dans le cadre de la journ\u00e9e \u00ab Les donn\u00e9es et l\u2019IA au service des politiques publiques des territoires \u00bb organis\u00e9e au Hub des territoires, \u00e0 Paris, Les Interconnect\u00e9s, France urbaine* et Intercommunalit\u00e9s de France ont d\u00e9voil\u00e9 le plan d\u2019action national d\u2019observation des usages de l\u2019Intelligence artificielle (IA) dans les territoires, intitul\u00e9 [&hellip;]<\/p>\n","protected":false},"author":6,"featured_media":13147,"comment_status":"open","ping_status":"open","sticky":false,"template":"","format":"standard","meta":{"_et_pb_use_builder":"","_et_pb_old_content":"","_et_gb_content_width":"","footnotes":""},"categories":[1,139,104],"tags":[],"class_list":["post-13146","post","type-post","status-publish","format-standard","has-post-thumbnail","hentry","category-medias","category-ia-intelligence-artificielle","category-manu-reynaud"],"_links":{"self":[{"href":"https:\/\/choisirlecologie.fr\/bienvenue\/wp-json\/wp\/v2\/posts\/13146","targetHints":{"allow":["GET"]}}],"collection":[{"href":"https:\/\/choisirlecologie.fr\/bienvenue\/wp-json\/wp\/v2\/posts"}],"about":[{"href":"https:\/\/choisirlecologie.fr\/bienvenue\/wp-json\/wp\/v2\/types\/post"}],"author":[{"embeddable":true,"href":"https:\/\/choisirlecologie.fr\/bienvenue\/wp-json\/wp\/v2\/users\/6"}],"replies":[{"embeddable":true,"href":"https:\/\/choisirlecologie.fr\/bienvenue\/wp-json\/wp\/v2\/comments?post=13146"}],"version-history":[{"count":1,"href":"https:\/\/choisirlecologie.fr\/bienvenue\/wp-json\/wp\/v2\/posts\/13146\/revisions"}],"predecessor-version":[{"id":13148,"href":"https:\/\/choisirlecologie.fr\/bienvenue\/wp-json\/wp\/v2\/posts\/13146\/revisions\/13148"}],"wp:featuredmedia":[{"embeddable":true,"href":"https:\/\/choisirlecologie.fr\/bienvenue\/wp-json\/wp\/v2\/media\/13147"}],"wp:attachment":[{"href":"https:\/\/choisirlecologie.fr\/bienvenue\/wp-json\/wp\/v2\/media?parent=13146"}],"wp:term":[{"taxonomy":"category","embeddable":true,"href":"https:\/\/choisirlecologie.fr\/bienvenue\/wp-json\/wp\/v2\/categories?post=13146"},{"taxonomy":"post_tag","embeddable":true,"href":"https:\/\/choisirlecologie.fr\/bienvenue\/wp-json\/wp\/v2\/tags?post=13146"}],"curies":[{"name":"wp","href":"https:\/\/api.w.org\/{rel}","templated":true}]}}