{"id":13137,"date":"2023-07-11T11:24:53","date_gmt":"2023-07-11T11:24:53","guid":{"rendered":"https:\/\/choisirlecologie.fr\/?p=13137"},"modified":"2023-07-11T11:24:54","modified_gmt":"2023-07-11T11:24:54","slug":"une-future-residence-multigenerationnelle-va-voir-le-jour-a-la-mosson-a-montpellier-coralie-mantion-midi-libre-du-11-juillet-2023","status":"publish","type":"post","link":"https:\/\/choisirlecologie.fr\/bienvenue\/une-future-residence-multigenerationnelle-va-voir-le-jour-a-la-mosson-a-montpellier-coralie-mantion-midi-libre-du-11-juillet-2023","title":{"rendered":"Une future r\u00e9sidence multig\u00e9n\u00e9rationnelle va voir le jour \u00e0 la Mosson \u00e0 Montpellier (Coralie Mantion &#8211; Midi Libre du 11 juillet 2023)"},"content":{"rendered":"\n<p>\u00ab\u00a0Il n&rsquo;y aura pas de logements sociaux, mais une diversification de l&rsquo;offre pour favoriser une mixit\u00e9 sociale\u00a0\u00bb, d\u00e9taille Coralie Mantion, vice-pr\u00e9sidente de la\u00a0M\u00e9tropole,\u00a0d\u00e9l\u00e9gu\u00e9e \u00e0 l\u2019am\u00e9nagement durable du territoire, \u00e0 l\u2019urbanisme et \u00e0 la ma\u00eetrise fonci\u00e8re.<\/p>\n\n\n\n<figure class=\"wp-block-image size-full\"><img loading=\"lazy\" decoding=\"async\" width=\"396\" height=\"830\" src=\"https:\/\/choisirlecologie.fr\/bienvenue\/wp-content\/uploads\/2023\/07\/Screenshot-2023-07-11-at-13-23-12-midi-libre-une-residence-multigenerationnelle-bientot-a-la-mosson-2023-07-11.pdf.png\" alt=\"\" class=\"wp-image-13138\" srcset=\"https:\/\/choisirlecologie.fr\/bienvenue\/wp-content\/uploads\/2023\/07\/Screenshot-2023-07-11-at-13-23-12-midi-libre-une-residence-multigenerationnelle-bientot-a-la-mosson-2023-07-11.pdf.png 396w, https:\/\/choisirlecologie.fr\/bienvenue\/wp-content\/uploads\/2023\/07\/Screenshot-2023-07-11-at-13-23-12-midi-libre-une-residence-multigenerationnelle-bientot-a-la-mosson-2023-07-11.pdf-143x300.png 143w\" sizes=\"auto, (max-width: 396px) 100vw, 396px\" \/><\/figure>\n","protected":false},"excerpt":{"rendered":"<p>\u00ab\u00a0Il n&rsquo;y aura pas de logements sociaux, mais une diversification de l&rsquo;offre pour favoriser une mixit\u00e9 sociale\u00a0\u00bb, d\u00e9taille Coralie Mantion, vice-pr\u00e9sidente de la\u00a0M\u00e9tropole,\u00a0d\u00e9l\u00e9gu\u00e9e \u00e0 l\u2019am\u00e9nagement durable du territoire, \u00e0 l\u2019urbanisme et \u00e0 la ma\u00eetrise fonci\u00e8re.<\/p>\n","protected":false},"author":6,"featured_media":13138,"comment_status":"open","ping_status":"open","sticky":false,"template":"","format":"standard","meta":{"_et_pb_use_builder":"","_et_pb_old_content":"","_et_gb_content_width":"","footnotes":""},"categories":[7,103,1,127],"tags":[],"class_list":["post-13137","post","type-post","status-publish","format-standard","has-post-thumbnail","hentry","category-actualites","category-coralie-mantion","category-medias","category-mosson"],"_links":{"self":[{"href":"https:\/\/choisirlecologie.fr\/bienvenue\/wp-json\/wp\/v2\/posts\/13137","targetHints":{"allow":["GET"]}}],"collection":[{"href":"https:\/\/choisirlecologie.fr\/bienvenue\/wp-json\/wp\/v2\/posts"}],"about":[{"href":"https:\/\/choisirlecologie.fr\/bienvenue\/wp-json\/wp\/v2\/types\/post"}],"author":[{"embeddable":true,"href":"https:\/\/choisirlecologie.fr\/bienvenue\/wp-json\/wp\/v2\/users\/6"}],"replies":[{"embeddable":true,"href":"https:\/\/choisirlecologie.fr\/bienvenue\/wp-json\/wp\/v2\/comments?post=13137"}],"version-history":[{"count":1,"href":"https:\/\/choisirlecologie.fr\/bienvenue\/wp-json\/wp\/v2\/posts\/13137\/revisions"}],"predecessor-version":[{"id":13139,"href":"https:\/\/choisirlecologie.fr\/bienvenue\/wp-json\/wp\/v2\/posts\/13137\/revisions\/13139"}],"wp:featuredmedia":[{"embeddable":true,"href":"https:\/\/choisirlecologie.fr\/bienvenue\/wp-json\/wp\/v2\/media\/13138"}],"wp:attachment":[{"href":"https:\/\/choisirlecologie.fr\/bienvenue\/wp-json\/wp\/v2\/media?parent=13137"}],"wp:term":[{"taxonomy":"category","embeddable":true,"href":"https:\/\/choisirlecologie.fr\/bienvenue\/wp-json\/wp\/v2\/categories?post=13137"},{"taxonomy":"post_tag","embeddable":true,"href":"https:\/\/choisirlecologie.fr\/bienvenue\/wp-json\/wp\/v2\/tags?post=13137"}],"curies":[{"name":"wp","href":"https:\/\/api.w.org\/{rel}","templated":true}]}}