{"id":12783,"date":"2023-01-04T19:07:00","date_gmt":"2023-01-04T19:07:00","guid":{"rendered":"http:\/\/choisirlecologie.fr\/?p=12783"},"modified":"2023-01-16T19:13:53","modified_gmt":"2023-01-16T19:13:53","slug":"changement-dans-la-collecte-des-dechets-francois-vasquez-france-bleu-du-04-01-2023","status":"publish","type":"post","link":"https:\/\/choisirlecologie.fr\/bienvenue\/changement-dans-la-collecte-des-dechets-francois-vasquez-france-bleu-du-04-01-2023","title":{"rendered":"Changement dans la collecte des d\u00e9chets : Fran\u00e7ois Vasquez (France Bleu du 04.01.2023)"},"content":{"rendered":"\n<p>A partir de ce mercredi matin, 4 janvier, du changement dans la collecte des d\u00e9chets dans la m\u00e9tropole de Montpellier.<br>\u00ab\u00a0Faire maigrir la poubelle grise\u00a0\u00bb, c&rsquo;est l&rsquo;objectif affich\u00e9.<br>Et cela passe par un renforcement du tri s\u00e9lectif (les poubelles jaunes) et de la collecte de bio-d\u00e9chets.<br>Concernant ces derniers, des bacs orange, sp\u00e9cialement destin\u00e9s aux d\u00e9chets biod\u00e9gradables, vont \u00eatre mis \u00e0 disposition des habitants et des points d&rsquo;apport volontaires vont \u00eatre install\u00e9s dans les quartiers.<br>Fran\u00e7ois Vasquez, d\u00e9l\u00e9gu\u00e9 \u00e0 la gestion des d\u00e9chets \u00e0 la ville et \u00e0 la m\u00e9tropole, <a href=\"https:\/\/www.dailymotion.com\/video\/x8gw878\" target=\"_blank\" rel=\"noreferrer noopener\">\u00e9tait l&rsquo;invit\u00e9 du 6\/9 ce mercredi matin.<\/a><\/p>\n\n\n\n<figure class=\"wp-block-image size-full\"><a href=\"https:\/\/www.dailymotion.com\/video\/x8gw878\" target=\"_blank\" rel=\"noreferrer noopener\"><img loading=\"lazy\" decoding=\"async\" width=\"966\" height=\"550\" src=\"http:\/\/choisirlecologie.fr\/wp-content\/uploads\/2023\/01\/Screenshot-2023-01-16-at-20-11-17-VIDEO-Francois-Vasquez-delegue-au-traitement-des-dechets-a-la-ville-et-metropole-de-Montpellier.png\" alt=\"\" class=\"wp-image-12784\" srcset=\"http:\/\/choisirlecologie.fr\/wp-content\/uploads\/2023\/01\/Screenshot-2023-01-16-at-20-11-17-VIDEO-Francois-Vasquez-delegue-au-traitement-des-dechets-a-la-ville-et-metropole-de-Montpellier.png 966w, http:\/\/choisirlecologie.fr\/wp-content\/uploads\/2023\/01\/Screenshot-2023-01-16-at-20-11-17-VIDEO-Francois-Vasquez-delegue-au-traitement-des-dechets-a-la-ville-et-metropole-de-Montpellier-480x273.png 480w\" sizes=\"auto, (min-width: 0px) and (max-width: 480px) 480px, (min-width: 481px) 966px, 100vw\" \/><\/a><\/figure>\n","protected":false},"excerpt":{"rendered":"<p>A partir de ce mercredi matin, 4 janvier, du changement dans la collecte des d\u00e9chets dans la m\u00e9tropole de Montpellier.\u00ab\u00a0Faire maigrir la poubelle grise\u00a0\u00bb, c&rsquo;est l&rsquo;objectif affich\u00e9.Et cela passe par un renforcement du tri s\u00e9lectif (les poubelles jaunes) et de la collecte de bio-d\u00e9chets.Concernant ces derniers, des bacs orange, sp\u00e9cialement destin\u00e9s aux d\u00e9chets biod\u00e9gradables, vont [&hellip;]<\/p>\n","protected":false},"author":6,"featured_media":12784,"comment_status":"open","ping_status":"open","sticky":false,"template":"","format":"standard","meta":{"_et_pb_use_builder":"","_et_pb_old_content":"","_et_gb_content_width":"","footnotes":""},"categories":[1,107,12],"tags":[],"class_list":["post-12783","post","type-post","status-publish","format-standard","has-post-thumbnail","hentry","category-medias","category-francois-vasquez","category-gestion-des-dechets"],"_links":{"self":[{"href":"https:\/\/choisirlecologie.fr\/bienvenue\/wp-json\/wp\/v2\/posts\/12783","targetHints":{"allow":["GET"]}}],"collection":[{"href":"https:\/\/choisirlecologie.fr\/bienvenue\/wp-json\/wp\/v2\/posts"}],"about":[{"href":"https:\/\/choisirlecologie.fr\/bienvenue\/wp-json\/wp\/v2\/types\/post"}],"author":[{"embeddable":true,"href":"https:\/\/choisirlecologie.fr\/bienvenue\/wp-json\/wp\/v2\/users\/6"}],"replies":[{"embeddable":true,"href":"https:\/\/choisirlecologie.fr\/bienvenue\/wp-json\/wp\/v2\/comments?post=12783"}],"version-history":[{"count":1,"href":"https:\/\/choisirlecologie.fr\/bienvenue\/wp-json\/wp\/v2\/posts\/12783\/revisions"}],"predecessor-version":[{"id":12785,"href":"https:\/\/choisirlecologie.fr\/bienvenue\/wp-json\/wp\/v2\/posts\/12783\/revisions\/12785"}],"wp:featuredmedia":[{"embeddable":true,"href":"https:\/\/choisirlecologie.fr\/bienvenue\/wp-json\/wp\/v2\/media\/12784"}],"wp:attachment":[{"href":"https:\/\/choisirlecologie.fr\/bienvenue\/wp-json\/wp\/v2\/media?parent=12783"}],"wp:term":[{"taxonomy":"category","embeddable":true,"href":"https:\/\/choisirlecologie.fr\/bienvenue\/wp-json\/wp\/v2\/categories?post=12783"},{"taxonomy":"post_tag","embeddable":true,"href":"https:\/\/choisirlecologie.fr\/bienvenue\/wp-json\/wp\/v2\/tags?post=12783"}],"curies":[{"name":"wp","href":"https:\/\/api.w.org\/{rel}","templated":true}]}}