{"id":12643,"date":"2022-10-27T13:29:59","date_gmt":"2022-10-27T13:29:59","guid":{"rendered":"http:\/\/choisirlecologie.fr\/?p=12643"},"modified":"2022-10-27T13:30:01","modified_gmt":"2022-10-27T13:30:01","slug":"marie-massart-presidente-du-min-de-montpellier-nous-veillons-a-concerner-le-maximum-de-producteurs-locaux","status":"publish","type":"post","link":"https:\/\/choisirlecologie.fr\/bienvenue\/marie-massart-presidente-du-min-de-montpellier-nous-veillons-a-concerner-le-maximum-de-producteurs-locaux","title":{"rendered":"Marie Massart, pr\u00e9sidente du MIN de Montpellier : \u00ab Nous veillons \u00e0 concerner le maximum de producteurs locaux \u00bb"},"content":{"rendered":"\n<p>Le March\u00e9 d\u2019int\u00e9r\u00eat national de Montpellier, g\u00e9r\u00e9 par la Sem Somimon, f\u00eate cette ann\u00e9e ses 60 ans. Maire de Montpellier, Micha\u00ebl Delafosse, souhaite conforter l\u2019outil pour en faire un relais puissant au service de la transition \u00e9cologique, engag\u00e9 depuis des ann\u00e9es en faveur de la promotion des circuits courts et de la souverainet\u00e9 alimentaire sur la commune et la m\u00e9tropole. La pr\u00e9sidente du MIN, Marie Massart, a r\u00e9pondu aux questions de la FedEpl.<\/p>\n\n\n\n<h4 class=\"wp-block-heading\"><strong>Comment le MIN de Montpellier entre-t-il en phase avec la probl\u00e9matique de la souverainet\u00e9 alimentaire\u00a0?<\/strong><\/h4>\n\n\n\n<p>Je voudrais d\u2019abord rappeler que 500 personnes \u0153uvrent au quotidien au march\u00e9 gare pour alimenter les commerces de proximit\u00e9 de la ville et de la m\u00e9tropole de Montpellier. En tout, <strong>ce sont pr\u00e8s 4 000\u00a0emplois directs et indirects qui sont concern\u00e9s<\/strong>.<\/p>\n\n\n\n<p><a rel=\"noreferrer noopener\" href=\"https:\/\/www.lesepl.fr\/epl-en-action\/marie-massart-presidente-du-min-de-montpellier-nous-veillons-a-concerner-le-maximum-de-producteurs-locaux\/\" target=\"_blank\"><strong>Lire la suite de l&rsquo;article<\/strong><\/a><\/p>\n","protected":false},"excerpt":{"rendered":"<p>Le March\u00e9 d\u2019int\u00e9r\u00eat national de Montpellier, g\u00e9r\u00e9 par la Sem Somimon, f\u00eate cette ann\u00e9e ses 60 ans. Maire de Montpellier, Micha\u00ebl Delafosse, souhaite conforter l\u2019outil pour en faire un relais puissant au service de la transition \u00e9cologique, engag\u00e9 depuis des ann\u00e9es en faveur de la promotion des circuits courts et de la souverainet\u00e9 alimentaire sur [&hellip;]<\/p>\n","protected":false},"author":6,"featured_media":12644,"comment_status":"open","ping_status":"open","sticky":false,"template":"","format":"standard","meta":{"_et_pb_use_builder":"","_et_pb_old_content":"","_et_gb_content_width":"","footnotes":""},"categories":[7,96,1,105,60],"tags":[],"class_list":["post-12643","post","type-post","status-publish","format-standard","has-post-thumbnail","hentry","category-actualites","category-alimentation","category-medias","category-marie-massart","category-min"],"_links":{"self":[{"href":"https:\/\/choisirlecologie.fr\/bienvenue\/wp-json\/wp\/v2\/posts\/12643","targetHints":{"allow":["GET"]}}],"collection":[{"href":"https:\/\/choisirlecologie.fr\/bienvenue\/wp-json\/wp\/v2\/posts"}],"about":[{"href":"https:\/\/choisirlecologie.fr\/bienvenue\/wp-json\/wp\/v2\/types\/post"}],"author":[{"embeddable":true,"href":"https:\/\/choisirlecologie.fr\/bienvenue\/wp-json\/wp\/v2\/users\/6"}],"replies":[{"embeddable":true,"href":"https:\/\/choisirlecologie.fr\/bienvenue\/wp-json\/wp\/v2\/comments?post=12643"}],"version-history":[{"count":1,"href":"https:\/\/choisirlecologie.fr\/bienvenue\/wp-json\/wp\/v2\/posts\/12643\/revisions"}],"predecessor-version":[{"id":12645,"href":"https:\/\/choisirlecologie.fr\/bienvenue\/wp-json\/wp\/v2\/posts\/12643\/revisions\/12645"}],"wp:featuredmedia":[{"embeddable":true,"href":"https:\/\/choisirlecologie.fr\/bienvenue\/wp-json\/wp\/v2\/media\/12644"}],"wp:attachment":[{"href":"https:\/\/choisirlecologie.fr\/bienvenue\/wp-json\/wp\/v2\/media?parent=12643"}],"wp:term":[{"taxonomy":"category","embeddable":true,"href":"https:\/\/choisirlecologie.fr\/bienvenue\/wp-json\/wp\/v2\/categories?post=12643"},{"taxonomy":"post_tag","embeddable":true,"href":"https:\/\/choisirlecologie.fr\/bienvenue\/wp-json\/wp\/v2\/tags?post=12643"}],"curies":[{"name":"wp","href":"https:\/\/api.w.org\/{rel}","templated":true}]}}