{"id":12474,"date":"2022-10-06T10:05:54","date_gmt":"2022-10-06T10:05:54","guid":{"rendered":"http:\/\/choisirlecologie.fr\/?p=12474"},"modified":"2022-10-06T10:05:55","modified_gmt":"2022-10-06T10:05:55","slug":"60-ans-du-min-midi-libre-06-10-2022-marie-massart","status":"publish","type":"post","link":"https:\/\/choisirlecologie.fr\/bienvenue\/60-ans-du-min-midi-libre-06-10-2022-marie-massart","title":{"rendered":"60 ans du MIN (Midi Libre 06.10.2022) : Marie Massart"},"content":{"rendered":"\n<blockquote class=\"wp-block-quote is-layout-flow wp-block-quote-is-layout-flow\"><p><strong>\u00ab\u00a0<\/strong><em>500 personnes \u0153uvrent au quotidien au march\u00e9 gare pour alimenter les commerces de proximit\u00e9 de la ville et de la m\u00e9tropole de Montpellier. Nourrir la m\u00e9tropole est une grande responsabilit\u00e9. Le MIN r\u00e9pond \u00e0 deux objectifs principaux : permettre aux habitants d&rsquo;acc\u00e9der aux productions agricoles en r\u00e9duisant les circuits de distribution, et proposer un prix au plus juste : le plus bas possible pour les consommateurs mais aussi r\u00e9mun\u00e9rateur pour les producteurs. R\u00e9pondre aux enjeux climatiques et soci\u00e9taux sont aussi les nouvelles priorit\u00e9s du march\u00e9 gare. Il doit donc \u00eatre modernis\u00e9 et agrandi pour accueillir de jeunes entreprises portant des projets ambitieux dans l&rsquo;alimentation durable, d\u00e9velopper le p\u00f4le de transformation, \u00eatre associ\u00e9 \u00e0 la cr\u00e9ation d&rsquo;une cit\u00e9 de l&rsquo;alimentation qui proposera une politique alimentaire responsable, de qualit\u00e9, \u00e0 destination du plus grand nombre.<strong>\u00a0\u00bb <\/strong><\/em><\/p><p><strong>Marie MASSART, Pr\u00e9sidente du March\u00e9 d&rsquo;Int\u00e9r\u00eat National de Montpellier<\/strong><\/p><\/blockquote>\n\n\n\n<figure class=\"wp-block-image size-full\"><a href=\"http:\/\/choisirlecologie.fr\/wp-content\/uploads\/2022\/10\/Screenshot-2022-10-06-at-11-20-20-midi-libre-le-marche-gare-fete-ses-60-ans-et-nourrit-l-ambition-de-grandir-encore-2022-10-06.pdf.png\" target=\"_blank\" rel=\"noreferrer noopener\"><img loading=\"lazy\" decoding=\"async\" width=\"850\" height=\"845\" src=\"http:\/\/choisirlecologie.fr\/wp-content\/uploads\/2022\/10\/Screenshot-2022-10-06-at-11-20-20-midi-libre-le-marche-gare-fete-ses-60-ans-et-nourrit-l-ambition-de-grandir-encore-2022-10-06.pdf-1.png\" alt=\"\" class=\"wp-image-12475\" srcset=\"http:\/\/choisirlecologie.fr\/wp-content\/uploads\/2022\/10\/Screenshot-2022-10-06-at-11-20-20-midi-libre-le-marche-gare-fete-ses-60-ans-et-nourrit-l-ambition-de-grandir-encore-2022-10-06.pdf-1.png 850w, http:\/\/choisirlecologie.fr\/wp-content\/uploads\/2022\/10\/Screenshot-2022-10-06-at-11-20-20-midi-libre-le-marche-gare-fete-ses-60-ans-et-nourrit-l-ambition-de-grandir-encore-2022-10-06.pdf-1-480x477.png 480w\" sizes=\"auto, (min-width: 0px) and (max-width: 480px) 480px, (min-width: 481px) 850px, 100vw\" \/><\/a><\/figure>\n","protected":false},"excerpt":{"rendered":"<p>\u00ab\u00a0500 personnes \u0153uvrent au quotidien au march\u00e9 gare pour alimenter les commerces de proximit\u00e9 de la ville et de la m\u00e9tropole de Montpellier. Nourrir la m\u00e9tropole est une grande responsabilit\u00e9. Le MIN r\u00e9pond \u00e0 deux objectifs principaux : permettre aux habitants d&rsquo;acc\u00e9der aux productions agricoles en r\u00e9duisant les circuits de distribution, et proposer un prix [&hellip;]<\/p>\n","protected":false},"author":6,"featured_media":12475,"comment_status":"open","ping_status":"open","sticky":false,"template":"","format":"standard","meta":{"_et_pb_use_builder":"","_et_pb_old_content":"","_et_gb_content_width":"","footnotes":""},"categories":[96,1,105,60],"tags":[],"class_list":["post-12474","post","type-post","status-publish","format-standard","has-post-thumbnail","hentry","category-alimentation","category-medias","category-marie-massart","category-min"],"_links":{"self":[{"href":"https:\/\/choisirlecologie.fr\/bienvenue\/wp-json\/wp\/v2\/posts\/12474","targetHints":{"allow":["GET"]}}],"collection":[{"href":"https:\/\/choisirlecologie.fr\/bienvenue\/wp-json\/wp\/v2\/posts"}],"about":[{"href":"https:\/\/choisirlecologie.fr\/bienvenue\/wp-json\/wp\/v2\/types\/post"}],"author":[{"embeddable":true,"href":"https:\/\/choisirlecologie.fr\/bienvenue\/wp-json\/wp\/v2\/users\/6"}],"replies":[{"embeddable":true,"href":"https:\/\/choisirlecologie.fr\/bienvenue\/wp-json\/wp\/v2\/comments?post=12474"}],"version-history":[{"count":1,"href":"https:\/\/choisirlecologie.fr\/bienvenue\/wp-json\/wp\/v2\/posts\/12474\/revisions"}],"predecessor-version":[{"id":12476,"href":"https:\/\/choisirlecologie.fr\/bienvenue\/wp-json\/wp\/v2\/posts\/12474\/revisions\/12476"}],"wp:featuredmedia":[{"embeddable":true,"href":"https:\/\/choisirlecologie.fr\/bienvenue\/wp-json\/wp\/v2\/media\/12475"}],"wp:attachment":[{"href":"https:\/\/choisirlecologie.fr\/bienvenue\/wp-json\/wp\/v2\/media?parent=12474"}],"wp:term":[{"taxonomy":"category","embeddable":true,"href":"https:\/\/choisirlecologie.fr\/bienvenue\/wp-json\/wp\/v2\/categories?post=12474"},{"taxonomy":"post_tag","embeddable":true,"href":"https:\/\/choisirlecologie.fr\/bienvenue\/wp-json\/wp\/v2\/tags?post=12474"}],"curies":[{"name":"wp","href":"https:\/\/api.w.org\/{rel}","templated":true}]}}