{"id":12137,"date":"2022-06-29T15:30:30","date_gmt":"2022-06-29T15:30:30","guid":{"rendered":"http:\/\/choisirlecologie.fr\/?p=12137"},"modified":"2022-07-28T14:15:30","modified_gmt":"2022-07-28T14:15:30","slug":"nos-interventions-en-conseil-municipal-28-juin-2022","status":"publish","type":"post","link":"https:\/\/choisirlecologie.fr\/bienvenue\/nos-interventions-en-conseil-municipal-28-juin-2022","title":{"rendered":"Nos interventions en Conseil municipal (28 juin 2022)"},"content":{"rendered":"\n<p><a href=\"https:\/\/youtu.be\/c8WFCQTgX3k\" target=\"_blank\" rel=\"noreferrer noopener\">Sch\u00e9ma des Achats Socialement et \u00c9cologiquement Responsables<\/a><br><a rel=\"noreferrer noopener\" href=\"https:\/\/youtu.be\/NjvmboX2Lhw\" target=\"_blank\">Crise \u00e9nerg\u00e9tique<\/a><br><a rel=\"noreferrer noopener\" href=\"https:\/\/youtu.be\/3ouq5C-DSlU\" target=\"_blank\">\u00c9clairage public<\/a><br><a rel=\"noreferrer noopener\" href=\"https:\/\/youtu.be\/30hn7FCvl-U\" target=\"_blank\">Caisse alimentaire commune<\/a><br><a rel=\"noreferrer noopener\" href=\"https:\/\/youtu.be\/ORjOz_gtxQo\" target=\"_blank\">Cit\u00e9 de l&rsquo;Alimentation<\/a><br><a href=\"https:\/\/youtu.be\/hAcmo1LLM2c\" target=\"_blank\" rel=\"noreferrer noopener\">Zone \u00e0 faible \u00e9mission<\/a><br><a rel=\"noreferrer noopener\" href=\"https:\/\/youtu.be\/lSzVOdL8KqI\" target=\"_blank\">Festival Agropol&rsquo;Eat<\/a><br><a href=\"https:\/\/youtu.be\/3rqHu8pOVBU\" target=\"_blank\" rel=\"noreferrer noopener\">Alimentation et Biodiversit\u00e9<\/a><br><a href=\"https:\/\/youtu.be\/xEtzrCEcMeo\" target=\"_blank\" rel=\"noreferrer noopener\">Subvention association de p\u00eache<\/a><br><a href=\"https:\/\/youtu.be\/BeabX84YJqQ\" target=\"_blank\" rel=\"noreferrer noopener\">Atlas de la biodiversit\u00e9 communale<\/a><br><a rel=\"noreferrer noopener\" href=\"https:\/\/youtu.be\/zClLVhcaDeI\" target=\"_blank\">Cabane pour chats<\/a><br><a rel=\"noreferrer noopener\" href=\"https:\/\/youtu.be\/_EJag7zZ0aY\" target=\"_blank\">Chenil solidaire<\/a><br><a href=\"https:\/\/youtu.be\/y0-4vrF4qdM\" target=\"_blank\" rel=\"noreferrer noopener\">Taxe locale sur la publicit\u00e9 d&rsquo;enseignes<\/a><\/p>\n\n\n\n<figure class=\"wp-block-embed is-type-rich is-provider-prise-en-charge-des-contenus-embarques wp-block-embed-prise-en-charge-des-contenus-embarques wp-embed-aspect-16-9 wp-has-aspect-ratio\"><div class=\"wp-block-embed__wrapper\">\n<iframe loading=\"lazy\" title=\"Sch\u00e9ma Achats Socialement et Ecologiquement Responsables   Catherine Ribot   28062022\" width=\"1080\" height=\"608\" src=\"https:\/\/www.youtube.com\/embed\/c8WFCQTgX3k?feature=oembed\"  allow=\"accelerometer; autoplay; clipboard-write; encrypted-media; gyroscope; picture-in-picture\" allowfullscreen><\/iframe>\n<\/div><\/figure>\n\n\n\n<figure class=\"wp-block-embed is-type-rich is-provider-prise-en-charge-des-contenus-embarques wp-block-embed-prise-en-charge-des-contenus-embarques wp-embed-aspect-16-9 wp-has-aspect-ratio\"><div class=\"wp-block-embed__wrapper\">\n<iframe loading=\"lazy\" title=\"Crise \u00e9nerg\u00e9tique   Catherine Ribot   28062022\" width=\"1080\" height=\"608\" src=\"https:\/\/www.youtube.com\/embed\/NjvmboX2Lhw?feature=oembed\"  allow=\"accelerometer; autoplay; clipboard-write; encrypted-media; gyroscope; picture-in-picture\" allowfullscreen><\/iframe>\n<\/div><\/figure>\n\n\n\n<figure class=\"wp-block-embed is-type-rich is-provider-prise-en-charge-des-contenus-embarques wp-block-embed-prise-en-charge-des-contenus-embarques wp-embed-aspect-16-9 wp-has-aspect-ratio\"><div class=\"wp-block-embed__wrapper\">\n<iframe loading=\"lazy\" title=\"Eclairage public et \u00e9conomies d&#039;\u00e9nergie   Bruno Paternot   28062022\" width=\"1080\" height=\"608\" src=\"https:\/\/www.youtube.com\/embed\/3ouq5C-DSlU?feature=oembed\"  allow=\"accelerometer; autoplay; clipboard-write; encrypted-media; gyroscope; picture-in-picture\" allowfullscreen><\/iframe>\n<\/div><\/figure>\n\n\n\n<figure class=\"wp-block-embed is-type-rich is-provider-prise-en-charge-des-contenus-embarques wp-block-embed-prise-en-charge-des-contenus-embarques wp-embed-aspect-16-9 wp-has-aspect-ratio\"><div class=\"wp-block-embed__wrapper\">\n<iframe loading=\"lazy\" title=\"Caisse alimentaire commune   Marie Massart   28062022\" width=\"1080\" height=\"608\" src=\"https:\/\/www.youtube.com\/embed\/30hn7FCvl-U?feature=oembed\"  allow=\"accelerometer; autoplay; clipboard-write; encrypted-media; gyroscope; picture-in-picture\" allowfullscreen><\/iframe>\n<\/div><\/figure>\n\n\n\n<figure class=\"wp-block-embed is-type-rich is-provider-prise-en-charge-des-contenus-embarques wp-block-embed-prise-en-charge-des-contenus-embarques wp-embed-aspect-16-9 wp-has-aspect-ratio\"><div class=\"wp-block-embed__wrapper\">\n<iframe loading=\"lazy\" title=\"Cit\u00e9 de l&#039;alimentation   Marie Massart   28062022\" width=\"1080\" height=\"608\" src=\"https:\/\/www.youtube.com\/embed\/ORjOz_gtxQo?feature=oembed\"  allow=\"accelerometer; autoplay; clipboard-write; encrypted-media; gyroscope; picture-in-picture\" allowfullscreen><\/iframe>\n<\/div><\/figure>\n\n\n\n<figure class=\"wp-block-embed is-type-rich is-provider-prise-en-charge-des-contenus-embarques wp-block-embed-prise-en-charge-des-contenus-embarques wp-embed-aspect-16-9 wp-has-aspect-ratio\"><div class=\"wp-block-embed__wrapper\">\n<iframe loading=\"lazy\" title=\"Zone \u00e0 faible \u00e9mission (ZFE)   Manu Reynaud   28062022\" width=\"1080\" height=\"608\" src=\"https:\/\/www.youtube.com\/embed\/hAcmo1LLM2c?feature=oembed\"  allow=\"accelerometer; autoplay; clipboard-write; encrypted-media; gyroscope; picture-in-picture\" allowfullscreen><\/iframe>\n<\/div><\/figure>\n\n\n\n<figure class=\"wp-block-embed is-type-rich is-provider-prise-en-charge-des-contenus-embarques wp-block-embed-prise-en-charge-des-contenus-embarques wp-embed-aspect-16-9 wp-has-aspect-ratio\"><div class=\"wp-block-embed__wrapper\">\n<iframe loading=\"lazy\" title=\"Festival Agropol&#039;Eat   Marie Massart   28062022\" width=\"1080\" height=\"608\" src=\"https:\/\/www.youtube.com\/embed\/lSzVOdL8KqI?feature=oembed\"  allow=\"accelerometer; autoplay; clipboard-write; encrypted-media; gyroscope; picture-in-picture\" allowfullscreen><\/iframe>\n<\/div><\/figure>\n\n\n\n<figure class=\"wp-block-embed is-type-rich is-provider-prise-en-charge-des-contenus-embarques wp-block-embed-prise-en-charge-des-contenus-embarques wp-embed-aspect-16-9 wp-has-aspect-ratio\"><div class=\"wp-block-embed__wrapper\">\n<iframe loading=\"lazy\" title=\"Biodiversit\u00e9 et Alimentation   St\u00e9phane Jouault   28062022\" width=\"1080\" height=\"608\" src=\"https:\/\/www.youtube.com\/embed\/3rqHu8pOVBU?feature=oembed\"  allow=\"accelerometer; autoplay; clipboard-write; encrypted-media; gyroscope; picture-in-picture\" allowfullscreen><\/iframe>\n<\/div><\/figure>\n\n\n\n<figure class=\"wp-block-embed is-type-rich is-provider-prise-en-charge-des-contenus-embarques wp-block-embed-prise-en-charge-des-contenus-embarques wp-embed-aspect-16-9 wp-has-aspect-ratio\"><div class=\"wp-block-embed__wrapper\">\n<iframe loading=\"lazy\" title=\"Subvention association de p\u00eache   Eddine Ariztegui   28062022\" width=\"1080\" height=\"608\" src=\"https:\/\/www.youtube.com\/embed\/xEtzrCEcMeo?feature=oembed\"  allow=\"accelerometer; autoplay; clipboard-write; encrypted-media; gyroscope; picture-in-picture\" allowfullscreen><\/iframe>\n<\/div><\/figure>\n\n\n\n<figure class=\"wp-block-embed is-type-rich is-provider-prise-en-charge-des-contenus-embarques wp-block-embed-prise-en-charge-des-contenus-embarques wp-embed-aspect-16-9 wp-has-aspect-ratio\"><div class=\"wp-block-embed__wrapper\">\n<iframe loading=\"lazy\" title=\"Atlas Biodiversit\u00e9 communal   St\u00e9phane Jouault   28062022\" width=\"1080\" height=\"608\" src=\"https:\/\/www.youtube.com\/embed\/BeabX84YJqQ?feature=oembed\"  allow=\"accelerometer; autoplay; clipboard-write; encrypted-media; gyroscope; picture-in-picture\" allowfullscreen><\/iframe>\n<\/div><\/figure>\n\n\n\n<figure class=\"wp-block-embed is-type-rich is-provider-prise-en-charge-des-contenus-embarques wp-block-embed-prise-en-charge-des-contenus-embarques wp-embed-aspect-16-9 wp-has-aspect-ratio\"><div class=\"wp-block-embed__wrapper\">\n<iframe loading=\"lazy\" title=\"Cabane \u00e0 chats   Eddine Ariztegui   28062022\" width=\"1080\" height=\"608\" src=\"https:\/\/www.youtube.com\/embed\/zClLVhcaDeI?feature=oembed\"  allow=\"accelerometer; autoplay; clipboard-write; encrypted-media; gyroscope; picture-in-picture\" allowfullscreen><\/iframe>\n<\/div><\/figure>\n\n\n\n<figure class=\"wp-block-embed is-type-rich is-provider-prise-en-charge-des-contenus-embarques wp-block-embed-prise-en-charge-des-contenus-embarques wp-embed-aspect-16-9 wp-has-aspect-ratio\"><div class=\"wp-block-embed__wrapper\">\n<iframe loading=\"lazy\" title=\"Chenil solidaire   Eddine Ariztegui   28062022\" width=\"1080\" height=\"608\" src=\"https:\/\/www.youtube.com\/embed\/_EJag7zZ0aY?feature=oembed\"  allow=\"accelerometer; autoplay; clipboard-write; encrypted-media; gyroscope; picture-in-picture\" allowfullscreen><\/iframe>\n<\/div><\/figure>\n\n\n\n<figure class=\"wp-block-embed is-type-rich is-provider-prise-en-charge-des-contenus-embarques wp-block-embed-prise-en-charge-des-contenus-embarques wp-embed-aspect-16-9 wp-has-aspect-ratio\"><div class=\"wp-block-embed__wrapper\">\n<iframe loading=\"lazy\" title=\"Taxe locale sur la publicit\u00e9 des enseignes   Bruno Paternot   28062022\" width=\"1080\" height=\"608\" src=\"https:\/\/www.youtube.com\/embed\/y0-4vrF4qdM?feature=oembed\"  allow=\"accelerometer; autoplay; clipboard-write; encrypted-media; gyroscope; picture-in-picture\" allowfullscreen><\/iframe>\n<\/div><\/figure>\n","protected":false},"excerpt":{"rendered":"<p>Sch\u00e9ma des Achats Socialement et \u00c9cologiquement ResponsablesCrise \u00e9nerg\u00e9tique\u00c9clairage publicCaisse alimentaire communeCit\u00e9 de l&rsquo;AlimentationZone \u00e0 faible \u00e9missionFestival Agropol&rsquo;EatAlimentation et Biodiversit\u00e9Subvention association de p\u00eacheAtlas de la biodiversit\u00e9 communaleCabane pour chatsChenil solidaireTaxe locale sur la publicit\u00e9 d&rsquo;enseignes<\/p>\n","protected":false},"author":6,"featured_media":12138,"comment_status":"open","ping_status":"open","sticky":false,"template":"","format":"standard","meta":{"_et_pb_use_builder":"","_et_pb_old_content":"","_et_gb_content_width":"","footnotes":""},"categories":[16],"tags":[],"class_list":["post-12137","post","type-post","status-publish","format-standard","has-post-thumbnail","hentry","category-les-conseils"],"_links":{"self":[{"href":"https:\/\/choisirlecologie.fr\/bienvenue\/wp-json\/wp\/v2\/posts\/12137","targetHints":{"allow":["GET"]}}],"collection":[{"href":"https:\/\/choisirlecologie.fr\/bienvenue\/wp-json\/wp\/v2\/posts"}],"about":[{"href":"https:\/\/choisirlecologie.fr\/bienvenue\/wp-json\/wp\/v2\/types\/post"}],"author":[{"embeddable":true,"href":"https:\/\/choisirlecologie.fr\/bienvenue\/wp-json\/wp\/v2\/users\/6"}],"replies":[{"embeddable":true,"href":"https:\/\/choisirlecologie.fr\/bienvenue\/wp-json\/wp\/v2\/comments?post=12137"}],"version-history":[{"count":2,"href":"https:\/\/choisirlecologie.fr\/bienvenue\/wp-json\/wp\/v2\/posts\/12137\/revisions"}],"predecessor-version":[{"id":12153,"href":"https:\/\/choisirlecologie.fr\/bienvenue\/wp-json\/wp\/v2\/posts\/12137\/revisions\/12153"}],"wp:featuredmedia":[{"embeddable":true,"href":"https:\/\/choisirlecologie.fr\/bienvenue\/wp-json\/wp\/v2\/media\/12138"}],"wp:attachment":[{"href":"https:\/\/choisirlecologie.fr\/bienvenue\/wp-json\/wp\/v2\/media?parent=12137"}],"wp:term":[{"taxonomy":"category","embeddable":true,"href":"https:\/\/choisirlecologie.fr\/bienvenue\/wp-json\/wp\/v2\/categories?post=12137"},{"taxonomy":"post_tag","embeddable":true,"href":"https:\/\/choisirlecologie.fr\/bienvenue\/wp-json\/wp\/v2\/tags?post=12137"}],"curies":[{"name":"wp","href":"https:\/\/api.w.org\/{rel}","templated":true}]}}