{"id":11980,"date":"2022-03-28T09:31:18","date_gmt":"2022-03-28T09:31:18","guid":{"rendered":"http:\/\/choisirlecologie.fr\/?p=11980"},"modified":"2022-07-28T14:17:52","modified_gmt":"2022-07-28T14:17:52","slug":"nos-interventions-en-conseil-de-metropole-22-03-2022","status":"publish","type":"post","link":"https:\/\/choisirlecologie.fr\/bienvenue\/nos-interventions-en-conseil-de-metropole-22-03-2022","title":{"rendered":"Nos interventions en Conseil de m\u00e9tropole (22.03.2022)"},"content":{"rendered":"\n<p><a href=\"https:\/\/youtu.be\/C5fi2iBee-0\" target=\"_blank\" rel=\"noreferrer noopener\">Forum de l&rsquo;Eau<\/a><\/p>\n\n\n\n<p><a href=\"https:\/\/youtu.be\/gxAxaeJ3kZg\" target=\"_blank\" rel=\"noreferrer noopener\">Contexte et enjeux de la politique z\u00e9ro d\u00e9chet<\/a><\/p>\n\n\n\n<p><a rel=\"noreferrer noopener\" href=\"https:\/\/youtu.be\/JcrXOS5s7S0\" target=\"_blank\">Objectifs de la politique z\u00e9ro d\u00e9chet<\/a><\/p>\n\n\n\n<p><a rel=\"noreferrer noopener\" href=\"https:\/\/youtu.be\/-xq4OGeyh4Q\" target=\"_blank\">R<\/a><a rel=\"noreferrer noopener\" href=\"https:\/\/youtu.be\/-xq4OGeyh4Q\" target=\"_blank\">\u00e9<\/a><a rel=\"noreferrer noopener\" href=\"https:\/\/youtu.be\/-xq4OGeyh4Q\" target=\"_blank\">p<\/a><a rel=\"noreferrer noopener\" href=\"https:\/\/youtu.be\/-xq4OGeyh4Q\" target=\"_blank\">onses aux interventions sur la politique z\u00e9ro d\u00e9chet<\/a><\/p>\n\n\n\n<p><a href=\"https:\/\/youtu.be\/7FwlRjbIpqk\" target=\"_blank\" rel=\"noreferrer noopener\">Sensibilisation au z\u00e9ro d\u00e9chet<\/a><\/p>\n\n\n\n<p><a href=\"https:\/\/youtu.be\/BQrfVLUS-LI\" target=\"_blank\" rel=\"noreferrer noopener\">Candidature \u00e0 Capitale Europ\u00e9enne de la Culture<\/a><\/p>\n\n\n\n<p><a href=\"https:\/\/youtu.be\/oYXujQMEKlk\" target=\"_blank\" rel=\"noreferrer noopener\">Eco-cirque<\/a><\/p>\n\n\n\n<p><a href=\"https:\/\/youtu.be\/16I15NqSCj0\" target=\"_blank\" rel=\"noreferrer noopener\">R\u00e9novation urbaine de la Mosson<\/a><\/p>\n\n\n\n<p><a href=\"https:\/\/youtu.be\/6UxBQUT9j8U\" target=\"_blank\" rel=\"noreferrer noopener\">Modification du PLU de Montpellier<\/a><\/p>\n\n\n\n<p><a href=\"https:\/\/youtu.be\/7aHmwJk4WRQ\" target=\"_blank\" rel=\"noreferrer noopener\">Sch\u00e9ma r\u00e9gional des carri\u00e8res<\/a><\/p>\n\n\n\n<p><a rel=\"noreferrer noopener\" href=\"https:\/\/youtu.be\/mxG7pd8UIhA\" target=\"_blank\">Lyc\u00e9e de Cournonterral<\/a> (Vote CONTRE)<\/p>\n\n\n\n<p><a rel=\"noreferrer noopener\" href=\"https:\/\/youtu.be\/gOXhCCsaT8w\" target=\"_blank\">Habitat adapt\u00e9 \u00e0 Pignan<\/a> (Vote CONTRE)<\/p>\n\n\n\n<p><a rel=\"noreferrer noopener\" href=\"https:\/\/youtu.be\/N6WCPtL7-tY\" target=\"_blank\">E<\/a><a rel=\"noreferrer noopener\" href=\"https:\/\/youtu.be\/N6WCPtL7-tY\" target=\"_blank\">x<\/a><a rel=\"noreferrer noopener\" href=\"https:\/\/youtu.be\/N6WCPtL7-tY\" target=\"_blank\">t<\/a><a rel=\"noreferrer noopener\" href=\"https:\/\/youtu.be\/N6WCPtL7-tY\" target=\"_blank\">i<\/a><a rel=\"noreferrer noopener\" href=\"https:\/\/youtu.be\/N6WCPtL7-tY\" target=\"_blank\">n<\/a><a rel=\"noreferrer noopener\" href=\"https:\/\/youtu.be\/N6WCPtL7-tY\" target=\"_blank\">c<\/a><a rel=\"noreferrer noopener\" href=\"https:\/\/youtu.be\/N6WCPtL7-tY\" target=\"_blank\">t<\/a><a rel=\"noreferrer noopener\" href=\"https:\/\/youtu.be\/N6WCPtL7-tY\" target=\"_blank\">i<\/a><a rel=\"noreferrer noopener\" href=\"https:\/\/youtu.be\/N6WCPtL7-tY\" target=\"_blank\">o<\/a><a rel=\"noreferrer noopener\" href=\"https:\/\/youtu.be\/N6WCPtL7-tY\" target=\"_blank\">n<\/a><a rel=\"noreferrer noopener\" href=\"https:\/\/youtu.be\/N6WCPtL7-tY\" target=\"_blank\"> lumineuse<\/a><\/p>\n\n\n\n<p><a rel=\"noreferrer noopener\" href=\"https:\/\/youtu.be\/Hf8CiMCqPrY\" target=\"_blank\">Troph\u00e9es taurins<\/a> (Vote CONTRE)<\/p>\n\n\n\n<figure class=\"wp-block-embed is-type-rich is-provider-prise-en-charge-des-contenus-embarques wp-block-embed-prise-en-charge-des-contenus-embarques wp-embed-aspect-16-9 wp-has-aspect-ratio\"><div class=\"wp-block-embed__wrapper\">\n<iframe loading=\"lazy\" title=\"Catherine Ribot Forum de l&#039;Eau (Conseil de m\u00e9tropole 22032022)\" width=\"1080\" height=\"608\" src=\"https:\/\/www.youtube.com\/embed\/C5fi2iBee-0?feature=oembed\"  allow=\"accelerometer; autoplay; clipboard-write; encrypted-media; gyroscope; picture-in-picture\" allowfullscreen><\/iframe>\n<\/div><\/figure>\n\n\n\n<figure class=\"wp-block-embed is-type-rich is-provider-prise-en-charge-des-contenus-embarques wp-block-embed-prise-en-charge-des-contenus-embarques wp-embed-aspect-16-9 wp-has-aspect-ratio\"><div class=\"wp-block-embed__wrapper\">\n<iframe loading=\"lazy\" title=\"Fran\u00e7ois Vasquez Contexte et enjeux Feuille de route Z\u00e9ro d\u00e9chet Conseil de m\u00e9tropole 22 03 2022\" width=\"1080\" height=\"608\" src=\"https:\/\/www.youtube.com\/embed\/gxAxaeJ3kZg?feature=oembed\"  allow=\"accelerometer; autoplay; clipboard-write; encrypted-media; gyroscope; picture-in-picture\" allowfullscreen><\/iframe>\n<\/div><\/figure>\n\n\n\n<figure class=\"wp-block-embed is-type-rich is-provider-prise-en-charge-des-contenus-embarques wp-block-embed-prise-en-charge-des-contenus-embarques wp-embed-aspect-16-9 wp-has-aspect-ratio\"><div class=\"wp-block-embed__wrapper\">\n<iframe loading=\"lazy\" title=\"Fran\u00e7ois Vasquez Objectifs politique z\u00e9ro d\u00e9chet Conseil m\u00e9tropole 22032022\" width=\"1080\" height=\"608\" src=\"https:\/\/www.youtube.com\/embed\/JcrXOS5s7S0?feature=oembed\"  allow=\"accelerometer; autoplay; clipboard-write; encrypted-media; gyroscope; picture-in-picture\" allowfullscreen><\/iframe>\n<\/div><\/figure>\n\n\n\n<figure class=\"wp-block-embed is-type-rich is-provider-prise-en-charge-des-contenus-embarques wp-block-embed-prise-en-charge-des-contenus-embarques wp-embed-aspect-16-9 wp-has-aspect-ratio\"><div class=\"wp-block-embed__wrapper\">\n<iframe loading=\"lazy\" title=\"R\u00e9ponses de Fran\u00e7ois Vasquez aux interventions sur le Z\u00e9ro d\u00e9chet Conseil m\u00e9tropole 22 03 2022\" width=\"1080\" height=\"608\" src=\"https:\/\/www.youtube.com\/embed\/-xq4OGeyh4Q?feature=oembed\"  allow=\"accelerometer; autoplay; clipboard-write; encrypted-media; gyroscope; picture-in-picture\" allowfullscreen><\/iframe>\n<\/div><\/figure>\n\n\n\n<figure class=\"wp-block-embed is-type-rich is-provider-prise-en-charge-des-contenus-embarques wp-block-embed-prise-en-charge-des-contenus-embarques wp-embed-aspect-16-9 wp-has-aspect-ratio\"><div class=\"wp-block-embed__wrapper\">\n<iframe loading=\"lazy\" title=\"C\u00e9lia Serrano Sensibilisation Z\u00e9ro d\u00e9chet (Conseil m\u00e9tropole 22 mars 2022)\" width=\"1080\" height=\"608\" src=\"https:\/\/www.youtube.com\/embed\/7FwlRjbIpqk?feature=oembed\"  allow=\"accelerometer; autoplay; clipboard-write; encrypted-media; gyroscope; picture-in-picture\" allowfullscreen><\/iframe>\n<\/div><\/figure>\n\n\n\n<figure class=\"wp-block-embed is-type-rich is-provider-prise-en-charge-des-contenus-embarques wp-block-embed-prise-en-charge-des-contenus-embarques wp-embed-aspect-16-9 wp-has-aspect-ratio\"><div class=\"wp-block-embed__wrapper\">\n<iframe loading=\"lazy\" title=\"C\u00e9lia Serrano Montpellier candidate Capitale Europ\u00e9enne de la Culture (Conseil m\u00e9tropole 22032022)\" width=\"1080\" height=\"608\" src=\"https:\/\/www.youtube.com\/embed\/BQrfVLUS-LI?feature=oembed\"  allow=\"accelerometer; autoplay; clipboard-write; encrypted-media; gyroscope; picture-in-picture\" allowfullscreen><\/iframe>\n<\/div><\/figure>\n\n\n\n<figure class=\"wp-block-embed is-type-rich is-provider-prise-en-charge-des-contenus-embarques wp-block-embed-prise-en-charge-des-contenus-embarques wp-embed-aspect-16-9 wp-has-aspect-ratio\"><div class=\"wp-block-embed__wrapper\">\n<iframe loading=\"lazy\" title=\"Coralie Mantion Ecocirque (Conseil de m\u00e9tropole 22032022)\" width=\"1080\" height=\"608\" src=\"https:\/\/www.youtube.com\/embed\/oYXujQMEKlk?feature=oembed\"  allow=\"accelerometer; autoplay; clipboard-write; encrypted-media; gyroscope; picture-in-picture\" allowfullscreen><\/iframe>\n<\/div><\/figure>\n\n\n\n<figure class=\"wp-block-embed is-type-rich is-provider-prise-en-charge-des-contenus-embarques wp-block-embed-prise-en-charge-des-contenus-embarques wp-embed-aspect-16-9 wp-has-aspect-ratio\"><div class=\"wp-block-embed__wrapper\">\n<iframe loading=\"lazy\" title=\"Coralie Mantion R\u00e9novation urbaine La Mosson (Conseil m\u00e9tropole 22032022)\" width=\"1080\" height=\"608\" src=\"https:\/\/www.youtube.com\/embed\/16I15NqSCj0?feature=oembed\"  allow=\"accelerometer; autoplay; clipboard-write; encrypted-media; gyroscope; picture-in-picture\" allowfullscreen><\/iframe>\n<\/div><\/figure>\n\n\n\n<figure class=\"wp-block-embed is-type-rich is-provider-prise-en-charge-des-contenus-embarques wp-block-embed-prise-en-charge-des-contenus-embarques wp-embed-aspect-16-9 wp-has-aspect-ratio\"><div class=\"wp-block-embed__wrapper\">\n<iframe loading=\"lazy\" title=\"Coralie Mantion PLU Montpellier Conseil m\u00e9tropole 22032022\" width=\"1080\" height=\"608\" src=\"https:\/\/www.youtube.com\/embed\/6UxBQUT9j8U?feature=oembed\"  allow=\"accelerometer; autoplay; clipboard-write; encrypted-media; gyroscope; picture-in-picture\" allowfullscreen><\/iframe>\n<\/div><\/figure>\n\n\n\n<figure class=\"wp-block-embed is-type-rich is-provider-prise-en-charge-des-contenus-embarques wp-block-embed-prise-en-charge-des-contenus-embarques wp-embed-aspect-16-9 wp-has-aspect-ratio\"><div class=\"wp-block-embed__wrapper\">\n<iframe loading=\"lazy\" title=\"Coralie Mantion Sch\u00e9ma r\u00e9gional des Carri\u00e8res d&#039;Occitanie Conseil m\u00e9tropole 22032022\" width=\"1080\" height=\"608\" src=\"https:\/\/www.youtube.com\/embed\/7aHmwJk4WRQ?feature=oembed\"  allow=\"accelerometer; autoplay; clipboard-write; encrypted-media; gyroscope; picture-in-picture\" allowfullscreen><\/iframe>\n<\/div><\/figure>\n\n\n\n<figure class=\"wp-block-embed is-type-rich is-provider-prise-en-charge-des-contenus-embarques wp-block-embed-prise-en-charge-des-contenus-embarques wp-embed-aspect-16-9 wp-has-aspect-ratio\"><div class=\"wp-block-embed__wrapper\">\n<iframe loading=\"lazy\" title=\"Catherine Ribot Lyc\u00e9e Cournonterral zone natura 2000 Conseil m\u00e9tropole 22032022\" width=\"1080\" height=\"608\" src=\"https:\/\/www.youtube.com\/embed\/mxG7pd8UIhA?feature=oembed\"  allow=\"accelerometer; autoplay; clipboard-write; encrypted-media; gyroscope; picture-in-picture\" allowfullscreen><\/iframe>\n<\/div><\/figure>\n\n\n\n<figure class=\"wp-block-embed is-type-rich is-provider-prise-en-charge-des-contenus-embarques wp-block-embed-prise-en-charge-des-contenus-embarques wp-embed-aspect-16-9 wp-has-aspect-ratio\"><div class=\"wp-block-embed__wrapper\">\n<iframe loading=\"lazy\" title=\"Catherine Ribot Habitat partag\u00e9 mal situ\u00e9 Pignan Conseil m\u00e9tropole 22032022\" width=\"1080\" height=\"608\" src=\"https:\/\/www.youtube.com\/embed\/gOXhCCsaT8w?feature=oembed\"  allow=\"accelerometer; autoplay; clipboard-write; encrypted-media; gyroscope; picture-in-picture\" allowfullscreen><\/iframe>\n<\/div><\/figure>\n\n\n\n<figure class=\"wp-block-embed is-type-rich is-provider-prise-en-charge-des-contenus-embarques wp-block-embed-prise-en-charge-des-contenus-embarques wp-embed-aspect-16-9 wp-has-aspect-ratio\"><div class=\"wp-block-embed__wrapper\">\n<iframe loading=\"lazy\" title=\"Bruno Paternot Extinction lumineuse Conseil m\u00e9tropole 22032022\" width=\"1080\" height=\"608\" src=\"https:\/\/www.youtube.com\/embed\/N6WCPtL7-tY?feature=oembed\"  allow=\"accelerometer; autoplay; clipboard-write; encrypted-media; gyroscope; picture-in-picture\" allowfullscreen><\/iframe>\n<\/div><\/figure>\n\n\n\n<figure class=\"wp-block-embed is-type-rich is-provider-prise-en-charge-des-contenus-embarques wp-block-embed-prise-en-charge-des-contenus-embarques wp-embed-aspect-16-9 wp-has-aspect-ratio\"><div class=\"wp-block-embed__wrapper\">\n<iframe loading=\"lazy\" title=\"C\u00e9lia Serrano Troph\u00e9es taurins Conseil m\u00e9tropole 22032022\" width=\"1080\" height=\"608\" src=\"https:\/\/www.youtube.com\/embed\/Hf8CiMCqPrY?feature=oembed\"  allow=\"accelerometer; autoplay; clipboard-write; encrypted-media; gyroscope; picture-in-picture\" allowfullscreen><\/iframe>\n<\/div><\/figure>\n","protected":false},"excerpt":{"rendered":"<p>Forum de l&rsquo;Eau Contexte et enjeux de la politique z\u00e9ro d\u00e9chet Objectifs de la politique z\u00e9ro d\u00e9chet R\u00e9ponses aux interventions sur la politique z\u00e9ro d\u00e9chet Sensibilisation au z\u00e9ro d\u00e9chet Candidature \u00e0 Capitale Europ\u00e9enne de la Culture Eco-cirque R\u00e9novation urbaine de la Mosson Modification du PLU de Montpellier Sch\u00e9ma r\u00e9gional des carri\u00e8res Lyc\u00e9e de Cournonterral (Vote [&hellip;]<\/p>\n","protected":false},"author":6,"featured_media":11780,"comment_status":"open","ping_status":"open","sticky":false,"template":"","format":"standard","meta":{"_et_pb_use_builder":"","_et_pb_old_content":"","_et_gb_content_width":"","footnotes":""},"categories":[16],"tags":[],"class_list":["post-11980","post","type-post","status-publish","format-standard","has-post-thumbnail","hentry","category-les-conseils"],"_links":{"self":[{"href":"https:\/\/choisirlecologie.fr\/bienvenue\/wp-json\/wp\/v2\/posts\/11980","targetHints":{"allow":["GET"]}}],"collection":[{"href":"https:\/\/choisirlecologie.fr\/bienvenue\/wp-json\/wp\/v2\/posts"}],"about":[{"href":"https:\/\/choisirlecologie.fr\/bienvenue\/wp-json\/wp\/v2\/types\/post"}],"author":[{"embeddable":true,"href":"https:\/\/choisirlecologie.fr\/bienvenue\/wp-json\/wp\/v2\/users\/6"}],"replies":[{"embeddable":true,"href":"https:\/\/choisirlecologie.fr\/bienvenue\/wp-json\/wp\/v2\/comments?post=11980"}],"version-history":[{"count":6,"href":"https:\/\/choisirlecologie.fr\/bienvenue\/wp-json\/wp\/v2\/posts\/11980\/revisions"}],"predecessor-version":[{"id":12009,"href":"https:\/\/choisirlecologie.fr\/bienvenue\/wp-json\/wp\/v2\/posts\/11980\/revisions\/12009"}],"wp:featuredmedia":[{"embeddable":true,"href":"https:\/\/choisirlecologie.fr\/bienvenue\/wp-json\/wp\/v2\/media\/11780"}],"wp:attachment":[{"href":"https:\/\/choisirlecologie.fr\/bienvenue\/wp-json\/wp\/v2\/media?parent=11980"}],"wp:term":[{"taxonomy":"category","embeddable":true,"href":"https:\/\/choisirlecologie.fr\/bienvenue\/wp-json\/wp\/v2\/categories?post=11980"},{"taxonomy":"post_tag","embeddable":true,"href":"https:\/\/choisirlecologie.fr\/bienvenue\/wp-json\/wp\/v2\/tags?post=11980"}],"curies":[{"name":"wp","href":"https:\/\/api.w.org\/{rel}","templated":true}]}}