{"id":11585,"date":"2021-09-28T08:41:16","date_gmt":"2021-09-28T08:41:16","guid":{"rendered":"http:\/\/choisirlecologie.fr\/?p=11585"},"modified":"2022-09-09T13:15:38","modified_gmt":"2022-09-09T13:15:38","slug":"intervention-de-bruno-paternot-reduction-des-dechets","status":"publish","type":"post","link":"https:\/\/choisirlecologie.fr\/bienvenue\/intervention-de-bruno-paternot-reduction-des-dechets","title":{"rendered":"Intervention de Bruno Paternot &#8211; R\u00e9duction des d\u00e9chets"},"content":{"rendered":"\n<p>Conseil de m\u00e9tropole du 28 septembre 2021<\/p>\n\n\n\n<p>Monsieur le pr\u00e9sident,<\/p>\n\n\n\n<p>Si je me permets de prendre la parole sur les d\u00e9chets c&rsquo;est parce que nos \u00e9 \u00e9lu.es qui en ont la charge (C\u00e9lia Serrano et Fran\u00e7ois Vasquez) sont en ce moment m\u00eame \u00e0 Colmar pour &#8230; \u00e9changer sur les d\u00e9chets, c&rsquo;est leur p\u00e9cher mignon, partout en France ils ne font que \u00e7a, d\u00e9battre de d\u00e9chets, je vous prie de les excuser.<\/p>\n\n\n\n<p>Je me fais donc le porte-voix de la politique \u00e9colo le temps d&rsquo;une intervention pour 2 d\u00e9lib\u00e9rations qui concernent 1 politique globale&nbsp;: traiter les 250&nbsp;000 tonnes de d\u00e9chets que produit chaque ann\u00e9e la M\u00e9tropole.<\/p>\n\n\n\n<p>2 axes majeurs (donc 2 d\u00e9lib\u00e9rations)&nbsp;:<\/p>\n\n\n\n<ol class=\"wp-block-list\"><li>Consid\u00e9rer que le meilleur d\u00e9chet c&rsquo;est celui qu&rsquo;on ne produit pas et r\u00e9duire radicalement ce chiffre affolant de 250 000 tonnes. Une girafe pesant 1 tonne, c&rsquo;est un peu comme si on avait 250&nbsp;000 girafes qui trainent dans les rues de Montpellier et qu&rsquo;on doit cacher sous le tapis.<\/li><\/ol>\n\n\n\n<p>Et bien d\u00e8s le 1<sup>er<\/sup> octobre, on se donne la possibilit\u00e9 d&rsquo;\u00eatre surpris par l&rsquo;inventivit\u00e9 des associations pour innover dans la r\u00e9duction <s>des girafes<\/s>, pardon, des tonnes de d\u00e9chets. 100&nbsp;000\u20ac sur de la participation, c&rsquo;est une somme non-n\u00e9gociable pour co-construire avec les personnes qui sont sur le terrain, au quotidien, une politique z\u00e9ro d\u00e9chet digne de ce nom.<\/p>\n\n\n\n<p>Deuxi\u00e8me Axe majeur&nbsp;: prendre \u00e0 bras le corps les d\u00e9chets qui restent m\u00eame quand on les aura r\u00e9duits drastiquement.&nbsp;<\/p>\n\n\n\n<p> 2. Je vous demanderais aussi de voter la d\u00e9lib\u00e9ration 73&nbsp;qui nous permet une mise \u00e0 niveau du p\u00f4le d\u00e9chet avec l&rsquo;int\u00e9gration de 17 agents dans le service. Dans ces 17 postes, il y a 5 d\u00e9-pr\u00e9carisations. Des CDD renouvel\u00e9s de mois en mois depuis des ann\u00e9es et qui seront, enfin, emmen\u00e9 vers la titularisation.<\/p>\n\n\n\n<p>C&rsquo;est la bonne nouvelle de la rentr\u00e9e qui nous mettra \u00e0 niveau des autres m\u00e9tropoles. C&rsquo;est un bon d\u00e9but, nous revenons #backtothemap au niveau des m\u00e9tropoles. C&rsquo;est un bon d\u00e9but pour commencer \u00e0 penser \u00e0 devenir \u00e9cologistes, sociaux et innovant. Car pour aller chercher 250 000 tonnes de d\u00e9chets, ben, il faut du monde. Donc c&rsquo;est une politique qui imbrique tr\u00e8s fortement conqu\u00eate \u00e9cologique (moins de d\u00e9chets) et conqu\u00eate sociale (plus d&rsquo;agents et mieux trait\u00e9s) que nous vous demandons de valider par ces 2 d\u00e9lib\u00e9rations.<\/p>\n\n\n\n<p>Je vous remercie.<\/p>\n","protected":false},"excerpt":{"rendered":"<p>Conseil de m\u00e9tropole du 28 septembre 2021 Monsieur le pr\u00e9sident, Si je me permets de prendre la parole sur les d\u00e9chets c&rsquo;est parce que nos \u00e9 \u00e9lu.es qui en ont la charge (C\u00e9lia Serrano et Fran\u00e7ois Vasquez) sont en ce moment m\u00eame \u00e0 Colmar pour &#8230; \u00e9changer sur les d\u00e9chets, c&rsquo;est leur p\u00e9cher mignon, partout [&hellip;]<\/p>\n","protected":false},"author":6,"featured_media":11586,"comment_status":"open","ping_status":"open","sticky":false,"template":"","format":"standard","meta":{"_et_pb_use_builder":"","_et_pb_old_content":"","_et_gb_content_width":"","footnotes":""},"categories":[110,12,16],"tags":[],"class_list":["post-11585","post","type-post","status-publish","format-standard","has-post-thumbnail","hentry","category-bruno-paternot","category-gestion-des-dechets","category-les-conseils"],"_links":{"self":[{"href":"https:\/\/choisirlecologie.fr\/bienvenue\/wp-json\/wp\/v2\/posts\/11585","targetHints":{"allow":["GET"]}}],"collection":[{"href":"https:\/\/choisirlecologie.fr\/bienvenue\/wp-json\/wp\/v2\/posts"}],"about":[{"href":"https:\/\/choisirlecologie.fr\/bienvenue\/wp-json\/wp\/v2\/types\/post"}],"author":[{"embeddable":true,"href":"https:\/\/choisirlecologie.fr\/bienvenue\/wp-json\/wp\/v2\/users\/6"}],"replies":[{"embeddable":true,"href":"https:\/\/choisirlecologie.fr\/bienvenue\/wp-json\/wp\/v2\/comments?post=11585"}],"version-history":[{"count":3,"href":"https:\/\/choisirlecologie.fr\/bienvenue\/wp-json\/wp\/v2\/posts\/11585\/revisions"}],"predecessor-version":[{"id":11600,"href":"https:\/\/choisirlecologie.fr\/bienvenue\/wp-json\/wp\/v2\/posts\/11585\/revisions\/11600"}],"wp:featuredmedia":[{"embeddable":true,"href":"https:\/\/choisirlecologie.fr\/bienvenue\/wp-json\/wp\/v2\/media\/11586"}],"wp:attachment":[{"href":"https:\/\/choisirlecologie.fr\/bienvenue\/wp-json\/wp\/v2\/media?parent=11585"}],"wp:term":[{"taxonomy":"category","embeddable":true,"href":"https:\/\/choisirlecologie.fr\/bienvenue\/wp-json\/wp\/v2\/categories?post=11585"},{"taxonomy":"post_tag","embeddable":true,"href":"https:\/\/choisirlecologie.fr\/bienvenue\/wp-json\/wp\/v2\/tags?post=11585"}],"curies":[{"name":"wp","href":"https:\/\/api.w.org\/{rel}","templated":true}]}}