{"id":11545,"date":"2021-09-21T08:39:16","date_gmt":"2021-09-21T08:39:16","guid":{"rendered":"http:\/\/choisirlecologie.fr\/?p=11545"},"modified":"2022-09-09T13:16:52","modified_gmt":"2022-09-09T13:16:52","slug":"bareme-des-degats-causes-aux-arbres-stephane-jouault","status":"publish","type":"post","link":"https:\/\/choisirlecologie.fr\/bienvenue\/bareme-des-degats-causes-aux-arbres-stephane-jouault","title":{"rendered":"Bar\u00e8me des d\u00e9g\u00e2ts caus\u00e9s aux arbres &#8211; St\u00e9phane Jouault"},"content":{"rendered":"\n<p>Conseil municipal du 21 Septembre 2021<\/p>\n\n\n\n<div class=\"wp-block-image\"><figure class=\"aligncenter size-full\"><img loading=\"lazy\" decoding=\"async\" width=\"600\" height=\"800\" src=\"http:\/\/choisirlecologie.fr\/wp-content\/uploads\/2021\/09\/Thuya-occidentalis.jpg\" alt=\"\" class=\"wp-image-11550\" srcset=\"http:\/\/choisirlecologie.fr\/wp-content\/uploads\/2021\/09\/Thuya-occidentalis.jpg 600w, http:\/\/choisirlecologie.fr\/wp-content\/uploads\/2021\/09\/Thuya-occidentalis-480x640.jpg 480w\" sizes=\"auto, (min-width: 0px) and (max-width: 480px) 480px, (min-width: 481px) 600px, 100vw\" \/><\/figure><\/div>\n\n\n\n<p>Apr\u00e8s l\u2019\u00e9dition de la charte de l\u2019arbre, apr\u00e8s la cr\u00e9ation du comit\u00e9 arbre, nous proposons par cette d\u00e9lib\u00e9ration d\u2019adopter un nouveau bar\u00e8me de l\u2019arbre. Celui-ci a \u00e9t\u00e9 \u00e9labor\u00e9 par plusieurs organismes comme Plante &amp; Cit\u00e9, dont la Ville administratrice, avec le concours de plusieurs collectivit\u00e9s dont Montpellier.<\/p>\n\n\n\n<p>Il s\u2019agit ici d\u2019attribuer une valeur financi\u00e8re \u00e0 tout dommage au patrimoine arbor\u00e9 du domaine public. En effet, si comme toute forme de vie, l\u2019arbre n\u2019a pas de prix, sa d\u00e9gradation doit avoir un co\u00fbt.<\/p>\n\n\n\n<p>Ce bar\u00e8me en remplace un autre en mettant en avant de nouveaux crit\u00e8res tel que, par exemple, la biodiversit\u00e9 induite par la pr\u00e9sence de tel ou tel arbre dans un lieu donn\u00e9. La premi\u00e8re cons\u00e9quence concr\u00e8te de ce nouveau bar\u00e8me est, en moyenne, de multiplier par deux, la valeur financi\u00e8re d\u2019une d\u00e9gradation.<\/p>\n\n\n\n<p>Je vous conseille d\u2019aller sur le site <a href=\"https:\/\/www.baremedelarbre.fr\/\">baremedelarbre.fr<\/a>&nbsp;: vous pourrez vous \u00ab&nbsp;amuser&nbsp;\u00bb \u00e0 \u00e9valuer la valeur de l\u2019arbre du coin de votre rue. Il suffit de compl\u00e9ter diff\u00e9rents items et vous aboutirez \u00e0 un montant en euros pour cet arbre (ce qu\u2019on appelle la VIE) puis \u00e0 un montant pond\u00e9r\u00e9 pour tel ou tel type de d\u00e9gradation (ce qu\u2019on appelle le BIE).<\/p>\n\n\n\n<p>J\u2019aurais l\u2019occasion bient\u00f4t de vous pr\u00e9senter un autre bar\u00e8me que le comit\u00e9 arbre est en train de finaliser. Il s\u2019agit d\u2019\u00e9valuer une compensation suite \u00e0 l\u2019abattage d\u2019un arbre sur le domaine public ou priv\u00e9. La question ici n\u2019est pas financi\u00e8re, l\u2019id\u00e9e est de d\u00e9terminer un projet de v\u00e9g\u00e9talisation qui pourrait compenser au mieux, en termes de biodiversit\u00e9 notamment, un abattage. L\u2019id\u00e9e est de sortir du 1 arbre abattu, 2 arbres replant\u00e9s, \u00e7a n\u2019a aucun sens.<\/p>\n\n\n\n<p>Cela m\u2019am\u00e8ne \u00e0 un dernier point. Le patrimoine arbor\u00e9 du territoire de Montpellier est entr\u00e9 dans une p\u00e9riode de mutation difficile. Les effets du d\u00e9r\u00e8glement climatique sont d\u00e9j\u00e0 l\u00e0. Les arbres ont subi en quelques ann\u00e9es une succession d\u2019al\u00e9as&nbsp;qui ont eu un tr\u00e8s fort impact : les fortes chutes de neige d\u00e9but mars 2018, la vague de chaleur extr\u00eame en juin 2019 et cette ann\u00e9e encore une forte s\u00e9cheresse. Fin juillet il n\u2019\u00e9tait tomb\u00e9 que 250 mm de pr\u00e9cipitations, 250 l par m2. Quand on sait qu\u2019un micocoulier de bonne taille consomme 200 l d\u2019eau par jour\u2026<\/p>\n\n\n\n<p>A ces al\u00e9as climatiques s\u2019ajoutent des maladies tel le chancre color\u00e9 du platane. Comme vous le savez sans doute d\u00e9j\u00e0, le chancre color\u00e9 est pr\u00e9sent sur plusieurs sites \u00e0 Montpellier. Le canal du Midi l\u2019a montr\u00e9, la pr\u00e9sence du chancre color\u00e9 est une catastrophe.<\/p>\n\n\n\n<p>Cette maladie est incurable, la seule r\u00e9ponse est un abattage de tous les arbres dans un rayon de 30 \u00e0 50 m selon la situation. Tout cela est tr\u00e8s encadr\u00e9&nbsp;: c\u2019est la DREAL qui d\u00e9termine le plan d\u2019abattage. L\u2019objectif est d\u2019\u00e9viter la propagation du champignon.<\/p>\n\n\n\n<p>Vous trouverez prochainement sur le site de la Ville tous les \u00e9l\u00e9ments de diagnostic et les mesures pr\u00e9conis\u00e9s par un \u00e9cologue pour limiter l\u2019impact sur la biodiversit\u00e9 pr\u00e9sente dans ces arbres.<\/p>\n\n\n\n<p>Mais face au chancre color\u00e9, face aux cons\u00e9quences du r\u00e9chauffement climatique, nous construisons des r\u00e9ponses, nous avons des r\u00e9ponses. Deux mots r\u00e9sument notre strat\u00e9gie de r\u00e9silience pour Montpellier&nbsp;: exp\u00e9rimentation et diversification. Accompagn\u00e9e par des scientifiques, Claire Atger et Yves Caraglio notamment, la Ville de Montpellier devient un laboratoire.<\/p>\n\n\n\n<p>Exp\u00e9rimentation, diversification.<\/p>\n\n\n\n<p>Diversification&nbsp;? C\u2019est tout simplement qu\u2019il ne faut pas mettre tous ses \u0153ufs dans le m\u00eame panier&nbsp;: nous arr\u00eatons de planter les 3 ou 4 m\u00eames essences partout puisque nous ne savons pas encore pr\u00e9cis\u00e9ment quelles sont les essences qui vont le mieux r\u00e9sister au changement climatique.<\/p>\n\n\n\n<p>Exp\u00e9rimentation&nbsp;? Pour diversifier, il faut essayer de nouvelles esp\u00e8ces. C\u2019est par exemple le travail de Claire Atger pour la for\u00eat urbaine qui va commencer \u00e0 \u00eatre plant\u00e9e cet automne sur le site de Cambac\u00e9r\u00e8s. Des esp\u00e8ces issues d\u2019autres r\u00e9gions au climat m\u00e9diterran\u00e9en seront ainsi m\u00eal\u00e9es aux esp\u00e8ces de notre r\u00e9gion.<\/p>\n\n\n\n<p>Face \u00e0 une situation difficile, c\u2019est donc bien une v\u00e9ritable strat\u00e9gie de r\u00e9silience du patrimoine que nous mettons en place dans notre Ville. Le mot est malheureusement galvaud\u00e9 mais il prend ici tout son sens.<\/p>\n","protected":false},"excerpt":{"rendered":"<p>Conseil municipal du 21 Septembre 2021 Apr\u00e8s l\u2019\u00e9dition de la charte de l\u2019arbre, apr\u00e8s la cr\u00e9ation du comit\u00e9 arbre, nous proposons par cette d\u00e9lib\u00e9ration d\u2019adopter un nouveau bar\u00e8me de l\u2019arbre. Celui-ci a \u00e9t\u00e9 \u00e9labor\u00e9 par plusieurs organismes comme Plante &amp; Cit\u00e9, dont la Ville administratrice, avec le concours de plusieurs collectivit\u00e9s dont Montpellier. Il s\u2019agit [&hellip;]<\/p>\n","protected":false},"author":6,"featured_media":10731,"comment_status":"open","ping_status":"open","sticky":false,"template":"","format":"standard","meta":{"_et_pb_use_builder":"","_et_pb_old_content":"","_et_gb_content_width":"","footnotes":""},"categories":[16,106],"tags":[],"class_list":["post-11545","post","type-post","status-publish","format-standard","has-post-thumbnail","hentry","category-les-conseils","category-stephane-jouault"],"_links":{"self":[{"href":"https:\/\/choisirlecologie.fr\/bienvenue\/wp-json\/wp\/v2\/posts\/11545","targetHints":{"allow":["GET"]}}],"collection":[{"href":"https:\/\/choisirlecologie.fr\/bienvenue\/wp-json\/wp\/v2\/posts"}],"about":[{"href":"https:\/\/choisirlecologie.fr\/bienvenue\/wp-json\/wp\/v2\/types\/post"}],"author":[{"embeddable":true,"href":"https:\/\/choisirlecologie.fr\/bienvenue\/wp-json\/wp\/v2\/users\/6"}],"replies":[{"embeddable":true,"href":"https:\/\/choisirlecologie.fr\/bienvenue\/wp-json\/wp\/v2\/comments?post=11545"}],"version-history":[{"count":3,"href":"https:\/\/choisirlecologie.fr\/bienvenue\/wp-json\/wp\/v2\/posts\/11545\/revisions"}],"predecessor-version":[{"id":12400,"href":"https:\/\/choisirlecologie.fr\/bienvenue\/wp-json\/wp\/v2\/posts\/11545\/revisions\/12400"}],"wp:featuredmedia":[{"embeddable":true,"href":"https:\/\/choisirlecologie.fr\/bienvenue\/wp-json\/wp\/v2\/media\/10731"}],"wp:attachment":[{"href":"https:\/\/choisirlecologie.fr\/bienvenue\/wp-json\/wp\/v2\/media?parent=11545"}],"wp:term":[{"taxonomy":"category","embeddable":true,"href":"https:\/\/choisirlecologie.fr\/bienvenue\/wp-json\/wp\/v2\/categories?post=11545"},{"taxonomy":"post_tag","embeddable":true,"href":"https:\/\/choisirlecologie.fr\/bienvenue\/wp-json\/wp\/v2\/tags?post=11545"}],"curies":[{"name":"wp","href":"https:\/\/api.w.org\/{rel}","templated":true}]}}