{"id":11432,"date":"2021-06-15T00:00:00","date_gmt":"2021-06-15T00:00:00","guid":{"rendered":"http:\/\/choisirlecologie.fr\/?p=11432"},"modified":"2023-06-22T09:18:33","modified_gmt":"2023-06-22T09:18:33","slug":"conseil-municipal-14-06-2021-affaires-et-interventions-des-elu-es-ecologistes","status":"publish","type":"post","link":"https:\/\/choisirlecologie.fr\/bienvenue\/conseil-municipal-14-06-2021-affaires-et-interventions-des-elu-es-ecologistes","title":{"rendered":"[Conseil Municipal] 14\/06\/2021 \u2013 Affaires et interventions des \u00e9lu-es \u00e9cologistes"},"content":{"rendered":"\n<p>Les principaux dossiers \u00e0 l\u2019ordre du jour de ce Conseil&nbsp;:<\/p>\n\n\n\n<ul class=\"wp-block-list\"><li><a href=\"http:\/\/choisirlecologie.fr\/?p=11432#Affaire2\">Adh\u00e9sion au projet national \u00ab Territoires Z\u00e9ro Ch\u00f4meur de Longue Dur\u00e9e \u00bb (TZCLD)<\/a><\/li><li>Un appel \u00e0 projets d&rsquo;investissement in\u00e9dit pour soutenir la vitalit\u00e9 des associations culturelles et sportives<\/li><li>La \u00ab Commission Montpellier Ville Sportive \u00bb : une nouvelle synergie avec le monde sportif local<\/li><li>Le dispositif \u00ab Coup de pouce jeune \u00bb <\/li><li><a href=\"http:\/\/choisirlecologie.fr\/?p=11432#Affaire6\">La \u00ab Charte de l&rsquo;\u00e9v\u00e9nementiel responsable \u00bb, une d\u00e9marche 100% \u00e9co-responsable citoyenne<\/a><\/li><li>Un encadrement strict des meubl\u00e9s touristiques pour pr\u00e9server les emplois dans la fili\u00e8re h\u00f4teli\u00e8re<\/li><li><a href=\"http:\/\/choisirlecologie.fr\/?p=11432#Affaire18\">\u00c9galit\u00e9 Femmes-Hommes : le collectif Gis\u00e8le Halimi est cr\u00e9\u00e9<\/a><\/li><li>Une nouvelle campagne d&rsquo;aide \u00e0 la r\u00e9novation des fa\u00e7ades commerciales pour pr\u00e9server le patrimoine exceptionnel du c\u0153ur de ville<\/li><\/ul>\n\n\n\n<h3 class=\"wp-block-heading\" id=\"Affaire2\">Affaire n\u00b02 &#8211; Projet \u00ab\u00a0Territoire Z\u00e9ro Ch\u00f4meur de longue dur\u00e9e\u00a0\u00bb &#8211; Pr\u00e9sentation de Mustapha Laoukiri<\/h3>\n\n\n\n<figure class=\"wp-block-embed is-type-video is-provider-youtube wp-block-embed-youtube wp-embed-aspect-16-9 wp-has-aspect-ratio\"><div class=\"wp-block-embed__wrapper\">\n<iframe loading=\"lazy\" title=\"Conseil Municipal - Lundi 14 juin 2021\" width=\"1080\" height=\"608\" src=\"https:\/\/www.youtube.com\/embed\/Ihts8FbdDs4?start=2666&#038;feature=oembed\"  allow=\"accelerometer; autoplay; clipboard-write; encrypted-media; gyroscope; picture-in-picture\" allowfullscreen><\/iframe>\n<\/div><\/figure>\n\n\n\n<h4 class=\"wp-block-heading\"><em>\u00ab Chacun a le devoir de travailler et le droit d\u2019obtenir un emploi. \u00bb<\/em><\/h4>\n\n\n\n<p>C\u2019est en partant de ce principe \u00e9nonc\u00e9 dans le pr\u00e9ambule de la Constitution de 1946, que le projet \u00ab&nbsp;Territoires z\u00e9ro ch\u00f4meur de longue dur\u00e9e&nbsp;\u00bb a \u00e9t\u00e9 imagin\u00e9 et \u00e9labor\u00e9. Il s&rsquo;appuie sur la combinaison de six principes fondamentaux :<\/p>\n\n\n\n<ul class=\"wp-block-list\"><li><strong>L&rsquo;exhaustivit\u00e9 territoriale :<\/strong> un emploi doit pouvoir \u00eatre propos\u00e9 \u00e0 toutes les personnes priv\u00e9es durablement d&#8217;emploi volontaires du territoire. Les personnes concern\u00e9es par l&rsquo;exp\u00e9rimentation sont les demandeurs d&#8217;emploi, quel que soit le motif pour lequel leur contrat de travail a pris fin, qu&rsquo;elles soient inscrites ou non sur la liste \u00e9tablie par P\u00f4le emploi. Elles doivent \u00eatre priv\u00e9es d&#8217;emploi depuis plus d&rsquo;un an et domicili\u00e9es depuis au moins six mois dans l&rsquo;un des territoires participant \u00e0 l&rsquo;exp\u00e9rimentation.<\/li><li><strong>L&#8217;embauche non s\u00e9lective :<\/strong> l&#8217;emploi est produit en fonction des savoir-faire, des envies, des possibilit\u00e9s des personnes et de leur date de candidature.<\/li><li><strong>La qualit\u00e9 de l&#8217;emploi :<\/strong> l&rsquo;objectif est double. Apporter d&#8217;embl\u00e9e une s\u00e9curit\u00e9 \u00e0 ceux qui subissent le plus durement la p\u00e9nurie d&#8217;emploi avec le recours au CDI. Permettre \u00e0 chacun d&rsquo;\u00eatre acteur de l&rsquo;animation de l&rsquo;entreprise \u00e0 but d&#8217;emploi (EBE).<\/li><li><strong>L&#8217;emploi \u00e0 temps choisi :<\/strong> les personnes embauch\u00e9es choisissent leur temps de travail.<\/li><li><strong>L&#8217;emploi-formation :<\/strong> l&#8217;emploi propos\u00e9 aux personnes doit leur permettre d&rsquo;acqu\u00e9rir de nouvelles comp\u00e9tences. Le caract\u00e8re formateur de cet emploi doit donc toujours \u00eatre garanti : mont\u00e9e en comp\u00e9tences sur un poste de travail donn\u00e9, mobilit\u00e9 professionnelle au sein de l&rsquo;entreprise, formation continue&#8230;<\/li><li><strong>La cr\u00e9ation nette d&#8217;emplois :<\/strong> les EBE doivent s&rsquo;attacher \u00e0 proposer des emplois suppl\u00e9mentaires sur le territoire en articulation avec le tissu \u00e9conomique local.<\/li><\/ul>\n\n\n\n<div class=\"wp-block-image\"><figure class=\"alignleft\"><img decoding=\"async\" src=\"https:\/\/www.montpellier.fr\/uploads\/Image\/f9\/IMF_25\/GAB_MPL\/39439_146_Capture-d-e-cran-2021-06-14-a-15.png\" alt=\"\" title=\"\"\/><\/figure><\/div>\n\n\n\n<p>En ce sens, le projet national \u00ab\u00a0Territoires Z\u00e9ro Ch\u00f4meur de Longue Dur\u00e9e\u00a0\u00bb port\u00e9 par l\u2019association TZCLD est une solution innovante dans la lutte contre le ch\u00f4mage.<\/p>\n\n\n\n<p>Apr\u00e8s une premi\u00e8re exp\u00e9rimentation lanc\u00e9e sur 10 territoires par la loi du 29 f\u00e9vrier 2016, une nouvelle loi du 14 d\u00e9cembre 2020 \u00e9tend l\u2019exp\u00e9rimentation qui b\u00e9n\u00e9ficiera \u00e0 50 nouveaux territoires au moins. Apr\u00e8s parution du d\u00e9cret d\u2019application de la loi, un appel \u00e0 projet national sera lanc\u00e9 au courant du second semestre 2021.<\/p>\n\n\n\n<p>La Ville de Montpellier souhaite donc s\u2019engager dans cette d\u00e9marche et pr\u00e9parer une future candidature portant sur un quartier prioritaire de la Politique de la Ville. Un travail partenarial permettra \u00e0 la commune et aux partenaires qui la rejoindront de co-construire un nouvel outil de lutte contre le ch\u00f4mage de longue dur\u00e9e.&nbsp;<\/p>\n\n\n\n<p>Il viendra compl\u00e9ter les politiques publiques men\u00e9es actuellement en mati\u00e8re d\u2019emploi, d\u2019insertion et de coh\u00e9sion sociale avec l\u2019Etat, le Conseil R\u00e9gional, le Conseil D\u00e9partemental et le Service public de l\u2019emploi.<\/p>\n\n\n\n<p>Afin de participer \u00e0 la dynamique nationale de l\u2019exp\u00e9rimentation et disposer de retours d\u2019exp\u00e9riences et d\u2019un accompagnement, <strong>la Ville de Montpellier adh\u00e8re \u00e0 l\u2019association \u00ab Territoires z\u00e9ro ch\u00f4meur de longue dur\u00e9e \u00bb.<\/strong><\/p>\n\n\n\n<hr class=\"wp-block-separator is-style-wide\"\/>\n\n\n\n<h3 class=\"wp-block-heading\">Affaire n\u00b05 &#8211; Avis sur le projet de pacte de gouvernance de Montpellier M\u00e9diterran\u00e9e M\u00e9tropole &#8211; Intervention de St\u00e9phane Jouault<\/h3>\n\n\n\n<figure class=\"wp-block-embed is-type-video is-provider-youtube wp-block-embed-youtube wp-embed-aspect-16-9 wp-has-aspect-ratio\"><div class=\"wp-block-embed__wrapper\">\n<iframe loading=\"lazy\" title=\"Conseil Municipal - Lundi 14 juin 2021\" width=\"1080\" height=\"608\" src=\"https:\/\/www.youtube.com\/embed\/Ihts8FbdDs4?start=6020&#038;feature=oembed\"  allow=\"accelerometer; autoplay; clipboard-write; encrypted-media; gyroscope; picture-in-picture\" allowfullscreen><\/iframe>\n<\/div><\/figure>\n\n\n\n<p>Ch\u00e8r.e.s coll\u00e8gues,<\/p>\n\n\n\n<p>Je ne m\u2019attarderai pas sur le contenu de ce pacte de gouvernance. Ce texte s\u2019efforce au mieux de garantir le fonctionnement institutionnel de la M\u00e9tropole dans le cadre pr\u00e9vu par la loi. Mais c\u2019est justement cette loi qui pose une difficult\u00e9 majeure. Elle n\u2019est pas adapt\u00e9e \u00e0 la r\u00e9alit\u00e9 des m\u00e9tropoles en g\u00e9n\u00e9ral, et de la n\u00f4tre tout particuli\u00e8rement.<\/p>\n\n\n\n<p>Comme le rappelle le pacte, la M\u00e9tropole de Montpellier est l\u2019une des plus int\u00e9gr\u00e9es de France, les comp\u00e9tences d\u00e9l\u00e9gu\u00e9es par les communes couvrent un large champ des politiques publiques locales. Et c\u2019est tant mieux pour leur n\u00e9cessaire coh\u00e9rence entre les 31 communes. La M\u00e9tropole est bien l\u2019\u00e9chelon pertinent dans de nombreux domaines.<\/p>\n\n\n\n<p>Pourtant, la loi actuelle ne permet pas d\u2019\u00e9viter \u00e0 coup s\u00fbr que cette coh\u00e9rence ne soit battue en br\u00e8che par les tentatives des communes de faire valoir des int\u00e9r\u00eats particuliers comme on l\u2019a beaucoup vu par le pass\u00e9. Le pouvoir des communes au sein de la M\u00e9tropole est d\u2019ailleurs d\u2019autant plus \u00e9tonnant que, la Ville de Montpellier mise \u00e0 part, leurs repr\u00e9sentants et repr\u00e9sentantes ne sont pas \u00e9lu.e.s sur un programme pens\u00e9 \u00e0 l\u2019\u00e9chelle m\u00e9tropolitaine.<\/p>\n\n\n\n<p>Pourtant le fonctionnement actuel de la m\u00e9tropole donne non seulement une place pr\u00e9\u00e9minente aux communes, plus encore, elle r\u00e9duit le poids l\u00e9gitime de la ville-centre qui n\u2019est alors qu\u2019une commune parmi d\u2019autres. La 4<sup>\u00e8me<\/sup> de couverture du Pacte de gouvernance est en l\u2019illustration&nbsp;: le logo de la Ville de Montpellier est perdu au milieu des autres alors qu\u2019elle repr\u00e9sente les deux tiers des habitants.<\/p>\n\n\n\n<p>Le pacte de gouvernance est certes un progr\u00e8s qu\u2019il faut saluer mais il faut changer la loi. Les \u00e9lu-es m\u00e9tropolitain-es doivent \u00e0 l\u2019avenir \u00eatre \u00e9lus dans le cadre d\u2019un scrutin sp\u00e9cifique m\u00e9tropolitain. C\u2019est \u00e0 cette condition que l&rsquo;intercommunalit\u00e9 sera un v\u00e9ritable espace de\u00a0solidarit\u00e9, que la tentation du\u00a0\u00ab\u00a0chacun pour soi\u00a0\u00bb\u00a0sera d\u00e9pass\u00e9e.<\/p>\n\n\n\n<p>Faire m\u00e9tropole ce n&rsquo;est pas seulement partager des biens et des moyens.<\/p>\n\n\n\n<p>Faire m\u00e9tropole c&rsquo;est d&rsquo;abord partager des objectifs communs et des valeurs communes.<\/p>\n\n\n\n<p>La m\u00e9tropole est un territoire de politiques publiques. C&rsquo;est donc un instrument politique. Ce n&rsquo;est ni une copropri\u00e9t\u00e9 ni un syndicat !<\/p>\n\n\n\n<hr class=\"wp-block-separator is-style-wide\"\/>\n\n\n\n<h3 class=\"wp-block-heading\" id=\"Affaire6\">Affaires n\u00b06 &#8211; Charte de l&rsquo;\u00e9v\u00e8nementiel responsable &#8211; Pr\u00e9sentation de Fran\u00e7ois Vasquez<\/h3>\n\n\n\n<figure class=\"wp-block-embed is-type-video is-provider-youtube wp-block-embed-youtube wp-embed-aspect-16-9 wp-has-aspect-ratio\"><div class=\"wp-block-embed__wrapper\">\n<iframe loading=\"lazy\" title=\"Conseil Municipal - Lundi 14 juin 2021\" width=\"1080\" height=\"608\" src=\"https:\/\/www.youtube.com\/embed\/Ihts8FbdDs4?start=6764&#038;feature=oembed\"  allow=\"accelerometer; autoplay; clipboard-write; encrypted-media; gyroscope; picture-in-picture\" allowfullscreen><\/iframe>\n<\/div><\/figure>\n\n\n\n<p>Pour accompagner la transition \u00e9cologique, Montpellier soutient la M\u00e9tropole dans son objectif de <strong>r\u00e9duction de 40% des ordures m\u00e9nag\u00e8res r\u00e9siduelles <\/strong>produites sur le territoire (objectif 2024).&nbsp; La Ville entend \u00e9galement <strong>favoriser une alimentation locale et de qualit\u00e9<\/strong>, en soutenant les circuits courts et les produits issus de l\u2019agriculture biologique.<\/p>\n\n\n\n<div class=\"wp-block-image\"><figure class=\"alignleft\"><img decoding=\"async\" src=\"https:\/\/www.montpellier.fr\/uploads\/Image\/e8\/IMF_50\/GAB_MPL\/39440_775_Capture-d-e-cran-2021-06-14-a-16.png\" alt=\"\" title=\"\"\/><\/figure><\/div>\n\n\n\n<p>Chaque ann\u00e9e, la Ville accueille de nombreux \u00e9v\u00e8nements et manifestations sur la voie publique dont certains sont particuli\u00e8rement embl\u00e9matiques, r\u00e9gionalement et nationalement, et peuvent ainsi rassembler des milliers de participants.&nbsp; La Ville pr\u00eate \u00e9galement des salles dont elle est propri\u00e9taire, du mat\u00e9riel, et verse des subventions pour l\u2019organisation d\u2019\u00e9v\u00e8nements sur son territoire.&nbsp;<\/p>\n\n\n\n<p>Dans l&rsquo;objectif d&rsquo;un effort collectif et partag\u00e9, il est essentiel que les \u00e9v\u00e8nements se d\u00e9roulant sur la voie publique, ou dans des salles publiques pr\u00eat\u00e9es par la collectivit\u00e9, s\u2019engagent dans une telle d\u00e9marche \u00e9cologique.<\/p>\n\n\n\n<figure class=\"wp-block-image\"><img decoding=\"async\" src=\"https:\/\/www.montpellier.fr\/uploads\/Image\/49\/IMF_100\/GAB_MPL\/39441_808_Capture-d-e-cran-2021-06-14-a-16.png\" alt=\"\" title=\"\"\/><\/figure>\n\n\n\n<hr class=\"wp-block-separator is-style-wide\"\/>\n\n\n\n<h3 class=\"wp-block-heading\">Affaires n\u00b014 &#8211; Montpellier Grand C\u0153ur, engagement d&rsquo;une nouvelle campagne d&rsquo;aide \u00e0 la r\u00e9novation des devantures des locaux d&rsquo;activit\u00e9s de 2021 \u00e0 2026 &#8211; Intervention de Bruno Paternot<\/h3>\n\n\n\n<figure class=\"wp-block-embed is-type-video is-provider-youtube wp-block-embed-youtube wp-embed-aspect-16-9 wp-has-aspect-ratio\"><div class=\"wp-block-embed__wrapper\">\n<iframe loading=\"lazy\" title=\"Conseil Municipal - Lundi 14 juin 2021\" width=\"1080\" height=\"608\" src=\"https:\/\/www.youtube.com\/embed\/Ihts8FbdDs4?start=8421&#038;feature=oembed\"  allow=\"accelerometer; autoplay; clipboard-write; encrypted-media; gyroscope; picture-in-picture\" allowfullscreen><\/iframe>\n<\/div><\/figure>\n\n\n\n<p>M. le maire, Cher.es \u00e9lu.es,<\/p>\n\n\n\n<p>La qualit\u00e9 de l\u2019environnement visuel est un axe important de notre majorit\u00e9. Il me semble qu\u2019il y a peu d\u2019autres collectivit\u00e9s qui ont d\u00e9sign\u00e9 des \u00e9lus \u00e0 \u00ab&nbsp;l\u2019embellissement de la ville&nbsp;\u00bb ou encore \u00e0 \u00ab&nbsp;l\u2019esth\u00e9tique lumineuse&nbsp;\u00bb et sonore.<\/p>\n\n\n\n<p>La beaut\u00e9 de la ville passe d\u2019abord par une collectivit\u00e9 exemplaire&nbsp;: ce que nous mettons en place. Une collectivit\u00e9 qui ne m\u00e9gote pas sur la qualit\u00e9 des mat\u00e9riaux, qui fait appel \u00e0 des artistes pour collaborer \u00e0 la r\u00e9novation de la ville, qui plante arbres et fleurs partout&#8230; Et ceci dans toute la ville. Ous travaillons sur les sites remarquables mais ferons en sorte qu\u2019on remarque tous les sites, de la Paillade \u00e0 Odysseum, de Celleneuve aux Aubes. Durant le mandat, la qualit\u00e9 du paysage urbain s\u2019\u00e9tendra partout, en partenariat avec chaque adjoint et adjointe de quartier. Montpellier, ville aux multiples facettes va se r\u00e9nover sur elle-m\u00eame, quartier par quartier. Nous travaillons avec Laurent Nison \u00e0 une continuit\u00e9 et une logique par quartier, \u00e0 une \u00e9cologie de la relation qui fait en fonction du r\u00e9el. A la carte nous pr\u00e9f\u00e9rons le territoire. A la simulation sur un ordinateur nous pr\u00e9f\u00e9rons le terrain. Pas de globalisation sur toute la ville, mais une r\u00e9flexion de coh\u00e9rence parce qu\u2019on ne vit pas de la m\u00eame fa\u00e7on \u00e0 Figuerolles ou \u00e0 Mabosc, au Mill\u00e9naire ou dans l\u2019\u00e9cusson. Chaque quartier, chaque facette \u00e0 son identit\u00e9. Et une ville <em>boule \u00e0 facette<\/em>, pour un \u00e9lu \u00e0 l\u2019ambiance sonore, forcement, \u00e7a ne peut que me faire plaisir&nbsp;!<\/p>\n\n\n\n<p>Outre les b\u00e2timents publics, nous aidons donc les b\u00e2timents priv\u00e9s \u00e0 se mettre aux go\u00fbts du jour. Un de nos objectif est bien d\u2019expliquer que&nbsp;: visible ne veut pas dire moche. R\u00e9silient ne veut pas dire triste. \u00c9l\u00e9gant ne veut pas forc\u00e9ment dire couteux.<\/p>\n\n\n\n<p>Ces aides seront conditionn\u00e9es au fait d\u2019\u00eatre plus r\u00e9siliant&nbsp;: pas de pollution lumineuse, pas de nuisances sonores, des enseignes sans exc\u00e8s nous en reparlerons tout \u00e0 l\u2019heure.<\/p>\n\n\n\n<p>Il s\u2019agit, en un mandat (et \u00e7a va tr\u00e8s vite) d\u2019\u00eatre capable de d\u00e9finir ce que sont les imaginaires des villes.<\/p>\n\n\n\n<div class=\"wp-block-group\"><div class=\"wp-block-group__inner-container is-layout-flow wp-block-group-is-layout-flow\">\n<blockquote class=\"wp-block-quote is-layout-flow wp-block-quote-is-layout-flow\"><p>\u00ab\u00a0Tous les chemins vont vers la ville.<\/p><p>Ce sont des ponts tress\u00e9s en fer<\/p><p>Jet\u00e9s, par bonds, \u00e0 travers l&rsquo;air;<\/p><p>Ce sont des blocs et des colonnes<\/p><p>Que dominent des faces de gorgones;<\/p><p>Ce sont des tours sur des faubourgs,<\/p><p>Ce sont des toits et des pignons,<\/p><p>En vols pli\u00e9s, sur les maisons;<\/p><p>C&rsquo;est la ville tentaculaire,\u00a0\u00bb<\/p><\/blockquote>\n<\/div><\/div>\n\n\n\n<p>L\u2019extrait de ce po\u00e8me d\u2019\u00c9mile Verhaeren date de 1895, cette image, cette symbolique de la ville tentaculaire doit rester dans notre h\u00e9ritage, rester au d\u00e9but du 20<sup>e<\/sup> si\u00e8cle d\u2019Apollinaire ou de Pr\u00e9vert et nous devons r\u00e9nover les imaginaires. \u00ab\u00a0Nous\u00a0\u00bb, c\u2019est la collectivit\u00e9, mais aussi les commerces, les habitants et habitantes, les entreprises.<\/p>\n\n\n\n<p>Tout mon travail sur l\u2019esth\u00e9tique lumineuse sera de reprendre le titre du livre de Richard Bohringer&nbsp;: \u00ab&nbsp;c\u2019est beau une ville la nuit&nbsp;\u00bb mais aussi d\u2019affirmer en tant que d\u00e9l\u00e9gu\u00e9 \u00e0 la qualit\u00e9 de l\u2019environnement visuel que&nbsp;: \u00ab&nbsp;c\u2019est beau ma ville le jour.&nbsp;\u00bb<\/p>\n\n\n\n<hr class=\"wp-block-separator is-style-wide\"\/>\n\n\n\n<h3 class=\"wp-block-heading\" id=\"Affaire18\">Affaires n\u00b018 &#8211; Cr\u00e9ation du Collectif Gis\u00e8le Halimi pour l&rsquo;\u00e9galit\u00e9 entre les Femmes et les Hommes \u00e0 Montpellier &#8211; Pr\u00e9sentation de Fatma Nakib<\/h3>\n\n\n\n<p>La Journ\u00e9e internationale des droits des femmes, du 8 mars dernier a \u00e9t\u00e9 l\u2019occasion de valoriser l\u2019implication quotidienne des associations engag\u00e9es pour les droits des femmes (CIDFF34, MFPF34, Citoyennes Maintenant!, Osez Le F\u00e9minisme 34, Nous toutes 34, etc.) et de rendre hommage \u00e0 Gis\u00e8le Halimi, avocate et fervente d\u00e9fenseuse du droit des femmes, figure embl\u00e9matique de combats f\u00e9ministes, d\u00e9c\u00e9d\u00e9e l\u2019an pass\u00e9.<\/p>\n\n\n\n<p>Pour donner plus de visibilit\u00e9 et d\u2019ampleur aux engagements f\u00e9ministes, les repr\u00e9sentant-es de la Ville et des associations ont d\u00e9cid\u00e9 de cr\u00e9er le Collectif Gis\u00e8le Halimi, un espace de concertation et de coordination territoriale, d\u00e9di\u00e9 aux droits des femmes, et plus sp\u00e9cifiquement \u00e0 la lutte contre les violences faites aux femmes.&nbsp;<\/p>\n\n\n\n<p>Dans sa premi\u00e8re ann\u00e9e de fonctionnement, le Collectif Gis\u00e8le Halimi accueillera, sur la base du volontariat&nbsp;:<\/p>\n\n\n\n<ul class=\"wp-block-list\"><li>des repr\u00e9sentant-es des associations f\u00e9ministes et f\u00e9minines de Montpellier,<\/li><li>des repr\u00e9sentant-es des partenaires institutionnels, notamment des services de l&rsquo;Etat (tels que la Direction r\u00e9gionale aux droits des femmes et \u00e0 l&rsquo;\u00e9galit\u00e9 \u2013 DRDFE),<\/li><li>des personnalit\u00e9s qualifi\u00e9es.<\/li><\/ul>\n\n\n\n<p>Il se r\u00e9unira en formation pl\u00e9ni\u00e8re une fois par an et fonctionnera en commissions th\u00e9matiques le reste de l\u2019ann\u00e9e. La premi\u00e8re ann\u00e9e d\u2019exercice permettra d\u2019affiner les modalit\u00e9s d\u2019organisation et la composition du collectif.&nbsp;<\/p>\n\n\n\n<p>Avec cette initiative originale, la Ville de Montpellier entend renforcer son action pour les droits des femmes et favoriser les coop\u00e9rations entre l\u2019ensemble des acteurs mobilis\u00e9s.<\/p>\n\n\n\n<figure class=\"wp-block-embed is-type-video is-provider-youtube wp-block-embed-youtube wp-embed-aspect-16-9 wp-has-aspect-ratio\"><div class=\"wp-block-embed__wrapper\">\n<iframe loading=\"lazy\" title=\"Conseil Municipal - Lundi 14 juin 2021\" width=\"1080\" height=\"608\" src=\"https:\/\/www.youtube.com\/embed\/Ihts8FbdDs4?start=8677&#038;feature=oembed\"  allow=\"accelerometer; autoplay; clipboard-write; encrypted-media; gyroscope; picture-in-picture\" allowfullscreen><\/iframe>\n<\/div><\/figure>\n\n\n\n<h3 class=\"wp-block-heading\">Affaires n\u00b044 &#8211; Taxe Locale sur la Publicit\u00e9 Ext\u00e9rieure (TLPE) &#8211; Pr\u00e9sentation de Bruno Paternot<\/h3>\n\n\n\n<p>Depuis 2 ans, les tarifs de la Taxe Locale sur la Publicit\u00e9 et les Enseignes (TLPE) n&rsquo;avaient plus \u00e9t\u00e9 mis \u00e0 jour. C&rsquo;est chose faite et ces tarifs (r\u00e8glement\u00e9s par l&rsquo;Etat) ont \u00e9t\u00e9 port\u00e9s \u00e0 leur maximum pour les grosses surfaces. Ainsi, nous pr\u00e9servons le commerce local\/ind\u00e9pendant, en facturant de fa\u00e7on plus importante les enseignes internationales.<\/p>\n\n\n\n<figure class=\"wp-block-embed is-type-video is-provider-youtube wp-block-embed-youtube wp-embed-aspect-16-9 wp-has-aspect-ratio\"><div class=\"wp-block-embed__wrapper\">\n<iframe loading=\"lazy\" title=\"Conseil Municipal - Lundi 14 juin 2021\" width=\"1080\" height=\"608\" src=\"https:\/\/www.youtube.com\/embed\/Ihts8FbdDs4?start=10617&#038;feature=oembed\"  allow=\"accelerometer; autoplay; clipboard-write; encrypted-media; gyroscope; picture-in-picture\" allowfullscreen><\/iframe>\n<\/div><\/figure>\n","protected":false},"excerpt":{"rendered":"<p>Les principaux dossiers \u00e0 l\u2019ordre du jour de ce Conseil&nbsp;: Adh\u00e9sion au projet national \u00ab Territoires Z\u00e9ro Ch\u00f4meur de Longue Dur\u00e9e \u00bb (TZCLD) Un appel \u00e0 projets d&rsquo;investissement in\u00e9dit pour soutenir la vitalit\u00e9 des associations culturelles et sportives La \u00ab Commission Montpellier Ville Sportive \u00bb : une nouvelle synergie avec le monde sportif local Le [&hellip;]<\/p>\n","protected":false},"author":6,"featured_media":11461,"comment_status":"open","ping_status":"open","sticky":false,"template":"","format":"standard","meta":{"_et_pb_use_builder":"","_et_pb_old_content":"","_et_gb_content_width":"","footnotes":""},"categories":[16],"tags":[],"class_list":["post-11432","post","type-post","status-publish","format-standard","has-post-thumbnail","hentry","category-les-conseils"],"_links":{"self":[{"href":"https:\/\/choisirlecologie.fr\/bienvenue\/wp-json\/wp\/v2\/posts\/11432","targetHints":{"allow":["GET"]}}],"collection":[{"href":"https:\/\/choisirlecologie.fr\/bienvenue\/wp-json\/wp\/v2\/posts"}],"about":[{"href":"https:\/\/choisirlecologie.fr\/bienvenue\/wp-json\/wp\/v2\/types\/post"}],"author":[{"embeddable":true,"href":"https:\/\/choisirlecologie.fr\/bienvenue\/wp-json\/wp\/v2\/users\/6"}],"replies":[{"embeddable":true,"href":"https:\/\/choisirlecologie.fr\/bienvenue\/wp-json\/wp\/v2\/comments?post=11432"}],"version-history":[{"count":30,"href":"https:\/\/choisirlecologie.fr\/bienvenue\/wp-json\/wp\/v2\/posts\/11432\/revisions"}],"predecessor-version":[{"id":11464,"href":"https:\/\/choisirlecologie.fr\/bienvenue\/wp-json\/wp\/v2\/posts\/11432\/revisions\/11464"}],"wp:featuredmedia":[{"embeddable":true,"href":"https:\/\/choisirlecologie.fr\/bienvenue\/wp-json\/wp\/v2\/media\/11461"}],"wp:attachment":[{"href":"https:\/\/choisirlecologie.fr\/bienvenue\/wp-json\/wp\/v2\/media?parent=11432"}],"wp:term":[{"taxonomy":"category","embeddable":true,"href":"https:\/\/choisirlecologie.fr\/bienvenue\/wp-json\/wp\/v2\/categories?post=11432"},{"taxonomy":"post_tag","embeddable":true,"href":"https:\/\/choisirlecologie.fr\/bienvenue\/wp-json\/wp\/v2\/tags?post=11432"}],"curies":[{"name":"wp","href":"https:\/\/api.w.org\/{rel}","templated":true}]}}