{"id":11340,"date":"2021-06-08T11:12:43","date_gmt":"2021-06-08T11:12:43","guid":{"rendered":"http:\/\/choisirlecologie.fr\/?p=11340"},"modified":"2023-06-22T09:18:41","modified_gmt":"2023-06-22T09:18:41","slug":"conseil-de-metropole-07-06-2021-affaires-et-interventions-des-elu-es-ecologistes","status":"publish","type":"post","link":"https:\/\/choisirlecologie.fr\/bienvenue\/conseil-de-metropole-07-06-2021-affaires-et-interventions-des-elu-es-ecologistes","title":{"rendered":"[Conseil de M\u00e9tropole] 07\/06\/2021 \u2013 Affaires et interventions des \u00e9lu-es \u00e9cologistes"},"content":{"rendered":"\n<p>Ce lundi 7 juin, le Conseil M\u00e9tropolitain faisait son retour en pr\u00e9sentiel avec un jauge limit\u00e9e par respect des mesures sanitaires encore en vigueur. <\/p>\n\n\n\n<div style=\"height:24px\" aria-hidden=\"true\" class=\"wp-block-spacer\"><\/div>\n\n\n\n<div class=\"wp-block-buttons is-content-justification-center is-layout-flex wp-block-buttons-is-layout-flex\">\n<div class=\"wp-block-button is-style-fill\"><a class=\"wp-block-button__link\" href=\"http:\/\/choisirlecologie.fr\/telechargement\/ProjetsdaffairesC3M07.06.2021.pdf\" target=\"_blank\" rel=\"noreferrer noopener\">Acc\u00e9der aux textes des projets d&rsquo;affaires du Conseil de M\u00e9tropole du 07\/06\/2021<\/a><\/div>\n<\/div>\n\n\n\n<div style=\"height:27px\" aria-hidden=\"true\" class=\"wp-block-spacer\"><\/div>\n\n\n\n<hr class=\"wp-block-separator is-style-wide\"\/>\n\n\n\n<h2 class=\"wp-block-heading\" id=\"affaire2\">Affaire n\u00b02 &#8211; R\u00e9vision du Plan Climat en Plan Climat Air \u00c9nergie Territorial (PCAET) m\u00e9tropolitain \/ Strat\u00e9gie Neutralit\u00e9 Carbone 2050 et orientations &#8211; Intervention de Fran\u00e7ois Vasquez<\/h2>\n\n\n\n<div style=\"height:28px\" aria-hidden=\"true\" class=\"wp-block-spacer\"><\/div>\n\n\n\n<div class=\"wp-block-columns is-layout-flex wp-container-core-columns-is-layout-9d6595d7 wp-block-columns-is-layout-flex\">\n<div class=\"wp-block-column is-layout-flow wp-block-column-is-layout-flow\">\n<figure class=\"wp-block-embed is-type-rich is-provider-twitter wp-block-embed-twitter\"><div class=\"wp-block-embed__wrapper\">\n<blockquote class=\"twitter-tweet\" data-width=\"550\" data-dnt=\"true\"><p lang=\"fr\" dir=\"ltr\">Dans le cadre de la r\u00e9vision du PCAET, Fran\u00e7ois Vasquez a pr\u00e9sent\u00e9 la trajectoire <a href=\"https:\/\/twitter.com\/hashtag\/zerod%C3%A9chet?src=hash&amp;ref_src=twsrc%5Etfw\">#zerod\u00e9chet<\/a> <br>Objectifs:<br>2024: r\u00e9duction de -40% des ordures m\u00e9nag\u00e8res<br>2030: 80% de d\u00e9chets recycl\u00e9s ou valoris\u00e9s.<br>2050: &quot;z\u00e9ro d\u00e9chet&quot; total (100% des d\u00e9chets valoris\u00e9s ou recycl\u00e9s)<a href=\"https:\/\/twitter.com\/hashtag\/C3M?src=hash&amp;ref_src=twsrc%5Etfw\">#C3M<\/a> <a href=\"https:\/\/twitter.com\/hashtag\/Montpellier?src=hash&amp;ref_src=twsrc%5Etfw\">#Montpellier<\/a> <a href=\"https:\/\/t.co\/bNeS9gFyvg\">pic.twitter.com\/bNeS9gFyvg<\/a><\/p>&mdash; Elu-es \u00e9cologistes Montpellier (@Elu_esEcolo_Mtp) <a href=\"https:\/\/twitter.com\/Elu_esEcolo_Mtp\/status\/1402309013283475456?ref_src=twsrc%5Etfw\">June 8, 2021<\/a><\/blockquote><script async src=\"https:\/\/platform.twitter.com\/widgets.js\" charset=\"utf-8\"><\/script>\n<\/div><\/figure>\n\n\n\n<p><strong>Voir l&rsquo;intervention de Fran\u00e7ois Vasquez en video:<\/strong><\/p>\n\n\n\n<figure class=\"wp-block-embed is-type-video is-provider-youtube wp-block-embed-youtube wp-embed-aspect-16-9 wp-has-aspect-ratio\"><div class=\"wp-block-embed__wrapper\">\n<iframe loading=\"lazy\" title=\"Conseil de M\u00e9tropole du 7 juin 2021\" width=\"1080\" height=\"608\" src=\"https:\/\/www.youtube.com\/embed\/HfYP2YoDBJo?start=5378&#038;feature=oembed\"  allow=\"accelerometer; autoplay; clipboard-write; encrypted-media; gyroscope; picture-in-picture\" allowfullscreen><\/iframe>\n<\/div><\/figure>\n<\/div>\n\n\n\n<div class=\"wp-block-column is-layout-flow wp-block-column-is-layout-flow\">\n<p>\u00ab\u00a0Nous avons souvent expos\u00e9 ici la politique \u00ab\u00a0z\u00e9ro d\u00e9chet\u00a0\u00bb, je ne reviens pas sur le fait essentiel qui est de modifier les comportements des habitant-es vers la pr\u00e9vention et vers le tri \u00e0 la source. <\/p>\n\n\n\n<p>Je m\u2019attarde une seconde sur l\u2019objectif fix\u00e9 de -40 % d&rsquo;ordures m\u00e9nag\u00e8res r\u00e9siduelles pendant ce mandat \u00e0 la fin 2024. Vous avez entendu parler de mi-mandat; or le probl\u00e8me du mi-mandat, c\u2019est que la p\u00e9nalisation due \u00e0 la p\u00e9riode du Covid a \u00e9t\u00e9 extr\u00eamement pr\u00e9judiciable \u00e0 la mise en place d\u00e9j\u00e0 op\u00e9rationnelle de notre politique. Alors je tiens quand m\u00eame \u00e0 rassurer tout le monde: la courbe sera exponentielle; mais \u00e7a d\u00e9marre plus doucement, car il faut tout installer. Nous avons des obstacles juridiques, des obstacles techniques. Mais la volont\u00e9 y est, et les r\u00e9sultats seront. C\u2019est pour \u00e7a que j\u2019annonce ici \u00ab\u00a0fin 2024\u00a0\u00bb pour nos -40% qui sont un objectif chiffr\u00e9 et transparent puisque, je le rappelle, ce sera le tonnage OMR entrant \u00e0 Ametyst, autrement dit, objectivable par chacun-e.<\/p>\n\n\n\n<ul class=\"wp-block-list\"><li>la mise en place de la tarification incitative<\/li><li>un plan \u00ab\u00a0z\u00e9ro plastique\u00a0\u00bb <\/li><li>le d\u00e9veloppement des fili\u00e8res de r\u00e9emploi local des d\u00e9chets valoris\u00e9s pour une \u00e9conomie circulaire<\/li><li>accompagner tous les professionnels vers la pr\u00e9vention et le tri (c\u2019est d\u00e9j\u00e0 en \u0153uvre et \u00e7a marche dans les zones d\u2019activit\u00e9 \u00e9conomique)<\/li><li>\u00eatre exemplaire au sein de l&rsquo;administration dans la r\u00e9duction et le tri des d\u00e9chets.<\/li><\/ul>\n\n\n\n<p>\u00c7a c\u2019est pour le mandat. Notre objectif bien s\u00fbr, \u00e0 l&rsquo;horizon 2030, ce sera 80% de d\u00e9chets recycl\u00e9s ou valoris\u00e9s. Et j\u2019esp\u00e8re, avant 2050 avec cette dynamique, le \u00ab\u00a0z\u00e9ro d\u00e9chet\u00a0\u00bb total non valoris\u00e9 ou recycl\u00e9.\u00a0\u00bb<\/p>\n<\/div>\n<\/div>\n\n\n\n<hr class=\"wp-block-separator is-style-wide\"\/>\n\n\n\n<h2 class=\"wp-block-heading\" id=\"affaire5\">Affaire n\u00b05 &#8211; Cr\u00e9ation d&rsquo;une police m\u00e9tropolitaine des transports et intervention de Bruno Paternot<\/h2>\n\n\n\n<div class=\"wp-block-columns is-layout-flex wp-container-core-columns-is-layout-9d6595d7 wp-block-columns-is-layout-flex\">\n<div class=\"wp-block-column is-layout-flow wp-block-column-is-layout-flow\" style=\"flex-basis:33.33%\">\n<figure class=\"wp-block-embed is-type-rich is-provider-twitter wp-block-embed-twitter\"><div class=\"wp-block-embed__wrapper\">\n<blockquote class=\"twitter-tweet\" data-width=\"550\" data-dnt=\"true\"><p lang=\"fr\" dir=\"ltr\">Au nom des \u00e9lu-es \u00e9cologistes, <a href=\"https:\/\/twitter.com\/BrunoPaternot?ref_src=twsrc%5Etfw\">@BrunoPaternot<\/a> a salu\u00e9 la cr\u00e9ation de la nouvelle police m\u00e9tropolitaine des transports, qui va permettre de prendre \u00e0 bras-le-corps la question de la s\u00e9curit\u00e9, et notamment celle des violences faites aux femmes dans les transports, une priorit\u00e9 <a href=\"https:\/\/twitter.com\/hashtag\/C3M?src=hash&amp;ref_src=twsrc%5Etfw\">#C3M<\/a> <a href=\"https:\/\/t.co\/3YdjUzpyVt\">pic.twitter.com\/3YdjUzpyVt<\/a><\/p>&mdash; Elu-es \u00e9cologistes Montpellier (@Elu_esEcolo_Mtp) <a href=\"https:\/\/twitter.com\/Elu_esEcolo_Mtp\/status\/1401865791671308296?ref_src=twsrc%5Etfw\">June 7, 2021<\/a><\/blockquote><script async src=\"https:\/\/platform.twitter.com\/widgets.js\" charset=\"utf-8\"><\/script>\n<\/div><\/figure>\n\n\n\n<p><strong>Voir en vid\u00e9o l&rsquo;intervention de Bruno Paternot en s\u00e9ance:<\/strong><\/p>\n\n\n\n<figure class=\"wp-block-embed is-type-video is-provider-youtube wp-block-embed-youtube wp-embed-aspect-16-9 wp-has-aspect-ratio\"><div class=\"wp-block-embed__wrapper\">\n<iframe loading=\"lazy\" title=\"Conseil de M\u00e9tropole du 7 juin 2021\" width=\"1080\" height=\"608\" src=\"https:\/\/www.youtube.com\/embed\/HfYP2YoDBJo?start=9489&#038;feature=oembed\"  allow=\"accelerometer; autoplay; clipboard-write; encrypted-media; gyroscope; picture-in-picture\" allowfullscreen><\/iframe>\n<\/div><\/figure>\n<\/div>\n\n\n\n<div class=\"wp-block-column is-layout-flow wp-block-column-is-layout-flow\" style=\"flex-basis:66.66%\">\n<p><strong><em>Ce que pr\u00e9voit la d\u00e9lib\u00e9ration adopt\u00e9e par le Conseil :<\/em><\/strong><\/p>\n\n\n\n<p>Afin d\u2019accompagner ces changements majeurs \u00e0 l\u2019\u00e9chelle m\u00e9tropolitaine, de conforter la politique des mobilit\u00e9s engag\u00e9e, et de garantir une qualit\u00e9 de service \u00e0 chaque usager, il apparait n\u00e9cessaire de renforcer la s\u00e9curit\u00e9 dans les transports en commun, notamment au sein des axes structurants, par la cr\u00e9ation d\u2019une police m\u00e9tropolitaine d\u00e9di\u00e9e.<\/p>\n\n\n\n<p>La Police M\u00e9tropolitaine des Transports se verra attribuer les missions principales suivantes:<\/p>\n\n\n\n<ol class=\"wp-block-list\"><li>Renforcer le niveau de r\u00e9ponse op\u00e9rationnelle aux situations d\u2019incivilit\u00e9s, de d\u00e9linquance sur le r\u00e9seau de transport en commun, notamment les violences fa\u00eetes aux femmes;<\/li><li>Assurer une pr\u00e9sence effective et visible d\u2019agents de police en uniforme afin de rassurer les usagers d\u2019une part et de dissuader les actes d\u00e9linquants d\u2019autre part;<\/li><li>Soutenir les personnels de la soci\u00e9t\u00e9 d\u2019exploitation dans l\u2019exercice de leur mission de service public,en compl\u00e9ment des moyens d\u00e9ploy\u00e9s par le transporteur en mati\u00e8re de m\u00e9diation, de pr\u00e9vention,d\u2019intervention et de vid\u00e9o protection;<\/li><li>Contribuer \u00e0 la mise en \u0153uvre d\u2019une action de s\u00e9curit\u00e9 d\u00e9di\u00e9e aux transports en compl\u00e9mentarit\u00e9 avec les forces \u00e9tatiques (gendarmerie, police), les communes (police municipale, m\u00e9diation),l\u2019op\u00e9rateur de transport;<\/li><li>Apporter un appui occasionnel et ponctuel au b\u00e9n\u00e9fice des communes membres de l\u2019EPCI dans le cas de manifestations exceptionnelles ou \u00e9v\u00e8nements majeurs en vertu de l\u2019article L. 512-3 du Code de la s\u00e9curit\u00e9 int\u00e9rieure.<\/li><\/ol>\n\n\n\n<p>Pour ce faire le nombre d\u2019agents de police \u00e0 recruter est port\u00e9 \u00e0 42 agents. Les horaires de service de cette unit\u00e9 sont pr\u00e9figur\u00e9s 7 jours sur 7, avec une mont\u00e9e en puissance du mercredi au samedi inclus de 14h \u00e0 minuit, repr\u00e9sentant les cr\u00e9neaux identifi\u00e9s de forte fr\u00e9quentation et de niveau de faits d\u2019ins\u00e9curit\u00e9.<\/p>\n<\/div>\n<\/div>\n\n\n\n<hr class=\"wp-block-separator is-style-wide\"\/>\n\n\n\n<h2 class=\"wp-block-heading\" id=\"affaire15\">Affaire n\u00b015 &#8211;  \u00ab\u00a0Charte de l&rsquo;\u00e9v\u00e9nementiel responsable\u00a0\u00bb, intervention de Catherine Ribot<\/h2>\n\n\n\n<div class=\"wp-block-columns is-layout-flex wp-container-core-columns-is-layout-9d6595d7 wp-block-columns-is-layout-flex\">\n<div class=\"wp-block-column is-layout-flow wp-block-column-is-layout-flow\" style=\"flex-basis:33.33%\">\n<figure class=\"wp-block-embed is-type-rich is-provider-twitter wp-block-embed-twitter\"><div class=\"wp-block-embed__wrapper\">\n<blockquote class=\"twitter-tweet\" data-width=\"550\" data-dnt=\"true\"><p lang=\"fr\" dir=\"ltr\">En <a href=\"https:\/\/twitter.com\/hashtag\/C3M?src=hash&amp;ref_src=twsrc%5Etfw\">#C3M<\/a>, <a href=\"https:\/\/twitter.com\/CatherineRibot?ref_src=twsrc%5Etfw\">@CatherineRibot<\/a> a soulign\u00e9 la n\u00e9cessit\u00e9 de cette charte de l&#39;\u00e9v\u00e9nementiel, qui a toutefois vocation a \u00e9voluer progressivement en incluant une \u00e9tape suppl\u00e9mentaire \u00e0 chacune de ses moutures. Intervention de <a href=\"https:\/\/twitter.com\/CatherineRibot?ref_src=twsrc%5Etfw\">@CatherineRibot<\/a> en conseil lundi 7 juin: <a href=\"https:\/\/t.co\/x0kCtDpmvC\">https:\/\/t.co\/x0kCtDpmvC<\/a> <a href=\"https:\/\/t.co\/gQDT7EN6Tv\">pic.twitter.com\/gQDT7EN6Tv<\/a><\/p>&mdash; Elu-es \u00e9cologistes Montpellier (@Elu_esEcolo_Mtp) <a href=\"https:\/\/twitter.com\/Elu_esEcolo_Mtp\/status\/1402276903457804290?ref_src=twsrc%5Etfw\">June 8, 2021<\/a><\/blockquote><script async src=\"https:\/\/platform.twitter.com\/widgets.js\" charset=\"utf-8\"><\/script>\n<\/div><\/figure>\n<\/div>\n\n\n\n<div class=\"wp-block-column is-layout-flow wp-block-column-is-layout-flow\" style=\"flex-basis:66.66%\">\n<p>\u00ab\u00a0Cette charte de l&rsquo;\u00e9v\u00e9nementiel responsable s&rsquo;impose maintenant, avec la reprise des manifestations touristiques et des activit\u00e9s culturelles, apr\u00e8s cette p\u00e9riode sombre, cette p\u00e9riode triste, cette \u00e9pid\u00e9mie de Covid qui nous a frapp\u00e9s ces derniers mois. Effectivement, il \u00e9tait indispensable de marquer le fait que l&rsquo;apr\u00e8s 3\u00e8me vague ne pourrait ressembler au monde d&rsquo;avant. Les habitudes doivent changer, car nous avons tous conscience des dangers de nos n\u00e9gligences.<\/p>\n\n\n\n<p>Mais bien \u00e9videmment, cette charte de l&rsquo;\u00e9v\u00e9nementiel n&rsquo;est pr\u00e9cis\u00e9ment <strong><em>que<\/em><\/strong> la charte de l&rsquo;\u00e9v\u00e9nementiel. En aucun cas ce texte ne pr\u00eatant encadrer ce qui devrait \u00eatre l&rsquo;\u00e9co-responsabilit\u00e9 de la collectivit\u00e9, l&rsquo;\u00e9co-responsabilit\u00e9 en mati\u00e8re de services publics, en mati\u00e8re d&rsquo;administration, en mati\u00e8re de commande publique, l&rsquo;\u00e9co-responsabilit\u00e9 dans les domaines social, culturel, sportif, mais aussi de l&rsquo;am\u00e9nagement, de la construction, des travaux&#8230; Cette \u00e9co-responsabilit\u00e9 sera notamment pr\u00e9cis\u00e9e: ses caract\u00e8res seront \u00e9tablis apr\u00e8s qu&rsquo;aura \u00e9t\u00e9 dress\u00e9 l&rsquo;\u00e9tat des efforts, l&rsquo;\u00e9tat des dynamiques, qui sont d\u00e9j\u00e0 engag\u00e9s par les services de la M\u00e9tropole en mati\u00e8re de mobilit\u00e9s, d&rsquo;\u00e9clairage, d&rsquo;ambiance sonore, d&rsquo;\u00e9nergie, d&rsquo;assainissement, de d\u00e9chets, d&rsquo;utilisation des ressources, en mati\u00e8re d&rsquo;alimentation et dans bien d&rsquo;autres domaines encore.\u00a0\u00bb<\/p>\n\n\n\n<p><strong>Voir l&rsquo;intervention de Catherine Ribot en s\u00e9ance (vid\u00e9o):<\/strong><\/p>\n\n\n\n<p><\/p>\n\n\n\n<figure class=\"wp-block-embed is-type-video is-provider-youtube wp-block-embed-youtube wp-embed-aspect-16-9 wp-has-aspect-ratio\"><div class=\"wp-block-embed__wrapper\">\n<iframe loading=\"lazy\" title=\"Conseil de M\u00e9tropole du 7 juin 2021\" width=\"1080\" height=\"608\" src=\"https:\/\/www.youtube.com\/embed\/HfYP2YoDBJo?start=17241&#038;feature=oembed\"  allow=\"accelerometer; autoplay; clipboard-write; encrypted-media; gyroscope; picture-in-picture\" allowfullscreen><\/iframe>\n<\/div><\/figure>\n<\/div>\n<\/div>\n\n\n\n<hr class=\"wp-block-separator is-style-wide\"\/>\n\n\n\n<h2 class=\"wp-block-heading\" id=\"affaire28\">Affaire n\u00b028 &#8211; Intervention de Bruno Paternot sur l&rsquo;\u00e9laboration du Plan Lumi\u00e8res de la M\u00e9tropole<\/h2>\n\n\n\n<div class=\"wp-block-columns is-layout-flex wp-container-core-columns-is-layout-9d6595d7 wp-block-columns-is-layout-flex\">\n<div class=\"wp-block-column is-layout-flow wp-block-column-is-layout-flow\" style=\"flex-basis:33.33%\">\n<figure class=\"wp-block-embed is-type-rich is-provider-twitter wp-block-embed-twitter\"><div class=\"wp-block-embed__wrapper\">\n<blockquote class=\"twitter-tweet\" data-width=\"550\" data-dnt=\"true\"><p lang=\"fr\" dir=\"ltr\">Les enjeux sur la pollution lumineuse sont nombreux, tant socio-\u00e9conomiques qu\u2019\u00e9cologiques. L\u2019identification d&#39;une trame noire sur le territoire doit permettre de pr\u00e9server la biodiversit\u00e9 nocturne et cr\u00e9pusculaire. Intervention de <a href=\"https:\/\/twitter.com\/BrunoPaternot?ref_src=twsrc%5Etfw\">@BrunoPaternot<\/a>: <a href=\"https:\/\/t.co\/ze5irSC6oG\">https:\/\/t.co\/ze5irSC6oG<\/a> <a href=\"https:\/\/twitter.com\/hashtag\/%C3%A9toiles?src=hash&amp;ref_src=twsrc%5Etfw\">#\u00e9toiles<\/a> <a href=\"https:\/\/t.co\/Tp4PlJFpj0\">pic.twitter.com\/Tp4PlJFpj0<\/a><\/p>&mdash; Elu-es \u00e9cologistes Montpellier (@Elu_esEcolo_Mtp) <a href=\"https:\/\/twitter.com\/Elu_esEcolo_Mtp\/status\/1401900902374596609?ref_src=twsrc%5Etfw\">June 7, 2021<\/a><\/blockquote><script async src=\"https:\/\/platform.twitter.com\/widgets.js\" charset=\"utf-8\"><\/script>\n<\/div><\/figure>\n\n\n\n<p><strong>Voir l&rsquo;intervention de Bruno Paternot en s\u00e9ance (vid\u00e9o) :<\/strong><\/p>\n\n\n\n<div style=\"height:34px\" aria-hidden=\"true\" class=\"wp-block-spacer\"><\/div>\n\n\n\n<figure class=\"wp-block-embed is-type-video is-provider-youtube wp-block-embed-youtube wp-embed-aspect-16-9 wp-has-aspect-ratio\"><div class=\"wp-block-embed__wrapper\">\n<iframe loading=\"lazy\" title=\"Conseil de M\u00e9tropole du 7 juin 2021\" width=\"1080\" height=\"608\" src=\"https:\/\/www.youtube.com\/embed\/HfYP2YoDBJo?start=19600&#038;feature=oembed\"  allow=\"accelerometer; autoplay; clipboard-write; encrypted-media; gyroscope; picture-in-picture\" allowfullscreen><\/iframe>\n<\/div><\/figure>\n<\/div>\n\n\n\n<div class=\"wp-block-column is-layout-flow wp-block-column-is-layout-flow\" style=\"flex-basis:66.66%\">\n<p>\u00ab\u00a0Je m\u2019exprime ici \u00e0 4 voix. Celles de Fr\u00e9d\u00e9ric Lafforgue, d\u2019Isabelle Touzard et d\u2019Agn\u00e8s Saurat m\u2019accompagnent sur cette d\u00e9lib\u00e9ration.<br>Le Comit\u00e9 Lumi\u00e8re permet \u00e0 des \u00e9lu.es de territoires, de sensibilit\u00e9, d\u2019histoires diff\u00e9rentes de travailler main dans la main (mais tout en respectant les gestes barri\u00e8res) pour un plan lumi\u00e8re que nous vous pr\u00e9senterons au fils des conseils.<\/p>\n\n\n\n<p>En France aujourd\u2019hui, nous changeons de paradigme. On passe d\u2019une politique de l\u2019offre (des \u00e9clairages tant qu&rsquo;on peut, tant qu&rsquo;on veut) \u00e0 une politique du besoin&nbsp;(o\u00f9 il faut et quand il faut). O\u00f9 il faut et quand il faut.<\/p>\n\n\n\n<p>Nous avons 2 responsabilit\u00e9s&nbsp;:<br>&#8211; aujourd\u2019hui 62% des enfants des villes n\u2019ont jamais vu la voie lact\u00e9e. Notre avenir n\u2019a pas acc\u00e8s aux \u00e9toiles. Ce lien qui a battis les rapports entre nous, notre plan\u00e8te et le cosmos n&rsquo;existe pas si on a jamais vu les \u00e9toiles lors d\u2019une tr\u00e8s belle nuit. Comment les Petits Princes du XXIe si\u00e8cle peuvent-ils visiter les \u00e9toiles s\u2019ils ne les voient m\u00eame pas&nbsp;?<br>2e responsabilit\u00e9&nbsp;:<br>&#8211; Notre halo lumineux a un rayon de 100km. Dans la 7e m\u00e9tropole de France, nous jetons donc nos d\u00e9chets lumineux dans le jardin des voisins. Et il se trouve qu&rsquo;un de ces voisins est le Parc National des C\u00e9vennes et sa R\u00e9serve Internationale de Ciel \u00c9toil\u00e9 (RICE). Il n\u2019y a que 15 RICE au monde, 15. Dont 1 dans notre r\u00e9gion, et qui risque de perdre son label mondial en raison de notre pollution lumineuse.<br>Mais nous avons une belle opportunit\u00e9&nbsp;: contrairement \u00e0 d&rsquo;autres pollutions, il suffit d&rsquo;\u00e9teindre et c&rsquo;est fini.<br>\u00c9teindre oui, mais pas partout et pas tout le temps. Il faut bien s\u00fbr des endroits de f\u00eate et donc d\u2019\u00e9clairages.<br>Pour \u00e9clairer \u00ab&nbsp;o\u00f9 il faut et quand il faut&nbsp;\u00bb, nous avons \u00e9mis 2 priorit\u00e9s :<br>&#8211; Travailler ensemble&nbsp;: la voirie, la biodiversit\u00e9, la sobri\u00e9t\u00e9, l\u2019esth\u00e9tique. Et je salue ici les services qui croulent sous les demandes et qui bouleversent leurs habitudes avec une professionnalisme qui \u00e9blouit (si je puis dire). Nous menons un travail complexe qui allie \u00e9conomies d\u2019\u00e9nergie, \u00e9conomies financi\u00e8res, innovations scientifiques, s\u00e9curit\u00e9, qualit\u00e9 de l\u2019environnement visuel, pr\u00e9servation de la biodiversit\u00e9 et j\u2019inclus l\u2019humain dans la biodiversit\u00e9.<br>2e t\u00e2che&nbsp;:<br>&#8211; \u00c9couter tout le monde. Les sp\u00e9cialistes et les experts, certes. Mais aussi les concern\u00e9-es, \u00e9couter les citoyens et les citoyennes, \u00e9couter les associations, \u00e9couter les scientifiques.<br>Faire des choix \u00e9clair\u00e9s (si je puis dire) et en connaissance de causes.<br>Dans cette d\u00e9lib\u00e9ration, il s\u2019agit de vous proposer un partenariat avec la recherche public, les entreprises et les associations. C\u2019est un montage in\u00e9dit, sur des sujets in\u00e9dits qui serviront pour toutes les autres m\u00e9tropoles de France. En tant que coordinateur des \u00e9lu.es aux pollution sonores de la FEVE, je peux vous dire que mes coll\u00e8gues de Nancy ou de Marseille par exemple attendent avec impatience la partie qui traitera de l\u2019acceptabilit\u00e9 sociale de l\u2019extinction.<br>Je remercie ici d\u2019ailleurs les maires qui ont accept\u00e9 les projets pilotes et innovants comme \u00e0 St-Jean-de-Vedas ou Prades-le-lez.<\/p>\n\n\n\n<p>Nous allons demander aux entreprises, aux associations et \u00e0 l\u2019INRAE d\u2019\u00e9tudier concr\u00e8tement le territoire afin de nous dire par o\u00f9 passent les animaux vesp\u00e9raux, cr\u00e9pusculaires ou nocturnes. Parce que si on \u00e9teint sur un chemin et que les chouettes passent naturellement juste \u00e0 c\u00f4t\u00e9, ce ne serait pas tr\u00e8s brillant (si je puis dire).<br>C\u2019est donc en fonction de la r\u00e9alit\u00e9 du terrain que nous allons \u00e9laborer les trames noires dans le plan lumi\u00e8re, en prenant le temps pour le faire bien.<br>L\u2019INRAE va regarder plus sp\u00e9cifiquement 2 esp\u00e8ces&nbsp;: les chauves-souris et les vers luisants. On pourrait dire une esp\u00e8ce parapluie et une esp\u00e8ce loupe. Si vous prot\u00e9gez les chauves-souris, vous prot\u00e9gez toute une s\u00e9rie d\u2019animaux qui se trouvent en dessous, comme avec un parapluie. Et si on pose notre loupe sur les vers luisants qui disparaissent les premiers, c\u2019est que nous sommes sur le bon chemin.<br>Qui ne veut pas du retour des lucioles&nbsp;? Pasolini pleurait d\u00e9j\u00e0 dans les ann\u00e9es 70 leur disparition \u00e0 cause du \u00ab\u00a0comportement impos\u00e9 par le pouvoir de la consommation qui remod\u00e8le et d\u00e9forme la conscience\u00a0\u00bb. Nous avons la responsabilit\u00e9 de jeter notre corps dans la bataille et dans le plan lumi\u00e8res, le plan \u00ab&nbsp;petites lumi\u00e8res&nbsp;\u00bb, <em>lucciole<\/em>, en italien.\u00a0\u00bb<\/p>\n<\/div>\n<\/div>\n","protected":false},"excerpt":{"rendered":"<p>Ce lundi 7 juin, le Conseil M\u00e9tropolitain faisait son retour en pr\u00e9sentiel avec un jauge limit\u00e9e par respect des mesures sanitaires encore en vigueur. Affaire n\u00b02 &#8211; R\u00e9vision du Plan Climat en Plan Climat Air \u00c9nergie Territorial (PCAET) m\u00e9tropolitain \/ Strat\u00e9gie Neutralit\u00e9 Carbone 2050 et orientations &#8211; Intervention de Fran\u00e7ois Vasquez Voir l&rsquo;intervention de Fran\u00e7ois [&hellip;]<\/p>\n","protected":false},"author":6,"featured_media":10147,"comment_status":"open","ping_status":"open","sticky":false,"template":"","format":"standard","meta":{"_et_pb_use_builder":"","_et_pb_old_content":"","_et_gb_content_width":"","footnotes":""},"categories":[16],"tags":[],"class_list":["post-11340","post","type-post","status-publish","format-standard","has-post-thumbnail","hentry","category-les-conseils"],"_links":{"self":[{"href":"https:\/\/choisirlecologie.fr\/bienvenue\/wp-json\/wp\/v2\/posts\/11340","targetHints":{"allow":["GET"]}}],"collection":[{"href":"https:\/\/choisirlecologie.fr\/bienvenue\/wp-json\/wp\/v2\/posts"}],"about":[{"href":"https:\/\/choisirlecologie.fr\/bienvenue\/wp-json\/wp\/v2\/types\/post"}],"author":[{"embeddable":true,"href":"https:\/\/choisirlecologie.fr\/bienvenue\/wp-json\/wp\/v2\/users\/6"}],"replies":[{"embeddable":true,"href":"https:\/\/choisirlecologie.fr\/bienvenue\/wp-json\/wp\/v2\/comments?post=11340"}],"version-history":[{"count":51,"href":"https:\/\/choisirlecologie.fr\/bienvenue\/wp-json\/wp\/v2\/posts\/11340\/revisions"}],"predecessor-version":[{"id":11430,"href":"https:\/\/choisirlecologie.fr\/bienvenue\/wp-json\/wp\/v2\/posts\/11340\/revisions\/11430"}],"wp:featuredmedia":[{"embeddable":true,"href":"https:\/\/choisirlecologie.fr\/bienvenue\/wp-json\/wp\/v2\/media\/10147"}],"wp:attachment":[{"href":"https:\/\/choisirlecologie.fr\/bienvenue\/wp-json\/wp\/v2\/media?parent=11340"}],"wp:term":[{"taxonomy":"category","embeddable":true,"href":"https:\/\/choisirlecologie.fr\/bienvenue\/wp-json\/wp\/v2\/categories?post=11340"},{"taxonomy":"post_tag","embeddable":true,"href":"https:\/\/choisirlecologie.fr\/bienvenue\/wp-json\/wp\/v2\/tags?post=11340"}],"curies":[{"name":"wp","href":"https:\/\/api.w.org\/{rel}","templated":true}]}}