{"id":11064,"date":"2021-04-12T06:26:28","date_gmt":"2021-04-12T06:26:28","guid":{"rendered":"http:\/\/choisirlecologie.fr\/?p=11064"},"modified":"2021-06-08T11:13:54","modified_gmt":"2021-06-08T11:13:54","slug":"conseil-municipal-12-04-2021-affaires-et-interventions-des-elu-es-ecologistes","status":"publish","type":"post","link":"https:\/\/choisirlecologie.fr\/bienvenue\/conseil-municipal-12-04-2021-affaires-et-interventions-des-elu-es-ecologistes","title":{"rendered":"[Conseil Municipal] 12\/04\/2021 \u2013 Affaires et interventions des \u00e9lu-es \u00e9cologistes"},"content":{"rendered":"\n<p>Les textes complets des affaires de ce conseil municipal sont <a rel=\"noreferrer noopener\" href=\"http:\/\/choisirlecologie.fr\/telechargement\/Projets_deliberations_CM_2021_04_12.pdf\" target=\"_blank\">t\u00e9l\u00e9chargeables ICI.<\/a><\/p>\n\n\n\n<p>Liste des affaires et interventions des \u00e9lu-es \u00e9cologistes:<\/p>\n\n\n\n<ul class=\"wp-block-list\" id=\"Affaire-10\"><li>Affaire n\u00b010 &#8211; <a href=\"http:\/\/choisirlecologie.fr\/conseil-municipal-12-04-2021-affaires-et-interventions-des-elu-es-ecologistes#Affaire-10\">D\u00e9veloppement de l\u2019habitat intercalaire (Intervention de <strong>St\u00e9phane Jouault<\/strong>)<\/a><\/li><li>Affaire n\u00b011 &#8211; <a href=\"http:\/\/choisirlecologie.fr\/conseil-municipal-12-04-2021-affaires-et-interventions-des-elu-es-ecologistes#Affaire-11\">Lutte contre la pr\u00e9carit\u00e9 menstruelle (Intervention de <strong>Fatma Nakib<\/strong>)<\/a><\/li><li>Affaire n\u00b012 &#8211; <a href=\"http:\/\/choisirlecologie.fr\/conseil-municipal-12-04-2021-affaires-et-interventions-des-elu-es-ecologistes#Affaire-12\">Plan d&rsquo;actions \u00e9galit\u00e9 professionnelle femmes- hommes (Intervention de <strong>Fatma Nakib<\/strong>)<\/a><\/li><li>Affaire n\u00b016 &#8211; <a href=\"http:\/\/choisirlecologie.fr\/conseil-municipal-12-04-2021-affaires-et-interventions-des-elu-es-ecologistes#Affaire-16\">Lutte contre la LGBT+ phobie (Intervention de <strong>Fatma Nakib<\/strong>)<\/a><\/li><li>Affaire n\u00b020 &#8211; <a href=\"http:\/\/choisirlecologie.fr\/conseil-municipal-12-04-2021-affaires-et-interventions-des-elu-es-ecologistes#Affaire-20\">Convention entre la Ville de Montpellier et la SPA&nbsp;(Pr\u00e9sentation d&rsquo;<strong>Eddine Ariztegui<\/strong>)<\/a><\/li><li>Affaire n\u00b039 &#8211; <a href=\"http:\/\/choisirlecologie.fr\/conseil-municipal-12-04-2021-affaires-et-interventions-des-elu-es-ecologistes#Affaire-39\">Commission de s\u00e9lection pour l&rsquo;attribution des chalets de No\u00ebl (Intervention de <strong>Celia Serrano<\/strong>)<\/a><\/li><li>Affaire n\u00b042 &#8211; <a href=\"http:\/\/choisirlecologie.fr\/conseil-municipal-12-04-2021-affaires-et-interventions-des-elu-es-ecologistes#Affaire-42\">Cr\u00e9ation et conditions d&rsquo;attribution de jardins familiaux (Pr\u00e9sentation de <strong>Marie Massart<\/strong>)<\/a><\/li><li>Affaire n\u00b043 &#8211; <a href=\"http:\/\/choisirlecologie.fr\/conseil-municipal-12-04-2021-affaires-et-interventions-des-elu-es-ecologistes#Affaire-43\">Convention Jardins Agro\u00e9cologiques Partag\u00e9s pour la distribution alimentaire (<strong>Marie Massart<\/strong>)<\/a><\/li><li>Affaire n\u00b044 &#8211; <a href=\"http:\/\/choisirlecologie.fr\/conseil-municipal-12-04-2021-affaires-et-interventions-des-elu-es-ecologistes#Affaire-44\">R\u00e9colte d&rsquo;olives au profit de l&rsquo;association \u00ab\u00a0Pour un Sourire d&rsquo;Enfant\u00a0\u00bb (Pr\u00e9sentation de <strong>Marie Massart<\/strong>)<\/a><\/li><li>Affaire n\u00b046 &#8211; <a href=\"http:\/\/choisirlecologie.fr\/conseil-municipal-12-04-2021-affaires-et-interventions-des-elu-es-ecologistes#Affaire-46\">Nichoirs composteurs (Pr\u00e9sentation de <strong>St\u00e9phane Jouault<\/strong>)<\/a><\/li><li>Affaire n\u00b095 &#8211; <a href=\"http:\/\/choisirlecologie.fr\/conseil-municipal-12-04-2021-affaires-et-interventions-des-elu-es-ecologistes#Affaire-95\">Subventions de la d\u00e9l\u00e9gation Bien-\u00eatre animal (intervention <strong>d&rsquo;Eddine Ariztegui<\/strong>)<\/a><\/li><\/ul>\n\n\n\n<hr class=\"wp-block-separator is-style-wide\"\/>\n\n\n\n<h3 class=\"wp-block-heading\" id=\"Affaire-10\">Affaire 10 &#8211; D\u00e9veloppement de l\u2019habitat intercalaire en faveur de personnes en difficult\u00e9 (Intervention de St\u00e9phane Jouault)<\/h3>\n\n\n\n<figure class=\"wp-block-embed is-type-video is-provider-youtube wp-block-embed-youtube wp-embed-aspect-16-9 wp-has-aspect-ratio\"><div class=\"wp-block-embed__wrapper\">\n<iframe loading=\"lazy\" title=\"Conseil Municipal - Lundi 12 avril 2021\" width=\"1080\" height=\"608\" src=\"https:\/\/www.youtube.com\/embed\/hTuYKnJNw94?start=8679&#038;feature=oembed\"  allow=\"accelerometer; autoplay; clipboard-write; encrypted-media; gyroscope; picture-in-picture\" allowfullscreen><\/iframe>\n<\/div><\/figure>\n\n\n\n<p>Je tiens simplement \u00e0 rappeler l\u2019attachement du groupe Choisir L\u2019\u00c9cologie au d\u00e9veloppement de ces projets d\u2019habitats intercalaires. Il faut quand m\u00eame rappeler qu&rsquo;on part de tr\u00e8s tr\u00e8s loin, c&rsquo;est donc un r\u00e9el progr\u00e8s. Et c\u2019est la condition n\u00e9cessaire de l\u2019acc\u00e8s au droit des personnes vivant en squats et bidonvilles. Nous nous r\u00e9jouissons donc de la mise \u00e0 disposition de ces trois maisons et du soutien financier de la Ville de Montpellier.<\/p>\n\n\n\n<hr class=\"wp-block-separator is-style-wide\"\/>\n\n\n\n<h3 class=\"wp-block-heading\" id=\"Affaire-11\">Affaire 11 &#8211; Convention de don de protections p\u00e9riodiques au Collectif Montpelli\u00e9rain de lutte contre la pr\u00e9carit\u00e9 menstruelle (Intervention de Fatma Nakib)<\/h3>\n\n\n\n<figure class=\"wp-block-embed is-type-video is-provider-youtube wp-block-embed-youtube wp-embed-aspect-16-9 wp-has-aspect-ratio\"><div class=\"wp-block-embed__wrapper\">\n<iframe loading=\"lazy\" title=\"Conseil Municipal - Lundi 12 avril 2021\" width=\"1080\" height=\"608\" src=\"https:\/\/www.youtube.com\/embed\/hTuYKnJNw94?start=9318&#038;feature=oembed\"  allow=\"accelerometer; autoplay; clipboard-write; encrypted-media; gyroscope; picture-in-picture\" allowfullscreen><\/iframe>\n<\/div><\/figure>\n\n\n\n<p>Selon l\u2019association \u00ab\u00a0R\u00e8gles \u00c9l\u00e9mentaires\u00a0\u00bb, ce sont aujourd\u2019hui 1,7 million de femmes qui sont victimes de cette pr\u00e9carit\u00e9 menstruelle en France.<br>Mise en lumi\u00e8re par la crise sanitaire, la pr\u00e9carit\u00e9 \u00e9tudiante comprend aussi le sujet des protections p\u00e9riodiques. Pr\u00e8s d\u2019un tiers des \u00e9tudiantes auraient besoin d\u2019un soutien financier pour s\u2019en procurer pendant leurs r\u00e8gles. Le gouvernement a annonc\u00e9, le 23 f\u00e9vrier 2021, la gratuit\u00e9 des protections hygi\u00e9niques pour ce public d\u2019ici la rentr\u00e9e prochaine. L\u2019universit\u00e9 de Montpellier, par le service de pr\u00e9vention sant\u00e9, avait d\u00e9j\u00e0 devanc\u00e9 ces mesures gouvernementales et \u00e0 Montpellier, le planning familiale et l\u2019association \u00ab\u00a0Les Invisibles\u00a0\u00bb ont commenc\u00e9 collectes et distributions depuis plusieurs mois voire ann\u00e9es. En effet ce ph\u00e9nom\u00e8ne ne touche pas que les \u00e9tudiantes, mais de nombreuses femmes en situation de pr\u00e9carit\u00e9 ou pauvret\u00e9.<br>La ville de Montpellier souhaite amplifier ce mouvement aux c\u00f4t\u00e9s des associations, dans l\u2019attente de la loi pour une \u00e9galit\u00e9 r\u00e9elle \u00e0 ce sujet. Pour l\u2019heure il s\u2019agit d\u2019un don, et nous esp\u00e9rons poursuivre plus avant cette op\u00e9ration en apportant notre soutien aux associations sous diverses formes.<br>Des serviettes et tampons seront accessibles gratuitement \u00e0 celles qui en ont besoin. L\u2019objectif est double : garantir et faciliter l\u2019acc\u00e8s aux protections p\u00e9riodiques et contribuer \u00e0 \u00ab lever le tabou des r\u00e8gles \u00bb.<br>Nous veillerons \u00e9galement \u00e0 ce que les produits distribu\u00e9s soient les plus \u00e9co-responsables possible, en fonction de la situation de chacune, des produits r\u00e9-utilisables seront propos\u00e9s.<\/p>\n\n\n\n<hr class=\"wp-block-separator is-style-wide\"\/>\n\n\n\n<h3 class=\"wp-block-heading\" id=\"Affaire-12\">Affaire 12 &#8211; Plan d&rsquo;actions \u00e9galit\u00e9 professionnelle femmes- hommes (Intervention de Fatma Nakib)<\/h3>\n\n\n\n<figure class=\"wp-block-embed is-type-video is-provider-youtube wp-block-embed-youtube wp-embed-aspect-16-9 wp-has-aspect-ratio\"><div class=\"wp-block-embed__wrapper\">\n<iframe loading=\"lazy\" title=\"Conseil Municipal - Lundi 12 avril 2021\" width=\"1080\" height=\"608\" src=\"https:\/\/www.youtube.com\/embed\/hTuYKnJNw94?start=9965&#038;feature=oembed\"  allow=\"accelerometer; autoplay; clipboard-write; encrypted-media; gyroscope; picture-in-picture\" allowfullscreen><\/iframe>\n<\/div><\/figure>\n\n\n\n<p>Cette d\u00e9lib\u00e9ration repr\u00e9sente une vraie collaboration entre les services de la coh\u00e9sion sociale et des ressources humaines.<\/p>\n\n\n\n<p>L&rsquo;enjeu principal de cette d\u00e9lib\u00e9ration et de ce plan, c&rsquo;est surtout la concertation qui est au coeur de ses ambitions et qui est une condition n\u00e9cessaire \u00e0 la r\u00e9ussite de ce projet. L\u2019\u00e9laboration de ce premier plan (parce que c&rsquo;est un premier plan) repose sur les \u00e9changes avec les agents de la collectivit\u00e9 et avec les \u00e9lu-es avec lesquels nous souhaitons que des actions objectiv\u00e9es soient pilot\u00e9es par la direction des Ressources Humaines. Cette concertation est n\u00e9cessaire aux futures \u00e9tapes en cours d\u2019\u00e9laboration pour engager l\u2019ensemble des directions de la collectivit\u00e9 dans la labellisation AFNOR en faveur de l\u2019\u00e9galit\u00e9 et la diversit\u00e9 professionnelle. Je tiens \u00e0 souligner que, au del\u00e0 de ce plan, les engagements de la ville d\u00e9passent la collectivit\u00e9 et j&rsquo;en veux pour preuve l\u2019affaire 38 \u00ab\u00a0D\u00e9nominations voies et des espaces publics\u00a0\u00bb pr\u00e9sent\u00e9e ce jour. Elle est limpide en ce qui concerne la volont\u00e9 politique. Il s\u2019agit de rattraper un retard patent en ce qui concerne la pr\u00e9sence des femmes dans l\u2019espace public, mais aussi de marquer la diversit\u00e9 culturelle ciment de notre soci\u00e9t\u00e9 du vivre ensemble.<\/p>\n\n\n\n<p>Pour nous, il est essentiel que tous les services puissent participer. A chaque \u00e9tape, nous avons soumis nos propositions et nous les avons amend\u00e9es dans le cadre des Comit\u00e9s Techniques. Ce plan est en bonne voie, le questionnaire est lanc\u00e9 aupr\u00e8s des agents de la collectivit\u00e9 dont nous \u00e9tudions actuellement les r\u00e9ponses. <\/p>\n\n\n\n<hr class=\"wp-block-separator is-style-wide\"\/>\n\n\n\n<h3 class=\"wp-block-heading\" id=\"Affaire-16\">Affaire 16 &#8211; Lutte contre la LGBT+ phobie &#8211; Convention avec l&rsquo;association \u00ab\u00a0FLAG!\u00a0\u00bb (Intervention de Fatma Nakib)<\/h3>\n\n\n\n<figure class=\"wp-block-embed is-type-video is-provider-youtube wp-block-embed-youtube wp-embed-aspect-16-9 wp-has-aspect-ratio\"><div class=\"wp-block-embed__wrapper\">\n<iframe loading=\"lazy\" title=\"Conseil Municipal - Lundi 12 avril 2021\" width=\"1080\" height=\"608\" src=\"https:\/\/www.youtube.com\/embed\/hTuYKnJNw94?start=11671&#038;feature=oembed\"  allow=\"accelerometer; autoplay; clipboard-write; encrypted-media; gyroscope; picture-in-picture\" allowfullscreen><\/iframe>\n<\/div><\/figure>\n\n\n\n<p>Flag! Cette application est un outil tr\u00e8s complet pour lutter contre la haine LGBT+. Je tiens \u00e0 saluer ici la collaboration entre les services et \u00e9lu-es pour permettre l\u2019installation de cette application (et en particulier le CLSPD), facile d\u2019utilisation pour la protection et la facilitation des signalements de violences commises dans l\u2019espace public comme dans la sph\u00e8re familiale. Il est important de noter que tout un chacun peut se saisir de cette application, pour apporter un t\u00e9moignage, d\u00e9poser une pr\u00e9-plainte ou encore contacter les secours.<br>Cette application est compl\u00e9mentaire de l\u2019application App\u2019Elles lanc\u00e9e en collaboration avec l\u2019\u00c9tat le 8 mars dernier et nous travaillons \u00e9galement \u00e0 la cr\u00e9ation de zone refuges dans le centre de la ville et les quartiers p\u00e9riph\u00e9riques de l\u2019\u00c9cusson de mani\u00e8re \u00e0 apporter aux femmes et aux victimes de LGBT+ phobies des espaces pour se s\u00e9curiser dans un lieu bienveillant et sans discrimination, dans l\u2019attente de l\u2019arriv\u00e9e des secours.<\/p>\n\n\n\n<hr class=\"wp-block-separator is-style-wide\"\/>\n\n\n\n<h3 class=\"wp-block-heading\" id=\"Affaire-20\">Affaire 20 &#8211; Convention entre la Ville de Montpellier et la SPA, relative \u00e0 la mise en place du contrat de garde&nbsp;(Pr\u00e9sentation d&rsquo;Eddine ARIZTEGUI)<\/h3>\n\n\n\n<figure class=\"wp-block-embed is-type-video is-provider-youtube wp-block-embed-youtube wp-embed-aspect-16-9 wp-has-aspect-ratio\"><div class=\"wp-block-embed__wrapper\">\n<iframe loading=\"lazy\" title=\"Conseil Municipal - Lundi 12 avril 2021\" width=\"1080\" height=\"608\" src=\"https:\/\/www.youtube.com\/embed\/hTuYKnJNw94?start=12529&#038;feature=oembed\"  allow=\"accelerometer; autoplay; clipboard-write; encrypted-media; gyroscope; picture-in-picture\" allowfullscreen><\/iframe>\n<\/div><\/figure>\n\n\n\n<p>La l\u00e9gislation pr\u00e9voit que certains chiens dits \u00ab&nbsp;dangereux&nbsp;\u00bb soient classifi\u00e9s en premi\u00e8re cat\u00e9gorie, ils sont alors consid\u00e9r\u00e9s comme chiens d\u2019attaque, ou en deuxi\u00e8me cat\u00e9gorie consid\u00e9r\u00e9s comme chiens de garde et de d\u00e9fense.<br>L\u2019objectif de la l\u00e9gislation \u00e9tait notamment de limiter le nombre de chiens de premi\u00e8re cat\u00e9gorie, en interdisant leur acquisition, leur cession \u00e0 titre gratuit ou on\u00e9reux, ou leur introduction sur le territoire national.<\/p>\n\n\n\n<p>Cette l\u00e9gislation a r\u00e9pondu \u00e0 une pol\u00e9mique concernant des morsures de chiens alors que de nombreux v\u00e9t\u00e9rinaires \u00e9taient oppos\u00e9s \u00e0 une classification raciale. Le comportement d\u2019un chien correspond en grande partie \u00e0 la mani\u00e8re dont il a \u00e9t\u00e9 \u00e9duqu\u00e9, qui d\u00e9pend du comportement de son propri\u00e9taire. La l\u00e9gislation permet toutefois \u00e0 une municipalit\u00e9 de c\u00e9der les chiens de premi\u00e8re cat\u00e9gorie qu\u2019elle aurait r\u00e9cup\u00e9r\u00e9s&nbsp;\u00e0 des associations de protection animale disposant d\u2019un refuge.<\/p>\n\n\n\n<p>Donc avec cette convention, la SPA de Montpellier accepte de r\u00e9cup\u00e9rer la propri\u00e9t\u00e9 de ces animaux et de leur trouver un \u00ab&nbsp;gardien&nbsp;\u00bb. Un contrat de garde est alors pass\u00e9 entre la SPA et le gardien, la personne assure la garde de l\u2019animal en respectant les obligations l\u00e9gales alors que la SPA en reste propri\u00e9taire. C\u2019est un moyen de sauver ces animaux qui ont besoin d\u2019un foyer aimant.<\/p>\n\n\n\n<p>Nous profitons \u00e9galement de la pr\u00e9sente convention pour cadrer les transferts d\u2019autres types de chiens r\u00e9cup\u00e9r\u00e9s par le SVPEU au refuge de la SPA.<\/p>\n\n\n\n<p>Pour r\u00e9pondre \u00e0 Mme Doulain, cette convention montre bien que la SPA r\u00e9cup\u00e8re des animaux (elle n&rsquo;est pas oblig\u00e9e de le faire) pour les sauver et leur \u00e9viter d&rsquo;\u00eatre euthanasi\u00e9s comme c&rsquo;est souvent le cas de par leur race. Il y a une r\u00e9elle volont\u00e9 de la SPA de prot\u00e9ger le maximum d\u2019animaux et de les sauver. Il faut prendre garde \u00e0 la politisation de certains sujets comme c&rsquo;est le cas actuellement.<\/p>\n\n\n\n<hr class=\"wp-block-separator is-style-wide\"\/>\n\n\n\n<h3 class=\"wp-block-heading\" id=\"Affaire-39\">Affaire n\u00b039 &#8211; Mise en \u0153uvre de la commission de s\u00e9lection pour l&rsquo;attribution des chalets de No\u00ebl (Intervention de Celia Serrano)<\/h3>\n\n\n\n<figure class=\"wp-block-embed is-type-video is-provider-youtube wp-block-embed-youtube wp-embed-aspect-16-9 wp-has-aspect-ratio\"><div class=\"wp-block-embed__wrapper\">\n<iframe loading=\"lazy\" title=\"Conseil Municipal - Lundi 12 avril 2021\" width=\"1080\" height=\"608\" src=\"https:\/\/www.youtube.com\/embed\/hTuYKnJNw94?start=14349&#038;feature=oembed\"  allow=\"accelerometer; autoplay; clipboard-write; encrypted-media; gyroscope; picture-in-picture\" allowfullscreen><\/iframe>\n<\/div><\/figure>\n\n\n\n<p>Je m\u2019associe pleinement \u00e0 Mr Chartier, pour construire la grille d\u2019analyse qui va concerner la s\u00e9lection des commerces alimentaires comme ceux non alimentaires. Nous avons la chance d\u2019\u00eatre une \u00e9quipe pleinement investie sur des sujets majeurs que sont la politique z\u00e9ro d\u00e9chet et la politique sur l\u2019alimentation durable. Apporter des pr\u00e9cisions sur les circuits courts et le d\u00e9veloppement durable est une gageure. Il faudra d\u00e9finir, et porter une exigence, certainement. Il faudra faire preuve de p\u00e9dagogie, irr\u00e9m\u00e9diablement. Mais nous avons ce devoir de proposer qualit\u00e9, responsabilit\u00e9, \u00e9co-exemplarit\u00e9 sur ce que nous proposons lors de nos \u00e9v\u00e9nements.<br>Ne faisons pas l\u2019\u00e9conomie du pr\u00e9fixe co qui indique l&rsquo;association, la participation, la simultan\u00e9it\u00e9.<br>Collaborer, c\u2019est ce que nous allons faire, pour une d\u00e9marche collective, pour nos concitoyens et concitoyennes.<\/p>\n\n\n\n<hr class=\"wp-block-separator is-style-wide\"\/>\n\n\n\n<h3 class=\"wp-block-heading\">Affaires n\u00b042 \u00e0 44 (Pr\u00e9sentation de Marie Massart)<\/h3>\n\n\n\n<h3 class=\"wp-block-heading\" id=\"Affaire-42\"> Affaire 42 : Jardins familiaux: cr\u00e9ation et nouveaux crit\u00e8res d&rsquo;attribution<\/h3>\n\n\n\n<figure class=\"wp-block-embed is-type-video is-provider-youtube wp-block-embed-youtube wp-embed-aspect-16-9 wp-has-aspect-ratio\"><div class=\"wp-block-embed__wrapper\">\n<iframe loading=\"lazy\" title=\"Conseil Municipal - Lundi 12 avril 2021\" width=\"1080\" height=\"608\" src=\"https:\/\/www.youtube.com\/embed\/hTuYKnJNw94?start=17305&#038;feature=oembed\"  allow=\"accelerometer; autoplay; clipboard-write; encrypted-media; gyroscope; picture-in-picture\" allowfullscreen><\/iframe>\n<\/div><\/figure>\n\n\n\n<p>Cette d\u00e9lib\u00e9ration repr\u00e9sente une \u00e9tape importante pour les jardins familiaux, sachant qu&rsquo;elle s&rsquo;inscrit dans une large politique en mati\u00e8re d&rsquo;agriculture urbaine. Je pr\u00e9cise que ce sont des projets sur lesquels je travaille avec St\u00e9phane Jouault. Je rappelle que les jardins familiaux sont des parcelles de terrain qui appartiennent \u00e0 la ville et qui sont mis \u00e0 disposition des habitant-es sous forme de location pour un montant de 1 euro par m\u00e8tre carr\u00e9 et par an. La ville dispose aujourd\u2019hui de 158 parcelles sur 3 sites. On compte actuellement 400 personnes sur liste d\u2019attente. On a pu constater une augmentation des demandes suite au confinement. <\/p>\n\n\n\n<p>L\u2019objectif de cette d\u00e9lib\u00e9ration est&nbsp;de :<\/p>\n\n\n\n<ul class=\"wp-block-list\"><li>Faire \u00e9voluer les crit\u00e8res d\u2019attribution<\/li><li>Revoir le mode de gouvernance<\/li><li>Revoir la taille et l\u2019organisation des parcelles<\/li><li>D\u00e9velopper le nombre de jardins familiaux<\/li><\/ul>\n\n\n\n<p>En ce qui concerne les crit\u00e8res, nous proposons d\u00e8s aujourd&rsquo;hui de fixer 2 crit\u00e8res, \u00e0 savoir:<\/p>\n\n\n\n<ul class=\"wp-block-list\"><li>Habiter la ville de Montpellier (mais sans crit\u00e8re d\u2019un minimum de nombre d\u2019ann\u00e9es comme c&rsquo;\u00e9tait le cas jusqu&rsquo;\u00e0 maintenant)<\/li><li>Ne pas poss\u00e9der de jardin.<\/li><\/ul>\n\n\n\n<p>Nous pr\u00e9voyons de travailler sur d&rsquo;autres crit\u00e8res comme par exemple le crit\u00e8re de proximit\u00e9 mais on souhaite travailler ces crit\u00e8res de mani\u00e8re concert\u00e9e avec les actuels b\u00e9n\u00e9ficiaires de jardins familiaux. On y travaille \u00e9galement avec la F\u00e9d\u00e9ration Nationale des Jardins Familiaux qui a une vision d&rsquo;ensemble au niveau national et des exp\u00e9riences d&rsquo;autres grandes villes.<\/p>\n\n\n\n<p>\u00b7&nbsp;&nbsp;&nbsp;&nbsp;&nbsp;&nbsp;&nbsp; <strong>Revoir le mode de gouvernance<\/strong> :Actuellement l\u2019attribution et la gestion est assur\u00e9e directement par la ville. Nous proposons de constituer des associations constitu\u00e9es des b\u00e9n\u00e9ficiaires pour assurer la gestion des sites en conventionnant avec la mairie. Une gestion via des associations permettra une gestion plus efficace des sites et une meilleure connaissance des besoins et des difficult\u00e9s des b\u00e9n\u00e9ficiaires.<\/p>\n\n\n\n<p>\u00b7&nbsp;&nbsp;&nbsp;&nbsp;&nbsp;&nbsp;&nbsp; <strong>Revoir la taille et l\u2019organisation<\/strong>: Il s\u2019agirait \u00e9galement de r\u00e9duire la taille des parcelles (passant de 120 m\u00e8tres carr\u00e9 \u00e0 50 m\u00e8tres carr\u00e9) mais en revoyant l&rsquo;organisation avec des espaces communs mutualis\u00e9s tels que les espaces de pique-nique ou de rangement des outils. Ceci permettant de favoriser la convivialit\u00e9 et l\u2019entraide entre les b\u00e9n\u00e9ficiaires.<\/p>\n\n\n\n<p>\u00b7&nbsp;&nbsp;&nbsp;&nbsp;&nbsp;&nbsp;&nbsp; <strong>D\u00e9velopper le nombre de jardins familiaux<\/strong>: Enfin, nous souhaitons d\u00e9velopper fortement le nombre de jardins familiaux. Cr\u00e9ation de 120 jardins suppl\u00e9mentaires d\u00e8s 2021 (Mas Nouguier et quartier Croix d\u2019Argent) et nous pr\u00e9voyons de les tripler sur le mandat. Il s\u2019agit l\u00e0 d\u2019une \u00e9tape importante pour d\u00e9velopper l\u2019agriculture urbaine sur Montpellier mais d\u2019autres actions sont pr\u00e9vus notamment le d\u00e9veloppement des jardins partag\u00e9s, des potagers p\u00e9dagogiques dans les \u00e9coles, ou encore le d\u00e9veloppement de l\u2019agriculture sur des espaces abandonn\u00e9s ou inutilis\u00e9s (friche, toitures, caves\u2026).<\/p>\n\n\n\n<p>Au del\u00e0 de l&rsquo;aspect nourricier des jardins familiaux, ces mesures ont plusieurs vertus: <\/p>\n\n\n\n<ul class=\"wp-block-list\"><li>Elles favorisent le lien social<\/li><li>Elles permettent \u00e0 des personnes en pr\u00e9carit\u00e9 d\u2019acc\u00e9der \u00e0 des espaces ext\u00e9rieurs et \u00e0 des productions agricoles de qualit\u00e9 \u00e0 moindre co\u00fbt<\/li><li>Elles favorisent la biodiversit\u00e9 et de la nature en ville<\/li><li>Action positive en mati\u00e8re de gestion des d\u00e9chets -&gt; installation de composteurs<\/li><li>Elles permettent de maintenir et d\u00e9velopper un savoir-faire agricole<\/li><li>Elles ont \u00e9galement des vertus p\u00e9dagogiques, notamment sur la connaissance des productions locales, du rythme des saisons permettant ainsi de faire \u00e9voluer positivement les modes de consommation alimentaire.<\/li><\/ul>\n\n\n\n<hr class=\"wp-block-separator is-style-wide\"\/>\n\n\n\n<h3 class=\"wp-block-heading\" id=\"Affaire-43\">Affaire n\u00b043 &#8211; Convention entre la Ville de Montpellier et l&rsquo;Association des Jardins Agro\u00e9cologiques Partag\u00e9s pour la distribution alimentaire d&rsquo;invendus dans le square du P\u00e8re Bonnet<\/h3>\n\n\n\n<p>Cette d\u00e9lib\u00e9ration fait suite \u00e0 une initiative prise par l\u2019association des \u00ab\u00a0Jardins Agro\u00e9cologique Partag\u00e9s\u00a0\u00bb (quartier Figuerolles), suite au 2\u00e8me confinement, de r\u00e9cup\u00e9rer et distribuer des invendues alimentaires des commer\u00e7ants du quartier \u00e0 des personnes en pr\u00e9carit\u00e9. Il s\u2019agit donc de signer une convention entre la ville et cette association pour officialiser et organiser cette distribution alimentaire. <\/p>\n\n\n\n<hr class=\"wp-block-separator is-style-wide\"\/>\n\n\n\n<h3 class=\"wp-block-heading\" id=\"Affaire-44\">Affaire n\u00b044 &#8211; R\u00e9colte d&rsquo;olives au profit de l&rsquo;association \u00ab\u00a0Pour un Sourire d&rsquo;Enfant\u00a0\u00bb<\/h3>\n\n\n\n<p>Cette d\u00e9lib\u00e9ration concerne la mise \u00e0 disposition par la ville de Montpellier des oliviers propri\u00e9t\u00e9s de la ville, \u00e0 l&rsquo;association humanitaire \u00ab\u00a0Pour un Sourire d&rsquo;Enfant\u00a0\u00bb: les b\u00e9n\u00e9voles r\u00e9coltent les olives et les apportent au moulin qui les transforme en huile d\u2019olive, l\u2019huile d\u2019olive est ensuite vendue et les recettes de cette vente reviennent \u00e0 l\u2019association.<\/p>\n\n\n\n<hr class=\"wp-block-separator is-style-wide\"\/>\n\n\n\n<h3 class=\"wp-block-heading\" id=\"Affaire-46\">Affaire 46 &#8211; Installation et r\u00e9trocession d\u2019un nichoir-composteur au b\u00e9n\u00e9fice de la Ville (Intervention de St\u00e9phane Jouault)<\/h3>\n\n\n\n<figure class=\"wp-block-embed is-type-video is-provider-youtube wp-block-embed-youtube wp-embed-aspect-16-9 wp-has-aspect-ratio\"><div class=\"wp-block-embed__wrapper\">\n<iframe loading=\"lazy\" title=\"Conseil Municipal - Lundi 12 avril 2021\" width=\"1080\" height=\"608\" src=\"https:\/\/www.youtube.com\/embed\/hTuYKnJNw94?start=17855&#038;feature=oembed\"  allow=\"accelerometer; autoplay; clipboard-write; encrypted-media; gyroscope; picture-in-picture\" allowfullscreen><\/iframe>\n<\/div><\/figure>\n\n\n\n<p>La Ville de Montpellier a choisi de soutenir ce projet de nichoir-composteur port\u00e9 par la Jeune Chambre \u00c9conomique (JCE) parce qu\u2019il est un r\u00e9sum\u00e9 tr\u00e8s pertinent de ce que nous voulons faire pour Montpellier. En effet, ce nichoir illustre notre engagement pour la pr\u00e9servation et le d\u00e9veloppement de la biodiversit\u00e9. Il a \u00e9t\u00e9 con\u00e7u en \u00e9troite collaboration avec la LPO qui fait partie du Comit\u00e9 Arbres. Le composteur s\u2019int\u00e8gre \u00e9videmment dans la politique Z\u00e9ro D\u00e9chet. Le nichoir-composteur a par ailleurs \u00e9t\u00e9 fabriqu\u00e9 localement par la maison des Compagnons de Baillargues. Enfin ce nichoir-composteur sera g\u00e9r\u00e9 par l\u2019association du Jardin Partag\u00e9 du Square Jean Monnet. Il s\u2019int\u00e8gre dans notre politique de soutien aux jardins partag\u00e9s. Ce nichoir-composteur coche donc toutes les cases&nbsp;: biodiversit\u00e9, Z\u00e9ro D\u00e9chet, \u00e9conomie locale, participation des citoyen-nes.<\/p>\n\n\n\n<hr class=\"wp-block-separator is-style-wide\"\/>\n\n\n\n<h3 class=\"wp-block-heading\" id=\"Affaire-95\">Affaire 95 &#8211; Subventions de la d\u00e9l\u00e9gation Bien-\u00eatre animal (intervention d&rsquo;Eddine ARIZTEGUI)<\/h3>\n\n\n\n<figure class=\"wp-block-embed is-type-video is-provider-youtube wp-block-embed-youtube\"><div class=\"wp-block-embed__wrapper\">\n<iframe loading=\"lazy\" title=\"Conseil Municipal - Lundi 12 avril 2021\" width=\"1080\" height=\"608\" src=\"https:\/\/www.youtube.com\/embed\/hTuYKnJNw94?start=19958&#038;feature=oembed\"  allow=\"accelerometer; autoplay; clipboard-write; encrypted-media; gyroscope; picture-in-picture\" allowfullscreen><\/iframe>\n<\/div><\/figure>\n\n\n\n<p>Cette d\u00e9lib\u00e9ration concerne les subventions attribu\u00e9es aux associations \u0153uvrant dans la protection animale. Elles vont pouvoir les aider dans leur mission de soin aux animaux sauvages, de soin et de st\u00e9rilisation des chats errants et d\u2019aide envers les personnes sans domicile fixe pour qu\u2019elles puissent nourrir et soigner leurs animaux de compagnie. Il est primordial d\u2019appuyer ces associations n\u00e9cessaires \u00e0 notre soci\u00e9t\u00e9, c\u2019est la raison pour laquelle nous leur accordons 20.000 euros de subvention.<\/p>\n","protected":false},"excerpt":{"rendered":"<p>Les textes complets des affaires de ce conseil municipal sont t\u00e9l\u00e9chargeables ICI. Liste des affaires et interventions des \u00e9lu-es \u00e9cologistes: Affaire n\u00b010 &#8211; D\u00e9veloppement de l\u2019habitat intercalaire (Intervention de St\u00e9phane Jouault) Affaire n\u00b011 &#8211; Lutte contre la pr\u00e9carit\u00e9 menstruelle (Intervention de Fatma Nakib) Affaire n\u00b012 &#8211; Plan d&rsquo;actions \u00e9galit\u00e9 professionnelle femmes- hommes (Intervention de Fatma [&hellip;]<\/p>\n","protected":false},"author":6,"featured_media":11125,"comment_status":"open","ping_status":"open","sticky":false,"template":"","format":"standard","meta":{"_et_pb_use_builder":"","_et_pb_old_content":"","_et_gb_content_width":"","footnotes":""},"categories":[16],"tags":[],"class_list":["post-11064","post","type-post","status-publish","format-standard","has-post-thumbnail","hentry","category-les-conseils"],"_links":{"self":[{"href":"https:\/\/choisirlecologie.fr\/bienvenue\/wp-json\/wp\/v2\/posts\/11064","targetHints":{"allow":["GET"]}}],"collection":[{"href":"https:\/\/choisirlecologie.fr\/bienvenue\/wp-json\/wp\/v2\/posts"}],"about":[{"href":"https:\/\/choisirlecologie.fr\/bienvenue\/wp-json\/wp\/v2\/types\/post"}],"author":[{"embeddable":true,"href":"https:\/\/choisirlecologie.fr\/bienvenue\/wp-json\/wp\/v2\/users\/6"}],"replies":[{"embeddable":true,"href":"https:\/\/choisirlecologie.fr\/bienvenue\/wp-json\/wp\/v2\/comments?post=11064"}],"version-history":[{"count":64,"href":"https:\/\/choisirlecologie.fr\/bienvenue\/wp-json\/wp\/v2\/posts\/11064\/revisions"}],"predecessor-version":[{"id":11163,"href":"https:\/\/choisirlecologie.fr\/bienvenue\/wp-json\/wp\/v2\/posts\/11064\/revisions\/11163"}],"wp:featuredmedia":[{"embeddable":true,"href":"https:\/\/choisirlecologie.fr\/bienvenue\/wp-json\/wp\/v2\/media\/11125"}],"wp:attachment":[{"href":"https:\/\/choisirlecologie.fr\/bienvenue\/wp-json\/wp\/v2\/media?parent=11064"}],"wp:term":[{"taxonomy":"category","embeddable":true,"href":"https:\/\/choisirlecologie.fr\/bienvenue\/wp-json\/wp\/v2\/categories?post=11064"},{"taxonomy":"post_tag","embeddable":true,"href":"https:\/\/choisirlecologie.fr\/bienvenue\/wp-json\/wp\/v2\/tags?post=11064"}],"curies":[{"name":"wp","href":"https:\/\/api.w.org\/{rel}","templated":true}]}}