{"id":10998,"date":"2021-04-07T10:16:24","date_gmt":"2021-04-07T10:16:24","guid":{"rendered":"http:\/\/choisirlecologie.fr\/?p=10998"},"modified":"2021-06-08T11:14:08","modified_gmt":"2021-06-08T11:14:08","slug":"conseil-de-metropole-29-03-2021-affaires-et-interventions-des-elu-es-ecologistes","status":"publish","type":"post","link":"https:\/\/choisirlecologie.fr\/bienvenue\/conseil-de-metropole-29-03-2021-affaires-et-interventions-des-elu-es-ecologistes","title":{"rendered":"[Conseil de M\u00e9tropole] 29\/03\/2021 \u2013 Affaires et interventions des \u00e9lu-es \u00e9cologistes"},"content":{"rendered":"\n<p>109 projets d\u2019affaires \u00e9taient soumis au vote des conseiller-es m\u00e9tropolitain-es ce lundi 29 mars 2021. Les textes de ces affaires sont consultables en ligne: <a href=\"http:\/\/choisirlecologie.fr\/telechargement\/Projet-dafffaires.pdf\">lire les projets d&rsquo;affaires<\/a> et <a rel=\"noreferrer noopener\" href=\"https:\/\/3m04c.r.ag.d.sendibm3.com\/mk\/cl\/f\/kP84jJQjU7sBahzFqHoY5OsEH_KXkJSIQat2HPmr7W1ThviibH_Z7Djp7PaKAZctvQJIi-JDG-YwVIFLRx7O9sqyG3_jo04WIU_0QViIoVEsjr2dx7DbmKIq2An5xcPDKL3M9faJtCzIRUMyiyFijOezq8yxz1pHqH3kTwaQoQmWLQbl-nNINxk1oyxsM6Vu3O7ZLhLWuLsuy0BqRUgAdwKYQfMJCA\" target=\"_blank\">l\u2019ordre du jour <\/a>(250Ko)<\/p>\n\n\n\n<p>Ci-dessous les affaires et interventions des \u00e9lu-es \u00e9cologistes:<\/p>\n\n\n\n<ul class=\"wp-block-list\"><li><a href=\"http:\/\/choisirlecologie.fr\/conseil-de-metropole-29-03-2021-affaires-et-interventions-des-elu-es-ecologistes#Affaire-2-mantion\">Affaire n\u00b02 : budget 2021 &#8211; Pr\u00e9sentation de Coralie Mantion<\/a><\/li><li><a href=\"http:\/\/choisirlecologie.fr\/conseil-de-metropole-29-03-2021-affaires-et-interventions-des-elu-es-ecologistes#Affaire-2-vasquez\">Affaire n\u00b02: budget 2021 &#8211; Pr\u00e9sentation de Fran\u00e7ois Vasquez<\/a><\/li><li><a href=\"http:\/\/choisirlecologie.fr\/conseil-de-metropole-29-03-2021-affaires-et-interventions-des-elu-es-ecologistes#Affaire-8\">Affaire n\u00b08: Taux d&rsquo;imposition de la Taxe d&rsquo;Enl\u00e8vement des Ordures M\u00e9nag\u00e8res pour 2021 (Fran\u00e7ois Vasquez)<\/a><\/li><li><a href=\"http:\/\/choisirlecologie.fr\/conseil-de-metropole-29-03-2021-affaires-et-interventions-des-elu-es-ecologistes#Affaire-14\">Affaire n\u00b014 : R\u00e8glement Local de Publicit\u00e9 intercommunal (RLPi) &#8211; Intervention de Celia Serrano<\/a><\/li><li><a href=\"http:\/\/choisirlecologie.fr\/conseil-de-metropole-29-03-2021-affaires-et-interventions-des-elu-es-ecologistes#Affaire-15\">Affaire n\u00b015: Convention pluriannuelle pour la r\u00e9novation urbaine des quartiers Mosson et C\u00e9vennes (Coralie Mantion)<\/a><\/li><li><a href=\"http:\/\/choisirlecologie.fr\/conseil-de-metropole-29-03-2021-affaires-et-interventions-des-elu-es-ecologistes#Affaire-16\">Affaire n\u00b016: Reconversion du stade de football de la Mosson &#8211; Appel \u00e0 id\u00e9es (Coralie Mantion)<\/a><\/li><li><a href=\"http:\/\/choisirlecologie.fr\/conseil-de-metropole-29-03-2021-affaires-et-interventions-des-elu-es-ecologistes#Affaire-22\">Affaire n\u00b022: Acquisitions fonci\u00e8res pour la LNMP &#8211; Intervention de Coralie Mantion<\/a><\/li><li><a href=\"http:\/\/choisirlecologie.fr\/conseil-de-metropole-29-03-2021-affaires-et-interventions-des-elu-es-ecologistes#Affaire-33\">Affaires 33, 34 et 35: Gestion des d\u00e9chets &#8211; Pr\u00e9sentation de Fran\u00e7ois Vasquez<\/a><\/li><li><a href=\"http:\/\/choisirlecologie.fr\/conseil-de-metropole-29-03-2021-affaires-et-interventions-des-elu-es-ecologistes#Affaire-88\">Affaire n\u00b088: Attribution d\u2019une subvention en nature \u00e0 l\u2019association Mare Nostrum (bo\u00eetes \u00e0 livres) &#8211; Celia Serrano<\/a><\/li><li><a href=\"http:\/\/choisirlecologie.fr\/conseil-de-metropole-29-03-2021-affaires-et-interventions-des-elu-es-ecologistes#Affaire-92\">Affaire n\u00b092: Parc Multi-glisse G\u00e9rard Bruy\u00e8re de Baillargues &#8211; Intervention de Catherine Ribot<\/a><\/li><li><a href=\"http:\/\/choisirlecologie.fr\/conseil-de-metropole-29-03-2021-affaires-et-interventions-des-elu-es-ecologistes#Affaire-109\">Affaire n\u00b0109: Attribution de subventions dans le cadre de la th\u00e9matique \u00ab\u00a0Sports\u00a0\u00bb &#8211; Intervention de Celia Serrano sur les subventions accord\u00e9es aux clubs taurins<\/a><\/li><\/ul>\n\n\n\n<hr class=\"wp-block-separator is-style-wide\"\/>\n\n\n\n<h3 class=\"wp-block-heading\" id=\"Affaire-2-mantion\">Affaire n\u00b02 &#8211; Budget 2021, Urbanisme et ma\u00eetrise fonci\u00e8re &#8211; Pr\u00e9sentation de Coralie Mantion<\/h3>\n\n\n\n<figure class=\"wp-block-embed is-type-video is-provider-youtube wp-block-embed-youtube wp-embed-aspect-16-9 wp-has-aspect-ratio\"><div class=\"wp-block-embed__wrapper\">\n<iframe loading=\"lazy\" title=\"Conseil de M\u00e9tropole du 29 mars 2021\" width=\"1080\" height=\"608\" src=\"https:\/\/www.youtube.com\/embed\/bQfTDdysUms?start=3645&#038;feature=oembed\"  allow=\"accelerometer; autoplay; clipboard-write; encrypted-media; gyroscope; picture-in-picture\" allowfullscreen><\/iframe>\n<\/div><\/figure>\n\n\n\n<h3 class=\"wp-block-heading\" id=\"Affaire-2-vasquez\">Affaire n\u00b02 &#8211; Budget 2021, gestion des d\u00e9chets &#8211; Pr\u00e9sentation de Fran\u00e7ois Vasquez<\/h3>\n\n\n\n<figure class=\"wp-block-embed is-type-video is-provider-youtube wp-block-embed-youtube wp-embed-aspect-16-9 wp-has-aspect-ratio\"><div class=\"wp-block-embed__wrapper\">\n<iframe loading=\"lazy\" title=\"Conseil de M\u00e9tropole du 29 mars 2021\" width=\"1080\" height=\"608\" src=\"https:\/\/www.youtube.com\/embed\/bQfTDdysUms?start=4810&#038;feature=oembed\"  allow=\"accelerometer; autoplay; clipboard-write; encrypted-media; gyroscope; picture-in-picture\" allowfullscreen><\/iframe>\n<\/div><figcaption>Fran\u00e7ois Vasquez, vice-pr\u00e9sident de la M\u00e9tropole de Montpellier<\/figcaption><\/figure>\n\n\n\n<p>La politique des d\u00e9chets comme vous avez pu le voir, sur un budget de 810 millions, va prendre 12%: une part consid\u00e9rable que nous nous devons de g\u00e9rer avec beaucoup plus de rationalit\u00e9, parce que nous attendons de la politique des d\u00e9chets qu&rsquo;elle soit un axe essentiel d&rsquo;\u00e9conomies. Ce sera aussi un axe pr\u00e9pond\u00e9rant de la transition \u00e9cologique du territoire de notre M\u00e9tropole, et aussi de la propret\u00e9 des espaces publics. <strong>\u00c9cologie, \u00e9conomies, propret\u00e9 sont les grands domaines<\/strong> sur lesquels s&rsquo;exprime notre ambition sur cette politique.<\/p>\n\n\n\n<p>[Commentaire des chiffres cl\u00e9s du budget par Fran\u00e7ois Vasquez &#8211; \u00e0 voir\/\u00e9couter sur la vid\u00e9o ci-dessus]<\/p>\n\n\n\n<p>La mise en \u0153uvre de la politique z\u00e9ro d\u00e9chet se traduira en 2021 par:<\/p>\n\n\n\n<ul class=\"wp-block-list\"><li>Le d\u00e9ploiement de la zone pilote z\u00e9ro d\u00e9chet sur 10 communes de l&rsquo;ouest montpelli\u00e9rain + quartier des Grisettes \u00e0 Montpellier: ce sont les premi\u00e8re zones qui vont basculer dans le territoire z\u00e9ro d\u00e9chet avec la volont\u00e9 de traiter les biod\u00e9chets via la distribution de 4100 composteurs individuels (185K\u20ac), l&rsquo;installation de 240 composteurs de r\u00e9sidence + animation (85K\u20ac), et l&rsquo;installation de 54 composteurs de quartier + animation (400K\u20ac);<\/li><li>La construction d&rsquo;une plateforme de compostage de proximit\u00e9 (d\u00e9marrage): 500K\u20ac;<\/li><li>La d\u00e9finition de la strat\u00e9gie globale biod\u00e9chets;<\/li><li>La d\u00e9finition de la strat\u00e9gie de mise en \u0153uvre de la tarification incitative.<\/li><\/ul>\n\n\n\n<p><strong>Notre m\u00e9tropole tient \u00e0 porter le deuil du sac noir!<\/strong><\/p>\n\n\n\n<hr class=\"wp-block-separator is-style-wide\"\/>\n\n\n\n<h3 class=\"wp-block-heading\" id=\"Affaire-8\">Affaire n\u00b08 &#8211; Taux d&rsquo;imposition de la Taxe d&rsquo;Enl\u00e8vement des Ordures M\u00e9nag\u00e8res (TEOM) pour 2021 &#8211; R\u00e9ponses de Fran\u00e7ois Vasquez<\/h3>\n\n\n\n<figure class=\"wp-block-embed is-type-video is-provider-youtube wp-block-embed-youtube wp-embed-aspect-16-9 wp-has-aspect-ratio\"><div class=\"wp-block-embed__wrapper\">\n<iframe loading=\"lazy\" title=\"Conseil de M\u00e9tropole du 29 mars 2021\" width=\"1080\" height=\"608\" src=\"https:\/\/www.youtube.com\/embed\/bQfTDdysUms?start=12764&#038;feature=oembed\"  allow=\"accelerometer; autoplay; clipboard-write; encrypted-media; gyroscope; picture-in-picture\" allowfullscreen><\/iframe>\n<\/div><\/figure>\n\n\n\n<hr class=\"wp-block-separator is-style-wide\"\/>\n\n\n\n<h3 class=\"wp-block-heading\" id=\"Affaire-15\"><strong>Affaire n\u00b015&nbsp;: Convention pluriannuelle pour la r\u00e9novation urbaine des quartiers Mosson et C\u00e9vennes<\/strong> &#8211; Pr\u00e9sentation de Coralie Mantion<\/h3>\n\n\n\n<figure class=\"wp-block-embed is-type-video is-provider-youtube wp-block-embed-youtube wp-embed-aspect-16-9 wp-has-aspect-ratio\"><div class=\"wp-block-embed__wrapper\">\n<iframe loading=\"lazy\" title=\"Conseil de M\u00e9tropole du 29 mars 2021\" width=\"1080\" height=\"608\" src=\"https:\/\/www.youtube.com\/embed\/bQfTDdysUms?start=23169&#038;feature=oembed\"  allow=\"accelerometer; autoplay; clipboard-write; encrypted-media; gyroscope; picture-in-picture\" allowfullscreen><\/iframe>\n<\/div><\/figure>\n\n\n\n<p>Enfin&nbsp;! Nous arrivons au bout de ce dossier ANRU. Cette convention va nous permettre de commencer les travaux dans les quartiers des C\u00e9vennes et la Mosson, des quartiers prioritaires qui concentrent les dysfonctionnements sociaux, urbains et \u00e9conomiques les plus lourds de la ville.<\/p>\n\n\n\n<p><strong>C\u2019est un projet de renouvellement urbain ambitieux qui est port\u00e9 par la M\u00e9tropole pour transformer efficacement et durablement l\u2019image et la vie de ces territoires.<\/strong><\/p>\n\n\n\n<p>A la Paillade, quatre objectifs fondateurs ont guid\u00e9 l\u2019\u00e9laboration du projet :<\/p>\n\n\n\n<ol class=\"wp-block-list\"><li>ouvrir le quartier et l\u2019espace public au travers de cours paysagers, l\u2019am\u00e9nagement d\u2019espaces publics qualitatifs, s\u00e9curis\u00e9s et attractifs, en s\u2019inscrivant \u00e0 l\u2019\u00e9chelle du pi\u00e9ton<\/li><li>activer l\u2019\u00e9conomie et l\u2019offre de loisirs gr\u00e2ce \u00e0 des \u00e9quipements reconfigur\u00e9s et valoris\u00e9s<\/li><li>am\u00e9liorer la qualit\u00e9 de vie au quotidien en remettant la nature et le paysage au c\u0153ur du quartier (parc de la Mosson, les berges et le lac des Garrigues)<\/li><li>connecter le quartier de la Mosson au reste de la ville avec les nouveaux r\u00e9seaux de transports, le d\u00e9veloppement des modes actifs et en favorisant les greffes urbaines.<\/li><\/ol>\n\n\n\n<p>Aux C\u00e9vennes, les quatre objectifs&nbsp;sont :<\/p>\n\n\n\n<ol class=\"wp-block-list\"><li>Ouvrir la copropri\u00e9t\u00e9 sur son environnement, notamment en la desservant par tous les modes actifs (pi\u00e9tons, cycles&#8230;), en la connectant aux espaces publics, en la reconfigurant apr\u00e8s d\u00e9molition des dalles entre les b\u00e2timents<\/li><li>Faire des unit\u00e9s r\u00e9sidentielles \u00e0 taille humaine, en cr\u00e9ant une copropri\u00e9t\u00e9 par b\u00e2timent (soit 12 copropri\u00e9t\u00e9s), en desservant chacune d\u2019elles depuis l\u2019espace public. Les d\u00e9molitions ponctuelles de 57 logements offriront des perc\u00e9es visuelles ouvrant vers l\u2019ext\u00e9rieur<\/li><li>Dynamiser les commerces, en reconfigurant l\u2019activit\u00e9 commerciale&nbsp;: restructuration des lin\u00e9aires commerciaux existants en bordure de l\u2019avenue Louis Ravas<\/li><li>Requalifier le b\u00e2ti et r\u00e9duire la pr\u00e9carit\u00e9 \u00e9nerg\u00e9tique, primordial pour ces familles modestes, en poursuivant la r\u00e9habilitation, y compris thermique, des immeubles avec l\u2019accompagnement des copropri\u00e9taires.<\/li><\/ol>\n\n\n\n<p>Le montant global de ces projets co-financ\u00e9s par l\u2019ANRU repr\u00e9sente un montant d\u2019investissement total de 379,5 M\u20ac HT, r\u00e9parti de la mani\u00e8re suivante&nbsp;:<\/p>\n\n\n\n<ul class=\"wp-block-list\"><li>ANRU: 84,4 M\u20ac<\/li><li>Montpellier M\u00e9diterran\u00e9e M\u00e9tropole : 84,5 M\u20ac<\/li><li>la Ville de Montpellier: 38 M\u20ac<\/li><li>les bailleurs sociaux : 128,8 M\u20ac (ACM, H\u00e9rault Logement, Erilia, SFHE, FDI Habitat)<\/li><\/ul>\n\n\n\n<p>Si la convention est approuv\u00e9e aujourd\u2019hui, elle prendra effet \u00e0 compter de la date de signature. Le solde des op\u00e9rations devra intervenir avant le second semestre 2031. Une clause de revoyure interviendra dans le courant de l\u2019ann\u00e9e 2021, pour r\u00e9pondre aux nouveaux objectifs de notre ex\u00e9cutif :<\/p>\n\n\n\n<ul class=\"wp-block-list\"><li>la reconfiguration du centre commercial Saint-Paul qui est sujet \u00e0 de gros probl\u00e8mes de s\u00e9curit\u00e9<\/li><li>le repositionnement des groupes scolaires en lisi\u00e8re du quartier pour favoriser la mixit\u00e9<\/li><li>le lac des Garrigues pour asseoir son attractivit\u00e9 et son rayonnement au-del\u00e0 du quartier<\/li><li>l\u2019irrigation \u00e9conomique du quartier par le projet de Med\u2019Vall\u00e9e<\/li><\/ul>\n\n\n\n<p><strong>Je vous invite, \u00e9videmment \u00e0 approuver cette convention qui est n\u00e9cessaire pour les habitants de ces quartiers<\/strong>. <strong>Pour un mieux vivre dans leur habitat, leurs rues, leur quotidien<\/strong>. <strong>Pour qu\u2019ils se sentent appartenir pleinement \u00e0 notre territoire, \u00e0 une seule et m\u00eame cit\u00e9<\/strong>.<\/p>\n\n\n\n<hr class=\"wp-block-separator is-style-wide\"\/>\n\n\n\n<h3 class=\"wp-block-heading\" id=\"Affaire-14\"><strong>Affaire n\u00b014&nbsp;: R\u00e8glement Local de Publicit\u00e9 intercommunal (RLPi)<\/strong> &#8211; Intervention de Celia Serrano<\/h3>\n\n\n\n<figure class=\"wp-block-embed is-type-video is-provider-youtube wp-block-embed-youtube wp-embed-aspect-16-9 wp-has-aspect-ratio\"><div class=\"wp-block-embed__wrapper\">\n<iframe loading=\"lazy\" title=\"Conseil de M\u00e9tropole du 29 mars 2021\" width=\"1080\" height=\"608\" src=\"https:\/\/www.youtube.com\/embed\/bQfTDdysUms?start=20920&#038;feature=oembed\"  allow=\"accelerometer; autoplay; clipboard-write; encrypted-media; gyroscope; picture-in-picture\" allowfullscreen><\/iframe>\n<\/div><\/figure>\n\n\n\n<p>Je m\u2019exprime au nom des \u00e9cologistes de cette assembl\u00e9e. Et de celles et ceux qui ont march\u00e9 hier pour des mesures fortes en faveur du climat. Nous sommes \u00e0 l\u2019\u00e9coute de ce que les associations nous font remonter.<\/p>\n\n\n\n<p>Si nous reconnaissons l\u2019int\u00e9r\u00eat de valider un r\u00e8glement intercommunal qui donnera enfin aux maires le pouvoir de police en la mati\u00e8re, et si les c\u0153urs de villages seront enfin prot\u00e9g\u00e9s, nous ne pouvons pour autant cautionner un r\u00e8glement qui int\u00e8gre des \u00e9crans num\u00e9riques sans dire pr\u00e9cis\u00e9ment quand ni comment nous les retirerons du paysage.<\/p>\n\n\n\n<p>Notre mandat a commenc\u00e9 en juillet 2020. Nous ne pouvons pas attendre avant de lancer le projet de suppression de la pollution lumineuse que g\u00e9n\u00e8re la publicit\u00e9&nbsp;: plus de panneaux num\u00e9rique, lumineux, r\u00e9tro\u00e9clair\u00e9s, roulants etc. Cette exigence de sobri\u00e9t\u00e9 \u00e9nerg\u00e9tique, qui est au c\u0153ur de notre mandat et de notre \u00e9lection doit apparaitre dans une d\u00e9lib\u00e9ration avec lancement d\u2019une enqu\u00eate publique.<\/p>\n\n\n\n<p>Ce r\u00e8glement est le plus petit d\u00e9nominateur commun qui, sur certaines zones de la m\u00e9tropole, d\u00e9grade les r\u00e8gles d\u00e9j\u00e0 mises en place par les RLP. Les \u00e9cologistes refusent d\u2019aller au moins-disant et veulent poser des ambitions par \u00e9crit avec un calendrier pr\u00e9cis. Nous avions d\u00e9cid\u00e9 que 2 d\u00e9lib\u00e9rations seraient n\u00e9cessaires&nbsp;: une qui prot\u00e8ge rigoureusement les villages et les espaces naturels, et l\u2019autre qui ambitionne de prendre 2 ans pour interdire les publicit\u00e9s num\u00e9riques et la pollution lumineuse, comme nous nous y sommes engag\u00e9-es. Face aux d\u00e9r\u00e8glements climatiques, nous n&rsquo;avons d&rsquo;autre choix que celui de r\u00e9duire les consommations sur notre territoire (\u00e0 plus forte raison quand elles ne sont pas essentielles), nous n&rsquo;avons d&rsquo;autre choix que celui de prendre localement notre part dans l&rsquo;effort collectif.<\/p>\n\n\n\n<p>50% seulement des objectifs sont atteints. Le compte n\u2019y est pas. <\/p>\n\n\n\n<p>Cela n\u2019emp\u00eache pas que nous attendons avec impatience la cr\u00e9ation d\u2019un service m\u00e9tropolitain de la publicit\u00e9 qui pourra aider les Maires \u00e0 mettre de l\u2019ordre dans leurs territoires en supprimant d\u00e8s le mois d\u2019avril la publicit\u00e9 ill\u00e9gale.<\/p>\n\n\n\n<p>Cela n\u2019emp\u00eache que nous attendons avec impatience la r\u00e9duction de la taille des panneaux afin de pr\u00e9server nos paysages&nbsp;: passer de 12 \u00e0 6m\u00b2. 6m\u00b2 c\u2019est d\u00e9j\u00e0 largement suffisant pour nous vendre des voitures ou des abonnements Netflix.<\/p>\n\n\n\n<p><strong>Ce vote CONTRE est donc avant tout un vote POUR la suite<\/strong>. Nous ne doutons absolument pas que les services et les \u00e9lu-es (et donc les prochaines d\u00e9lib\u00e9rations) iront dans ce sens  pour repartir en concertation, pour repenser la publicit\u00e9 et les enseignes dans des Zone \u00e0 Faible \u00c9mission de pub et \u00e0 l\u2019aune du PLUI climat. <\/p>\n\n\n\n<p>Avec pour objectif&nbsp;: 0 \u00e9lectricit\u00e9 dans la publicit\u00e9!<\/p>\n\n\n\n<hr class=\"wp-block-separator is-style-wide\"\/>\n\n\n\n<h3 class=\"wp-block-heading\" id=\"Affaire-16\"><strong>Affaire n\u00b016&nbsp;: <\/strong>Reconversion du stade de football de la Mosson &#8211; Appel \u00e0 id\u00e9es &#8211; Intervention de Coralie Mantion<\/h3>\n\n\n\n<figure class=\"wp-block-embed is-type-video is-provider-youtube wp-block-embed-youtube wp-embed-aspect-16-9 wp-has-aspect-ratio\"><div class=\"wp-block-embed__wrapper\">\n<iframe loading=\"lazy\" title=\"Conseil de M\u00e9tropole du 29 mars 2021\" width=\"1080\" height=\"608\" src=\"https:\/\/www.youtube.com\/embed\/bQfTDdysUms?start=25071&#038;feature=oembed\"  allow=\"accelerometer; autoplay; clipboard-write; encrypted-media; gyroscope; picture-in-picture\" allowfullscreen><\/iframe>\n<\/div><\/figure>\n\n\n\n<p>Les \u00e9cologistes ne sont \u00e9videmment pas d\u2019accord sur le constat fait dans cette d\u00e9lib\u00e9ration.<\/p>\n\n\n\n<p>Le stade a connu ses heures de gloire en effet, comme le match en 2012 contre le LOSC qui nous a permis de gagner le championnat. Mais ce n\u2019est pas termin\u00e9&nbsp;: le MHSC et d\u2019autres \u00e9v\u00e8nements peuvent encore faire vibrer les Pailladin.es, les Montpellierain.es&nbsp;!<\/p>\n\n\n\n<p>L\u2019\u00e9difice a subi des inondations qui ont engendr\u00e9 de gros travaux de r\u00e9novation, des co\u00fbts cons\u00e9quents pour la collectivit\u00e9. Oui. Mais tout avait-il \u00e9t\u00e9 mis en \u0153uvre pour \u00e9viter cela&nbsp;? Lit de la Mosson d\u00e9gag\u00e9&nbsp;? Barri\u00e8res anti-inondation mises en place&nbsp;? Nous attendons avec impatience les \u00e9tudes hydrauliques en cours, pour vraiment faire un \u00e9tat des lieux et se projeter.<\/p>\n\n\n\n<p>Mais l\u00e0 o\u00f9 nous nous rejoignons, c\u2019est sur le fait qu\u2019il est dommage que ce site ne soit ouvert que quelques heures tous les 15 jours, en saison. Cet \u00e9quipement doit&nbsp;faire rayonner la Paillade au-del\u00e0 de Montpellier plus souvent. Cet \u00e9quipement doit d\u00e9velopper son activit\u00e9 au-del\u00e0 du football professionnel. Nous devons lui donner une nouvelle dimension pour faire venir divers publics dans ce quartier&nbsp;: concerts, festivals, \u00e9v\u00e8nements sportifs, culturels\u2026 toutes les id\u00e9es sont les bienvenues. C\u2019est une r\u00e9flexion collective que nous devons mener avec les habitants du quartier et des quartiers voisins, de la M\u00e9tropole et au-del\u00e0. Nous adh\u00e9rerons toujours aux projets de co-construction avec les citoyens car une ville ne se fait jamais seule.<\/p>\n\n\n\n<p>Nous approuvons donc cet appel \u00e0 id\u00e9es qui redynamisera le stade, le quartier, la ville.<\/p>\n\n\n\n<hr class=\"wp-block-separator is-style-wide\"\/>\n\n\n\n<h3 class=\"wp-block-heading\" id=\"Affaire-22\"><strong>Affaire n\u00b022&nbsp;: Acquisitions fonci\u00e8res pour la LNMP<\/strong> &#8211; Intervention de Coralie Mantion<\/h3>\n\n\n\n<figure class=\"wp-block-embed is-type-video is-provider-youtube wp-block-embed-youtube wp-embed-aspect-16-9 wp-has-aspect-ratio\"><div class=\"wp-block-embed__wrapper\">\n<iframe loading=\"lazy\" title=\"Conseil de M\u00e9tropole du 29 mars 2021\" width=\"1080\" height=\"608\" src=\"https:\/\/www.youtube.com\/embed\/bQfTDdysUms?start=26450&#038;feature=oembed\"  allow=\"accelerometer; autoplay; clipboard-write; encrypted-media; gyroscope; picture-in-picture\" allowfullscreen><\/iframe>\n<\/div><\/figure>\n\n\n\n<p>Les \u00e9cologistes approuvent cette convention qui va permettre les acquisitions fonci\u00e8res pour finaliser, enfin, la Ligne Nouvelle Montpellier-Perpignan.<\/p>\n\n\n\n<p>L\u2019urgence climatique, le besoin de pr\u00e9server notre sant\u00e9 et notre environnement imposent de r\u00e9duire drastiquement, et au plus vite, les transports polluants. Le transfert de la route vers le rail du transport de voyageurs ET de marchandises fait partie des r\u00e9ponses \u00e0 cet enjeu. Ainsi, d\u00e9lester l\u2019axe autoroutier du littoral m\u00e9diterran\u00e9en, emprunt\u00e9 chaque jour par plus de 10 000 poids lourds est une priorit\u00e9.<br>D\u2019autre part, favoriser l\u2019intermodalit\u00e9 entre TGV et trains du quotidien s\u2019impose \u00e9galement pour un service public de qualit\u00e9, un d\u00e9veloppement \u00e9quilibr\u00e9 des territoires et pour que la voiture particuli\u00e8re cesse d\u2019\u00eatre une n\u00e9cessit\u00e9.<\/p>\n\n\n\n<p>Mais attention, le projet actuel \u00e9tabli par SNCF R\u00e9seau est insuffisant pour r\u00e9pondre aux enjeux du d\u00e9r\u00e8glement climatique et aux enjeux de sant\u00e9 publique provoqu\u00e9s par la pollution.<\/p>\n\n\n\n<p>Je rejoins Mathilde Borne: un sc\u00e9nario plus \u00e9cologique, plus viable \u00e9conomiquement sur le long terme est possible.<\/p>\n\n\n\n<ul class=\"wp-block-list\"><li>La liaison de Montpellier et Perpignan doit \u00eatre mixte [fret-voyageurs] de bout en bout avec la r\u00e9alisation d\u2019un tunnel sous les Corbi\u00e8res permettant le passage des trains de fret et minimisant l\u2019impact sur la biodiversit\u00e9 et le paysage.<\/li><li>L\u2019abandon des gares excentr\u00e9es et la modernisation des gares centrales actuelles de B\u00e9ziers et Narbonne en de v\u00e9ritables \u201cP\u00f4les d\u2019\u00c9changes Multimodaux\u201d, desservis par les TGV, pour les correspondances avec les TER, bus urbains, cars r\u00e9gionaux, tramways et r\u00e9seau v\u00e9los&#8230; est attendu par l\u2019ensemble des acteurs locaux.<\/li><\/ul>\n\n\n\n<p>Ne refaisons pas les erreurs de la gare de la Mog\u00e8re qui a \u00e9t\u00e9 un gaspillage d\u2019argent public et qui est un non-sens \u00e9cologique car non connect\u00e9e au r\u00e9seau TER, destructrice de terres agricoles.<\/p>\n\n\n\n<p><strong>Financer des transports d\u00e9carbon\u00e9s : OUI&nbsp;! Financer des gares fant\u00f4mes : NON&nbsp;!<\/strong><\/p>\n\n\n\n<p>Nous serons donc tr\u00e8s vigilants sur les acquisitions fonci\u00e8res qui doivent \u00eatre consacr\u00e9es exclusivement \u00e0 l\u2019emprise de la voie ferr\u00e9e.<\/p>\n\n\n\n<hr class=\"wp-block-separator is-style-wide\"\/>\n\n\n\n<h3 class=\"wp-block-heading\" id=\"Affaire-88\">Affaire n\u00b088 &#8211; Attribution d\u2019une subvention en nature \u00e0 l\u2019association Mare Nostrum (bo\u00eetes \u00e0 livres) &#8211; Intervention de Celia Serrano<\/h3>\n\n\n\n<p>Nous votons ici pour un don \u00e0 une association au joli nom qui convoque notre mer \u00e0 nous, qui nous apporte des ailes, qui nous emporte au large et gr\u00e2ce \u00e0 qui nous sentons des embruns (vous les sentez?).<\/p>\n\n\n\n<p>Nous votons pour la litt\u00e9rature jeunesse car elle est inventive, elle est libre, elle est espi\u00e8gle, elle est dithyrambique elle est dr\u00f4le aussi parfois mais surtout elle dit vrai.<\/p>\n\n\n\n<p>Qu\u2019on pique une Grosse col\u00e8re, qu\u2019on ait une grande bouche et qu\u2019on mange des mouches ou qu\u2019on soit tomb\u00e9 dans la marmite quand on \u00e9tait petit, on le voit bien hein, quand on lit une bonne histoire, quand elle soumet interrogations ou quand elle touche l\u00e0 vous savez, vous le voyez le pouvoir de la litt\u00e9rature, hein, c\u2019est vrai.<\/p>\n\n\n\n<p>Nous votons pour la multiplication pas des maths la multiplication des livres et des boites \u00e0 livres et des arbres \u00e0 livres ou des bo\u00eetes fabriqu\u00e9es par des arbres pour des livres ou pour que les livres soient dans les arbres avec des bo\u00eetes. Tant qu\u2019ils finissent dans les mains dans les yeux dans les oreilles, \u00e7a nous va, en vrai.<\/p>\n\n\n\n<p>Alors, \u00e0 vos votes, et pr\u00e9parez vos petits doigts parce que mon petit doigt \u00e0 moi me dit que ces boites cabanes arboricoles livresques jeunesse vont grandir, arpenter le territoire comme les poussins d\u2019Anne Hiversaire dont le but, je vous le rappelle, est de fabriquer un HENAURME g\u00e2teau et de faire la f\u00eate, ensemble.<\/p>\n\n\n\n<p>Je nous le souhaite, ardemment&nbsp;: favorisons la lecture, \u00e0 hauteur d\u2019enfant. Mettons des cabanes \u00e0 livres, partout et pour tout le monde et gr\u00e2ce \u00e0 ces livres-l\u00e0 faisons cette f\u00eate-l\u00e0, cette f\u00eate dans nos t\u00eates et dans nos corps, cette f\u00eate-l\u00e0, <strong>que les livres nous emportent, au large, mais toujours \u00e0 hauteur d\u2019enfant<\/strong>.<\/p>\n\n\n\n<hr class=\"wp-block-separator is-style-wide\"\/>\n\n\n\n<h3 class=\"wp-block-heading\" id=\"Affaire-92\">Affaire n\u00b092 &#8211; Parc Multi-glisse G\u00e9rard Bruy\u00e8re de Baillargues &#8211; Intervention de Catherine Ribot<\/h3>\n\n\n\n<figure class=\"wp-block-embed is-type-video is-provider-youtube wp-block-embed-youtube wp-embed-aspect-16-9 wp-has-aspect-ratio\"><div class=\"wp-block-embed__wrapper\">\n<iframe loading=\"lazy\" title=\"Conseil de M\u00e9tropole du 29 mars 2021\" width=\"1080\" height=\"608\" src=\"https:\/\/www.youtube.com\/embed\/bQfTDdysUms?start=30564&#038;feature=oembed\"  allow=\"accelerometer; autoplay; clipboard-write; encrypted-media; gyroscope; picture-in-picture\" allowfullscreen><\/iframe>\n<\/div><\/figure>\n\n\n\n<p>Monsieur le Pr\u00e9sident, Mesdames et Messieurs, chers coll\u00e8gues,<\/p>\n\n\n\n<p>Nous saluons le travail de fond essentiel men\u00e9 par notre coll\u00e8gue Christian Assaf. L&rsquo;excellence de la politique men\u00e9e doit \u00eatre lou\u00e9e. Toutefois, il nous semble que l&rsquo;alerte doit \u00eatre donn\u00e9e concernant ce projet.<\/p>\n\n\n\n<p>Tout d\u2019abord, concernant le principe de la <strong>d\u00e9l\u00e9gation de l\u2019exploitation de ce bassin Multi-glisse<\/strong>, consacr\u00e9 \u00e0 des activit\u00e9s de loisirs, \u00e0 des activit\u00e9s commerciales&nbsp;: nous pensons qu\u2019il faut pr\u00e9ciser qu\u2019en r\u00e9alit\u00e9 le choix n\u2019est pas seulement binaire, simpliste comme cela a \u00e9t\u00e9 pr\u00e9sent\u00e9 en commission&nbsp;:<\/p>\n\n\n\n<ul class=\"wp-block-list\"><li>Soit la gestion directe, o\u00f9 la M\u00e9tropole assurerait toutes les charges, toutes les fonctions et supporterait toutes les responsabilit\u00e9s<\/li><li>Soit la gestion d\u00e9l\u00e9gu\u00e9e \u00e0 un d\u00e9l\u00e9gataire, entreprise priv\u00e9e, qui elle supporterait toutes les charges financi\u00e8res et les charges de responsabilit\u00e9.<\/li><\/ul>\n\n\n\n<p>Ou tout l\u2019un ou tout l\u2019autre&nbsp;: NON &#8211; il y a aussi la possibilit\u00e9 de choisir une r\u00e9gie personnalis\u00e9e, par exemple avec signature d\u2019un contrat confiant l\u2019exploitation \u00e0 un tiers. Il y a aussi la possibilit\u00e9 de confier l\u2019exploitation \u00e0 une soci\u00e9t\u00e9 d\u2019\u00e9conomie mixte qui serait cr\u00e9\u00e9 par la m\u00e9tropole par exemple\u2026 Les services de la M\u00e9tropole tr\u00e8s comp\u00e9tents pour fournir les instruments appropri\u00e9s selon les choix politiques. Il existe aussi des formes de gestion permettant \u00e0 la personne publique de choisir autrement comme le march\u00e9 public d\u2019exploitation, ou la soci\u00e9t\u00e9 d\u2019\u00e9conomie mixte \u2026 Ren\u00e9 Revol nous a parl\u00e9 des r\u00e9gies, DES r\u00e9gies: il peut y avoir plusieurs sortes de r\u00e9gies. M. L\u00e9vita a longuement mis en perspective l&rsquo;affaire 13 avec l&rsquo;affaire 92 aujourd&rsquo;hui. <\/p>\n\n\n\n<p>Au-del\u00e0 de tout cela, surtout, il nous semble n\u00e9cessaire aujourd\u2019hui de nous interroger sur ce qui nous est pr\u00e9sent\u00e9 comme du \u00ab&nbsp;d\u00e9j\u00e0 fait&nbsp;\u00bb, comme une affaire termin\u00e9e&nbsp;: certains affirment qu\u2019il n\u2019est plus temps de remettre en cause cet \u00e9quipement, ce cadeau qui aurait \u00e9t\u00e9 fait il y a quelques ann\u00e9es \u00e0 la ville de Baillargues. Certes, le maire de Baillargues \u00e9tait Vice-Pr\u00e9sident d\u00e9l\u00e9gu\u00e9 aux sports et aux traditions sportives \u00e0 la M\u00e9tropole lors de la derni\u00e8re mandature\u2026 Certes, les d\u00e9cisions initiales avaient \u00e9t\u00e9 vot\u00e9es lors de l&rsquo;ancienne mandature.<\/p>\n\n\n\n<p>Mais en mati\u00e8re de s\u00e9curit\u00e9 publique, en mati\u00e8re de gestion des fonds publics, il est toujours temps de suspendre, au moins un temps, des projets pour en <strong>v\u00e9rifier le bien fond\u00e9<\/strong>. L\u2019ambition, l\u2019ambition pour le d\u00e9veloppement d\u2019un territoire, est un orgueil si elle n\u2019est pas fermement fond\u00e9e sur la recherche permanente de la satisfaction des int\u00e9r\u00eats de nos concitoyens et, avant tout, de leur s\u00e9curit\u00e9 et du bon usage des fonds publics\u2026 Car depuis que le conseil de M\u00e9tropole s\u2019est prononc\u00e9 il y a quelques ann\u00e9es, les circonstances de temps, et les circonstance de droit ont chang\u00e9. <strong>Et l\u2019humilit\u00e9 face aux risques s\u2019impose.&nbsp; La vigilance&nbsp;face aux dangers est n\u00e9cessaire<\/strong>.<\/p>\n\n\n\n<p>Ce bassin de r\u00e9tention est un \u00e9quipement construit en zone inondable. Nos connaissances ne se sont pas fig\u00e9es en 2014, 2015, 2016&nbsp;\u2026 <strong>Rien ne doit \u00eatre intangible lorsque la s\u00e9curit\u00e9 publique est en jeu<\/strong>. <strong>Rien ne doit \u00eatre intangible, rien n\u2019est grav\u00e9 dans le marbre<\/strong> quand il est question d\u2019\u00e9tude de danger (une prochaine doit \u00eatre faite&nbsp;: attendons-la!), quand il est question d\u2019\u00e9valuation environnementale, de pr\u00e9caution, de coh\u00e9rence pr\u00e9ventive. <strong>QUI&nbsp;ici dans notre assembl\u00e9e, a lu l\u2019\u00e9tude de danger<\/strong> (qui doit d\u2019ailleurs \u00eatre refaite prochainement)? Certainement pas plus d\u2019une ou deux personnes parmi les \u00e9lu-es qui vont aujourd\u2019hui engager leur responsabilit\u00e9 politique. <strong>QUI a vu l\u2019\u00e9valuation environnementale du projet&nbsp;? PERSONNE dans cette assembl\u00e9e&nbsp;: je crains qu\u2019elle n\u2019existe pas<\/strong>.<\/p>\n\n\n\n<p>En outre, je ne suis pas intervenue sur les aspects financiers apr\u00e8s vos paroles M. le Pr\u00e9sident, ce matin en tout d\u00e9but de Conseil. Le co\u00fbt de cette op\u00e9ration pourtant, interroge. Et il faut admettre qu&rsquo;il n&rsquo;est pas certain qu&rsquo;un tel \u00e9quipement sportif soit adapt\u00e9 \u00e0 la transformation des pratiques de loisir, aux \u00e9volutions sociales et \u00e9conomiques de notre soci\u00e9t\u00e9 en crise aujourd&rsquo;hui. Nous sommes ici responsables des cons\u00e9quences de notre vote.<\/p>\n\n\n\n<hr class=\"wp-block-separator is-style-wide\"\/>\n\n\n\n<h3 class=\"wp-block-heading\" id=\"Affaire-109\">Affaire 109 &#8211; Attribution de subventions dans le cadre de la th\u00e9matique \u00ab\u00a0Sports\u00a0\u00bb &#8211; Intervention de Celia Serrano sur les subventions accord\u00e9es aux clubs taurins<\/h3>\n\n\n\n<figure class=\"wp-block-embed is-type-video is-provider-youtube wp-block-embed-youtube wp-embed-aspect-16-9 wp-has-aspect-ratio\"><div class=\"wp-block-embed__wrapper\">\n<iframe loading=\"lazy\" title=\"Conseil de M\u00e9tropole du 29 mars 2021\" width=\"1080\" height=\"608\" src=\"https:\/\/www.youtube.com\/embed\/bQfTDdysUms?start=32495&#038;feature=oembed\"  allow=\"accelerometer; autoplay; clipboard-write; encrypted-media; gyroscope; picture-in-picture\" allowfullscreen><\/iframe>\n<\/div><\/figure>\n\n\n\n<p>Le groupe des \u00e9cologistes votera contre cette d\u00e9lib\u00e9ration \u00e0 cause des deux subventions attribu\u00e9es aux clubs taurins.<\/p>\n\n\n\n<p>C\u2019est dommage, parce que nous soutenons bien \u00e9videmment les subventions propos\u00e9es aux diff\u00e9rents clubs sportifs: nous reconnaissons l&rsquo;importance cruciale du sport, tant pour les b\u00e9n\u00e9fices physiques qu&rsquo;il apporte que pour les valeurs qu&rsquo;il peut v\u00e9hiculer: courage, esprit d&rsquo;\u00e9quipe, solidarit\u00e9, coop\u00e9ration&#8230;Aussi, nous aurions pr\u00e9f\u00e9r\u00e9 que les subventions \u00e0 destination des clubs taurins fassent l&rsquo;objet d&rsquo;une d\u00e9lib\u00e9ration distincte de celle-ci.<\/p>\n\n\n\n<p>Pour les \u00e9cologistes, notre collectivit\u00e9 ne peut subventionner l\u2019utilisation animale \u00e0 but de divertissement: les jeux taurins g\u00e9n\u00e8rent beaucoup de stress sur les animaux utilis\u00e9s, qui sont extraits de leur environnement naturel, assaillis par le public et toutes sortes de bruits et d\u2019interpellations diverses. Les animaux ne sont pas des objets de jeu, ils m\u00e9ritent le respect et la tranquillit\u00e9.<\/p>\n\n\n\n<p>Je le r\u00e9p\u00e8te : c\u2019est contraintes et contraints que nous votons contre cette d\u00e9lib\u00e9ration car nous soutenons bien \u00e9videmment toutes les subventions sportives.<\/p>\n","protected":false},"excerpt":{"rendered":"<p>109 projets d\u2019affaires \u00e9taient soumis au vote des conseiller-es m\u00e9tropolitain-es ce lundi 29 mars 2021. Les textes de ces affaires sont consultables en ligne: lire les projets d&rsquo;affaires et l\u2019ordre du jour (250Ko) Ci-dessous les affaires et interventions des \u00e9lu-es \u00e9cologistes: Affaire n\u00b02 : budget 2021 &#8211; Pr\u00e9sentation de Coralie Mantion Affaire n\u00b02: budget 2021 [&hellip;]<\/p>\n","protected":false},"author":6,"featured_media":10147,"comment_status":"open","ping_status":"open","sticky":false,"template":"","format":"standard","meta":{"_et_pb_use_builder":"","_et_pb_old_content":"","_et_gb_content_width":"","footnotes":""},"categories":[16],"tags":[],"class_list":["post-10998","post","type-post","status-publish","format-standard","has-post-thumbnail","hentry","category-les-conseils"],"_links":{"self":[{"href":"https:\/\/choisirlecologie.fr\/bienvenue\/wp-json\/wp\/v2\/posts\/10998","targetHints":{"allow":["GET"]}}],"collection":[{"href":"https:\/\/choisirlecologie.fr\/bienvenue\/wp-json\/wp\/v2\/posts"}],"about":[{"href":"https:\/\/choisirlecologie.fr\/bienvenue\/wp-json\/wp\/v2\/types\/post"}],"author":[{"embeddable":true,"href":"https:\/\/choisirlecologie.fr\/bienvenue\/wp-json\/wp\/v2\/users\/6"}],"replies":[{"embeddable":true,"href":"https:\/\/choisirlecologie.fr\/bienvenue\/wp-json\/wp\/v2\/comments?post=10998"}],"version-history":[{"count":45,"href":"https:\/\/choisirlecologie.fr\/bienvenue\/wp-json\/wp\/v2\/posts\/10998\/revisions"}],"predecessor-version":[{"id":11150,"href":"https:\/\/choisirlecologie.fr\/bienvenue\/wp-json\/wp\/v2\/posts\/10998\/revisions\/11150"}],"wp:featuredmedia":[{"embeddable":true,"href":"https:\/\/choisirlecologie.fr\/bienvenue\/wp-json\/wp\/v2\/media\/10147"}],"wp:attachment":[{"href":"https:\/\/choisirlecologie.fr\/bienvenue\/wp-json\/wp\/v2\/media?parent=10998"}],"wp:term":[{"taxonomy":"category","embeddable":true,"href":"https:\/\/choisirlecologie.fr\/bienvenue\/wp-json\/wp\/v2\/categories?post=10998"},{"taxonomy":"post_tag","embeddable":true,"href":"https:\/\/choisirlecologie.fr\/bienvenue\/wp-json\/wp\/v2\/tags?post=10998"}],"curies":[{"name":"wp","href":"https:\/\/api.w.org\/{rel}","templated":true}]}}