{"id":10679,"date":"2021-02-18T07:37:00","date_gmt":"2021-02-18T07:37:00","guid":{"rendered":"http:\/\/choisirlecologie.fr\/?p=10679"},"modified":"2022-07-28T14:10:10","modified_gmt":"2022-07-28T14:10:10","slug":"stephane-jouault-a-preside-son-premier-comite-arbre","status":"publish","type":"post","link":"https:\/\/choisirlecologie.fr\/bienvenue\/stephane-jouault-a-preside-son-premier-comite-arbre","title":{"rendered":"St\u00e9phane Jouault a pr\u00e9sid\u00e9 le premier \u00ab\u00a0Comit\u00e9 Arbre\u00a0\u00bb"},"content":{"rendered":"\n<figure class=\"wp-block-image size-large\"><img loading=\"lazy\" decoding=\"async\" width=\"1000\" height=\"561\" src=\"http:\/\/choisirlecologie.fr\/wp-content\/uploads\/2021\/02\/Charte-arbre-mtpl.jpg\" alt=\"\" class=\"wp-image-10690\" srcset=\"http:\/\/choisirlecologie.fr\/wp-content\/uploads\/2021\/02\/Charte-arbre-mtpl.jpg 1000w, http:\/\/choisirlecologie.fr\/wp-content\/uploads\/2021\/02\/Charte-arbre-mtpl-980x550.jpg 980w, http:\/\/choisirlecologie.fr\/wp-content\/uploads\/2021\/02\/Charte-arbre-mtpl-480x269.jpg 480w\" sizes=\"auto, (min-width: 0px) and (max-width: 480px) 480px, (min-width: 481px) and (max-width: 980px) 980px, (min-width: 981px) 1000px, 100vw\" \/><\/figure>\n\n\n\n<p>Dans le cadre du projet \u00ab\u00a0Montpellier ville nature\u00a0\u00bb, la municipalit\u00e9 a engag\u00e9 une s\u00e9rie de mesures pour v\u00e9g\u00e9taliser Montpellier et offrir une meilleure qualit\u00e9 de vie aux citoyens. <a href=\"https:\/\/www.montpellier.fr\/uploads\/Image\/99\/IMF_LARGE\/GAB_MPL\/38201_811_vcsPRAsset_3165929_128975_aeb11d81-1dc8-4a20-8be5-dba11d99b7b5_0.jpg\"><\/a><\/p>\n\n\n\n<p>La nouvelle charte de l&rsquo;arbre et la cr\u00e9ation du Comit\u00e9 Arbre, dont la premi\u00e8re s\u00e9ance s&rsquo;est tenue le 15 f\u00e9vrier 2021, constituent les premiers \u00e9l\u00e9ments du plan d&rsquo;actions de la Ville, qui,&nbsp;en compl\u00e9ment d\u2019un vaste programme de plantations de 50 000 arbres suppl\u00e9mentaires sur 10 ans dans le cadre de for\u00eats urbaines, a pour priorit\u00e9 la pr\u00e9servation du patrimoine arbor\u00e9.<\/p>\n\n\n\n<h3 class=\"wp-block-heading\">COMPOSITION ET VOCATION DU COMIT\u00c9 ARBRE<\/h3>\n\n\n\n<p>Le comit\u00e9 Arbre a pour vocation de donner un avis sur tous les projets d\u2019am\u00e9nagement qui impacteraient le patrimoine arbor\u00e9 existant, en particulier sur le domaine public.&nbsp;V\u00e9ritable instance de co-construction, l&rsquo;objectif de ce comit\u00e9, au-del\u00e0 de la sensibilisation, est d&rsquo;op\u00e9rer un changement profond vers un urbanisme qui prend en compte l&rsquo;existant. De fait, la richesse v\u00e9g\u00e9tale doit \u00eatre un \u00e9l\u00e9ment structurant \u00e0 conserver dans l&rsquo;urbanisation et ainsi trouver en permanence un \u00e9quilibre entre constructibilit\u00e9 et pr\u00e9servation des arbres.&nbsp;<\/p>\n\n\n\n<p>Le Comit\u00e9 Arbre est compos\u00e9 d\u2019\u00e9lus et d\u2019associations reconnues dans le domaine de la protection de la nature :<\/p>\n\n\n\n<ul class=\"wp-block-list\"><li><strong>St\u00e9phane JOUAULT, Pr\u00e9sident du Comit\u00e9 Arbre,<\/strong> Adjoint au Maire de Montpellier, d\u00e9l\u00e9gu\u00e9 \u00e0 la nature en ville et biodiversit\u00e9,<\/li><li>Maryse FAYE, Adjointe au Maire de Montpellier, d\u00e9l\u00e9gu\u00e9e \u00e0 l&rsquo;urbanisme durable et ma\u00eetrise fonci\u00e8re,<\/li><li>Laurent NISON, Adjoint au Maire de Montpellier, d\u00e9l\u00e9gu\u00e9 au grands travaux, embellissement de la ville et coordination des travaux,<\/li><li>Fr\u00e9d\u00e9ric LAFFORGUE, Vice-Pr\u00e9sident de Montpellier M\u00e9diterran\u00e9e M\u00e9tropole, d\u00e9l\u00e9gu\u00e9 \u00e0 la Voirie et \u00e0 l&rsquo;Espace Public,<\/li><li>Cl\u00e9ment LEMARCHAND de l&rsquo;Association des Ecologistes de l&rsquo;Euzi\u00e8re,<\/li><li>Nicolas SAULNIER de la Ligue pour la Protection des Oiseaux Occitanie,<\/li><li>Yves CARAGLIO du Centre de coop\u00e9ration internationale en recherche agronomique pour le d\u00e9veloppement (CIRAD).<\/li><\/ul>\n\n\n\n<p>La charte de l&rsquo;arbre est le texte de r\u00e9f\u00e9rence du Comit\u00e9 dont le tome 2 vient d&rsquo;\u00eatre publi\u00e9 sur <a href=\"https:\/\/www.montpellier.fr\/3448-arbre-en-ville.htm\">cette page.<\/a><\/p>\n\n\n\n<h2 class=\"wp-block-heading\" id=\"toced_headerH2_1\">Charte de l&rsquo;arbre de Montpellier<\/h2>\n\n\n\n<p><strong>R\u00e9actualis\u00e9e, c\u2019est un outil de r\u00e9f\u00e9rence des bonnes pratiques (et de ce qu\u2019il ne faut pas faire)&nbsp;<\/strong>pour guider les d\u00e9cideurs, ma\u00eetres d\u2019ouvrage, chefs de projets, paysagistes, urbanistes et architectes.&nbsp;Ouvrage de r\u00e9f\u00e9rence, il invite chacun \u00e0 repenser la place de la nature en ville et rappelle les nombreuses vertus de l\u2019arbre : climatiseurs naturels, purificateurs d\u2019air, outils de lien social\u2026&nbsp;<strong>La charte se compose de 2 volumes avec un volet p\u00e9dagogique qui a vocation \u00e0 \u00eatre partag\u00e9 avec tous les jardiniers montpelli\u00e9rains, amateurs et \u00e9clair\u00e9s.<\/strong><\/p>\n\n\n\n<p>Elle permettra \u00e0 chacun d\u2019<strong>acqu\u00e9rir une culture commune de l\u2019arbre dans la ville.<\/strong>&nbsp;Il s\u2019agit de<strong>&nbsp;partager une vision commune pour pr\u00e9server et enrichir notre patrimoine arbor\u00e9.<\/strong><\/p>\n\n\n\n<div class=\"wp-block-group\"><div class=\"wp-block-group__inner-container is-layout-flow wp-block-group-is-layout-flow\">\n<div class=\"wp-block-columns is-layout-flex wp-container-core-columns-is-layout-9d6595d7 wp-block-columns-is-layout-flex\">\n<div class=\"wp-block-column is-layout-flow wp-block-column-is-layout-flow\" style=\"flex-basis:100%\">\n<div class=\"wp-block-group\"><div class=\"wp-block-group__inner-container is-layout-flow wp-block-group-is-layout-flow\">\n<ul class=\"wp-block-list\"><li><a href=\"https:\/\/www.montpellier.fr\/include\/viewFile.php?idtf=998&amp;path=c2%2F998_380_6990_CDA_VOL1_210x297_84p_WEB.pdf\" target=\"_blank\" rel=\"noreferrer noopener\">T\u00e9l\u00e9charger la charte de l&rsquo;arbre<\/a>&nbsp;(volume 1)<\/li><\/ul>\n\n\n\n<ul class=\"wp-block-list\"><li><a href=\"https:\/\/www.montpellier.fr\/include\/viewFile.php?idtf=38199&amp;path=b4%2F38199_621_6990_CDA_VOL2_210x297_72p_WEB.pdf\" target=\"_blank\" rel=\"noreferrer noopener\">T\u00e9l\u00e9charger la charte de l&rsquo;arbre <\/a>(volume 2)<\/li><\/ul>\n\n\n\n<p><\/p>\n<\/div><\/div>\n<\/div>\n<\/div>\n<\/div><\/div>\n\n\n\n<hr class=\"wp-block-separator is-style-wide\"\/>\n\n\n\n<p><\/p>\n","protected":false},"excerpt":{"rendered":"<p>Dans le cadre du projet \u00ab\u00a0Montpellier ville nature\u00a0\u00bb, la municipalit\u00e9 a engag\u00e9 une s\u00e9rie de mesures pour v\u00e9g\u00e9taliser Montpellier et offrir une meilleure qualit\u00e9 de vie aux citoyens. La nouvelle charte de l&rsquo;arbre et la cr\u00e9ation du Comit\u00e9 Arbre, dont la premi\u00e8re s\u00e9ance s&rsquo;est tenue le 15 f\u00e9vrier 2021, constituent les premiers \u00e9l\u00e9ments du plan [&hellip;]<\/p>\n","protected":false},"author":6,"featured_media":10690,"comment_status":"open","ping_status":"open","sticky":false,"template":"","format":"standard","meta":{"_et_pb_use_builder":"","_et_pb_old_content":"","_et_gb_content_width":"","footnotes":""},"categories":[7,52,106],"tags":[54,53],"class_list":["post-10679","post","type-post","status-publish","format-standard","has-post-thumbnail","hentry","category-actualites","category-nature-en-ville","category-stephane-jouault","tag-charte-de-larbre","tag-stephane-jouault"],"_links":{"self":[{"href":"https:\/\/choisirlecologie.fr\/bienvenue\/wp-json\/wp\/v2\/posts\/10679","targetHints":{"allow":["GET"]}}],"collection":[{"href":"https:\/\/choisirlecologie.fr\/bienvenue\/wp-json\/wp\/v2\/posts"}],"about":[{"href":"https:\/\/choisirlecologie.fr\/bienvenue\/wp-json\/wp\/v2\/types\/post"}],"author":[{"embeddable":true,"href":"https:\/\/choisirlecologie.fr\/bienvenue\/wp-json\/wp\/v2\/users\/6"}],"replies":[{"embeddable":true,"href":"https:\/\/choisirlecologie.fr\/bienvenue\/wp-json\/wp\/v2\/comments?post=10679"}],"version-history":[{"count":7,"href":"https:\/\/choisirlecologie.fr\/bienvenue\/wp-json\/wp\/v2\/posts\/10679\/revisions"}],"predecessor-version":[{"id":10760,"href":"https:\/\/choisirlecologie.fr\/bienvenue\/wp-json\/wp\/v2\/posts\/10679\/revisions\/10760"}],"wp:featuredmedia":[{"embeddable":true,"href":"https:\/\/choisirlecologie.fr\/bienvenue\/wp-json\/wp\/v2\/media\/10690"}],"wp:attachment":[{"href":"https:\/\/choisirlecologie.fr\/bienvenue\/wp-json\/wp\/v2\/media?parent=10679"}],"wp:term":[{"taxonomy":"category","embeddable":true,"href":"https:\/\/choisirlecologie.fr\/bienvenue\/wp-json\/wp\/v2\/categories?post=10679"},{"taxonomy":"post_tag","embeddable":true,"href":"https:\/\/choisirlecologie.fr\/bienvenue\/wp-json\/wp\/v2\/tags?post=10679"}],"curies":[{"name":"wp","href":"https:\/\/api.w.org\/{rel}","templated":true}]}}