{"id":10645,"date":"2020-09-15T15:11:00","date_gmt":"2020-09-15T15:11:00","guid":{"rendered":"http:\/\/choisirlecologie.fr\/?p=10645"},"modified":"2021-04-13T06:27:18","modified_gmt":"2021-04-13T06:27:18","slug":"conseil-de-metropole-15-09-2020-les-dossiers-de-nos-elu-es-en-image-et-en-explications","status":"publish","type":"post","link":"https:\/\/choisirlecologie.fr\/bienvenue\/conseil-de-metropole-15-09-2020-les-dossiers-de-nos-elu-es-en-image-et-en-explications","title":{"rendered":"Conseil de M\u00e9tropole 15\/09\/2020 &#8211; Les dossiers de nos \u00e9lu-es en image et en explications"},"content":{"rendered":"\n<figure class=\"wp-block-embed is-type-video is-provider-youtube wp-block-embed-youtube wp-embed-aspect-16-9 wp-has-aspect-ratio\"><div class=\"wp-block-embed__wrapper\">\n<iframe loading=\"lazy\" title=\"Conseil de M\u00e9tropole du 15 septembre 2020\" width=\"1080\" height=\"608\" src=\"https:\/\/www.youtube.com\/embed\/VaGQ56tMvNk?start=6705&#038;feature=oembed\"  allow=\"accelerometer; autoplay; clipboard-write; encrypted-media; gyroscope; picture-in-picture\" allowfullscreen><\/iframe>\n<\/div><\/figure>\n\n\n\n<div class=\"wp-block-group\"><div class=\"wp-block-group__inner-container is-layout-flow wp-block-group-is-layout-flow\">\n<p class=\"has-very-light-gray-background-color has-background\">Affaire n\u00b010 : <em><strong>Am\u00e9nagement du quartier Cambac\u00e9r\u00e8s \u00e0 Montpellier &#8211; Cession foncier de diverses parcelles \u00e0 l&rsquo;am\u00e9nageur<\/strong><\/em>.<\/p>\n\n\n\n<p>Les \u00e9lu-es \u00e9cologistes se sont s&rsquo;abstenu-es sur cette affaire pour plusieurs raisons :<\/p>\n\n\n\n<p>\u00ab\u00a0<strong>Premi\u00e8rement, il est important de r\u00e9\u00e9quilibrer le territoire.<\/strong><\/p>\n\n\n\n<p>Depuis plusieurs d\u00e9cennies, Montpellier n\u2019a eu de cesse de favoriser et de s\u2019\u00e9tendre vers l\u2019est de Montpellier : installation d\u2019Odyss\u00e9um, cr\u00e9ation de nouveaux quartiers\u2026 Toutes les nouvelles attractivit\u00e9s ont \u00e9t\u00e9 implant\u00e9es dans cette zone au d\u00e9triment du nord-ouest. Le quartier de La Paillade a \u00e9t\u00e9 compl\u00e8tement d\u00e9laiss\u00e9. Et ce type de structures auraient \u00e9t\u00e9 les bienvenues dans ce quartier, pour y lancer une dynamique, provoquer un nouvel \u00e9lan.<\/p>\n\n\n\n<p><strong>Deuxi\u00e8mement, le site de Cambac\u00e9res aurait m\u00e9rit\u00e9 de conserver son caract\u00e8re naturel et agricole.<\/strong><\/p>\n\n\n\n<p>Nous savons l\u2019importance de conserver la ceinture verte de Montpellier, pour limiter la pollution de l\u2019air, avoir la nature \u00e0 port\u00e9 de main&#8230;<\/p>\n\n\n\n<p>Malheureusement, le projet est trop avanc\u00e9 pour \u00eatre stopp\u00e9. Les parcelles entre Odysseum et la nouvelle gare sont d\u00e9j\u00e0 viabilis\u00e9es (travaux de voiries et r\u00e9seaux effectu\u00e9s). L\u2019implantation de l\u2019\u00e9cole de commerce dans la zone Cambac\u00e9r\u00e8s 1 appartient aux \u00ab\u00a0coups d\u00e9j\u00e0 partis\u00a0\u00bb sur lesquels nous ne pouvons plus revenir.<\/p>\n\n\n\n<p>La planification territoriale, c\u2019est le temps long. L\u2019urbanisme, c\u2019est un paquebot dont on ne peut pas changer le cap en un claquement de doigt, en un seul coup de barre. Nous avons chang\u00e9 de mod\u00e8le. Notre projet de ville r\u00e9siliente est lanc\u00e9. L\u2019impact sera progressif et non imm\u00e9diat, mais notre objectif de z\u00e9ro artificialisation nette des sols pour 2030 sera atteint.<\/p>\n\n\n\n<p>La nouvelle \u00e9quipe a donc pr\u00e9vu de faire des modifications sur le projet initial de Cambac\u00e9r\u00e8s :<\/p>\n\n\n\n<p>1 &#8211; concernant le programme&nbsp;: <strong>Aucun logement ne sera construit dans cette zone.<\/strong><\/p>\n\n\n\n<p>2 &#8211; concernant la zone non-viabilis\u00e9e (qui s&rsquo;\u00e9tend de l\u2019avenue de La Mer Raymond Dugrand au Lyc\u00e9e Mend\u00e8s France): <strong>environ 100 hectares y seront sanctuaris\u00e9s<\/strong>. Nous projetons sur cette zone un <strong>agri-parc<\/strong> m\u00ealant agriculture et for\u00eat urbaine.<\/p>\n\n\n\n<p>Car, face \u00e0 l\u2019urgence climatique, il est primordial de lutter contre l\u2019artificialisation des sols, de favoriser une agriculture de proximit\u00e9, de cr\u00e9er des havres de fraicheur et des r\u00e9servoirs de biodiversit\u00e9.\u00a0\u00bb<\/p>\n<\/div><\/div>\n\n\n\n<hr class=\"wp-block-separator has-text-color has-background has-very-dark-gray-background-color has-very-dark-gray-color\"\/>\n\n\n\n<figure class=\"wp-block-embed is-type-video is-provider-youtube wp-block-embed-youtube wp-embed-aspect-16-9 wp-has-aspect-ratio\"><div class=\"wp-block-embed__wrapper\">\n<iframe loading=\"lazy\" title=\"Conseil de M\u00e9tropole du 15 septembre 2020\" width=\"1080\" height=\"608\" src=\"https:\/\/www.youtube.com\/embed\/VaGQ56tMvNk?start=7796&#038;feature=oembed\"  allow=\"accelerometer; autoplay; clipboard-write; encrypted-media; gyroscope; picture-in-picture\" allowfullscreen><\/iframe>\n<\/div><\/figure>\n\n\n\n<p class=\"has-very-light-gray-background-color has-background\">Affaires n\u00b0 23 \u00e0 25 : <strong>Fran\u00e7ois Vasquez<\/strong> (vice-pr\u00e9sident \u00e0 la Collecte, au tri, \u00e0 la valorisation des d\u00e9chets et \u00e0 la politique z\u00e9ro d\u00e9chet), pr\u00e9sente les 3 premi\u00e8res pierres de notre \u00e9difice en mati\u00e8re de lutte contre les d\u00e9chets, premi\u00e8res pierres d&rsquo;une politique volontariste et transversale, en rupture avec ce qui a \u00e9t\u00e9 fait auparavant &#8230;<\/p>\n\n\n\n<p><em>(rappel: chaque ann\u00e9e, 10 millions d&rsquo;euros sont imput\u00e9s en fonctionnement sur le budget m\u00e9tropolitain pour l&rsquo;exportation des d\u00e9chets, g\u00e9n\u00e9rant par ailleurs d&rsquo;importantes \u00e9missions de CO2 dues \u00e0 leur transport)<\/em>: <\/p>\n\n\n\n<ol class=\"wp-block-list\"><li><strong>nouveau programme de pr\u00e9vention<\/strong> &#8211;&gt; Montpellier M\u00e9tropole lance l&rsquo;\u00e9laboration d&rsquo;un nouveau programme local de pr\u00e9vention des d\u00e9chets m\u00e9nagers (PLPDMA) associant tous les acteurs concern\u00e9s: citoyens, associations, professionnels, organismes publics, collectivit\u00e9s et \u00c9tat<\/li><li><strong>soutien aux acteurs locaux du compostage<\/strong>: la M\u00e9tropole accorde une subvention de 4500\u20ac aux \u00ab\u00a0Semeurs de Jardins\u00a0\u00bb pour la cr\u00e9ation d\u2019une fili\u00e8re locale de valorisation des d\u00e9chets verts (broyat) au sein des jardins &#8211;&gt; transition agro\u00e9cologique + r\u00e9duction des d\u00e9chets et des co\u00fbts<\/li><li>projet de <strong>partenariat avec l&rsquo;Ademe et la R\u00e9gion<\/strong> visant la r\u00e9duction des biod\u00e9chets (qui repr\u00e9sentent 32% des ordures m\u00e9nag\u00e8res!) par le tri \u00e0 la source et la valorisation: compostage partag\u00e9 en pied d\u2019immeubles, broyage des d\u00e9chets verts et utilisation sur place, etc. Montpellier M\u00e9tropole sera candidate \u00e0 l&rsquo;appel \u00e0 projet de la R\u00e9gion Occitanie \u00ab\u00a0<a rel=\"noreferrer noopener\" href=\"https:\/\/www.laregion.fr\/AAP-tri-des-biodechets\" target=\"_blank\">G\u00e9n\u00e9raliser le tri \u00e0 la source des biod\u00e9chets en Occitanie<\/a>\u00a0\u00bb (d\u00e9p\u00f4t de candidature en octobre).<\/li><\/ol>\n\n\n\n<p>Lors d&rsquo;un futur conseil, la strat\u00e9gie Z\u00e9ro D\u00e9chet port\u00e9e par Fran\u00e7ois Vasquez sera pr\u00e9sent\u00e9e plus en d\u00e9tail et en \u00e9ch\u00e9ances. <\/p>\n","protected":false},"excerpt":{"rendered":"<p>Affaire n\u00b010 : Am\u00e9nagement du quartier Cambac\u00e9r\u00e8s \u00e0 Montpellier &#8211; Cession foncier de diverses parcelles \u00e0 l&rsquo;am\u00e9nageur. Les \u00e9lu-es \u00e9cologistes se sont s&rsquo;abstenu-es sur cette affaire pour plusieurs raisons : \u00ab\u00a0Premi\u00e8rement, il est important de r\u00e9\u00e9quilibrer le territoire. Depuis plusieurs d\u00e9cennies, Montpellier n\u2019a eu de cesse de favoriser et de s\u2019\u00e9tendre vers l\u2019est de Montpellier [&hellip;]<\/p>\n","protected":false},"author":6,"featured_media":10147,"comment_status":"open","ping_status":"open","sticky":false,"template":"","format":"standard","meta":{"_et_pb_use_builder":"","_et_pb_old_content":"","_et_gb_content_width":"","footnotes":""},"categories":[16],"tags":[],"class_list":["post-10645","post","type-post","status-publish","format-standard","has-post-thumbnail","hentry","category-les-conseils"],"_links":{"self":[{"href":"https:\/\/choisirlecologie.fr\/bienvenue\/wp-json\/wp\/v2\/posts\/10645","targetHints":{"allow":["GET"]}}],"collection":[{"href":"https:\/\/choisirlecologie.fr\/bienvenue\/wp-json\/wp\/v2\/posts"}],"about":[{"href":"https:\/\/choisirlecologie.fr\/bienvenue\/wp-json\/wp\/v2\/types\/post"}],"author":[{"embeddable":true,"href":"https:\/\/choisirlecologie.fr\/bienvenue\/wp-json\/wp\/v2\/users\/6"}],"replies":[{"embeddable":true,"href":"https:\/\/choisirlecologie.fr\/bienvenue\/wp-json\/wp\/v2\/comments?post=10645"}],"version-history":[{"count":1,"href":"https:\/\/choisirlecologie.fr\/bienvenue\/wp-json\/wp\/v2\/posts\/10645\/revisions"}],"predecessor-version":[{"id":10646,"href":"https:\/\/choisirlecologie.fr\/bienvenue\/wp-json\/wp\/v2\/posts\/10645\/revisions\/10646"}],"wp:featuredmedia":[{"embeddable":true,"href":"https:\/\/choisirlecologie.fr\/bienvenue\/wp-json\/wp\/v2\/media\/10147"}],"wp:attachment":[{"href":"https:\/\/choisirlecologie.fr\/bienvenue\/wp-json\/wp\/v2\/media?parent=10645"}],"wp:term":[{"taxonomy":"category","embeddable":true,"href":"https:\/\/choisirlecologie.fr\/bienvenue\/wp-json\/wp\/v2\/categories?post=10645"},{"taxonomy":"post_tag","embeddable":true,"href":"https:\/\/choisirlecologie.fr\/bienvenue\/wp-json\/wp\/v2\/tags?post=10645"}],"curies":[{"name":"wp","href":"https:\/\/api.w.org\/{rel}","templated":true}]}}